{"id":457413,"date":"2025-10-12T12:28:10","date_gmt":"2025-10-12T12:28:10","guid":{"rendered":"https:\/\/www.europesays.com\/fr\/457413\/"},"modified":"2025-10-12T12:28:10","modified_gmt":"2025-10-12T12:28:10","slug":"iris-mittenaere-provoque-un-malaise-dans-quelle-epoque-kev-adams-et-laury-thilleman-ne-savent-plus-quoi-dire-tu-maides","status":"publish","type":"post","link":"https:\/\/www.europesays.com\/fr\/457413\/","title":{"rendered":"Iris Mittenaere provoque un malaise dans \u00ab\u00a0Quelle \u00e9poque\u00a0\u00bb, Kev Adams et Laury Thilleman ne savent plus quoi dire : \u00ab\u00a0Tu m\u2019aides ?\u00a0\u00bb"},"content":{"rendered":"<p>      R\u00e9sum\u00e9<\/p>\n<p>Lors d&rsquo;une \u00e9mission, un moment de g\u00eane est survenu entre Laury Thilleman et Kev Adams \u00e0 la vue d&rsquo;une photo d&rsquo;Iris Mittenaere, r\u00e9v\u00e9lant des tensions inattendues.<\/p>\n<p>        Sommaire<\/p>\n<p>C&rsquo;\u00e9tait un club de Miss ce samedi dans <a href=\"https:\/\/vsd.fr\/tag\/quelle-epoque-2\/\" target=\"_blank\" rel=\"noopener\">Quelle \u00e9poque<\/a>. En effet, L\u00e9a Salam\u00e9 recevait Laury Thilleman pour la promo de son arriv\u00e9e \u00e0 Rendez-vous en terre inconnue. Ce mardi 14 octobre, <a href=\"https:\/\/www.public.fr\/jen-ai-parle-a-ma-femme-cyril-lignac-se-confie-sur-son-nouveau-duo-avec-laury-thilleman\" target=\"_blank\" rel=\"noopener\">l&rsquo;ancienne Miss va amener Cyril Lignac chez les Gauchos au Chili<\/a>, et <strong>va ainsi succ\u00e9der \u00e0 Rapha\u00ebl de Casabianca et Fr\u00e9d\u00e9ric Lopez<\/strong>. Dans quelques mois, elle am\u00e8nera \u00e9galement le com\u00e9dien St\u00e9phane de Groodt chez les Waujas br\u00e9siliens.<\/p>\n<p>Interrog\u00e9e sur les Miss et sur les affinit\u00e9s qu&rsquo;elle partage avec celles-ci, Laury Thilleman ne s&rsquo;attendait pas <strong>\u00e0 partager un tel moment de g\u00eane avec Kev Adams<\/strong>. Et pour cause&#8230; Ce dernier, invit\u00e9 aux c\u00f4t\u00e9s de <a href=\"https:\/\/www.public.fr\/chantal-ladesou-revient-sur-la-mort-tragique-de-son-fils-alix-a-27-ans-le-theatre-ma-sauvee\" target=\"_blank\" rel=\"noopener\">Chantal Ladesou<\/a> pour la promo de leur nouveau film Le Jour J, a partag\u00e9 pendant quelques mois la vie d&rsquo;Iris Mittenaere. Alors, forc\u00e9ment, quand la photo d&rsquo;Iris est arriv\u00e9e, ni l&rsquo;un, ni l&rsquo;autre, n&rsquo;a su vraiment quoi r\u00e9pondre.<\/p>\n<p>Laury Thilleman \u00e9logieuse avec toutes, sauf une&#8230;<\/p>\n<p>Si la g\u00eane de Kev Adams peut \u00eatre logique, celle de Laury Thilleman a surpris. La Miss s&rsquo;est montr\u00e9e \u00e9logieuse \u00e0 l&rsquo;\u00e9gard d&rsquo;Ang\u00e9lique Angarni-Filopon, Marine Lorphelin et <a href=\"https:\/\/www.public.fr\/camille-cerf-pluie-de-mensonges-sous-son-regne-miss-france\" target=\"_blank\" rel=\"noopener\">Camille Cerf<\/a>, mais a bott\u00e9 en touche concernant Iris Mittenaere. Sont-elles en bons termes ? Difficile de le certifier, au vu du blanc qui s&rsquo;est install\u00e9 en plateau. <strong>\u00ab\u00a0Je me retourne vers toi, t&rsquo;as un mot ? Tu m&rsquo;aides ou non ?\u00a0\u00bb<\/strong> a lanc\u00e9 Laury \u00e0 Kev Adams. Mais ce dernier n&rsquo;a aucunement eu envie de lui pr\u00eater main forte.<\/p>\n<p>En plateau, deux hommes connaissent eux aussi bien les Miss&#8230; Et pour cause, Arthur, <a href=\"https:\/\/www.public.fr\/si-je-viens-chez-toi-je-recois-des-menaces-de-mort-arthur-denonce-de-nouveau-ses-amis-du-showbiz-qui-lont-abandonne\" target=\"_blank\" rel=\"noopener\">venu pr\u00e9senter son livre<\/a> J&rsquo;ai perdu un b\u00e9douin dans Paris publi\u00e9 aux \u00e9ditions Grasset, <a href=\"https:\/\/www.public.fr\/noces-de-coco-mareva-galanter-devoile-des-images-inedites-de-son-mariage-avec-arthur\" target=\"_blank\" rel=\"noopener\">est l&rsquo;\u00e9poux de Mareva Galanter<\/a>. Hugo Cl\u00e9ment, qui a rejoint la bande de Quelle \u00e9poque (\u00e9mission qu&rsquo;il produit via sa soci\u00e9t\u00e9 Winter par ailleurs), <strong>est en couple depuis de longues ann\u00e9es avec Alexandra Rosenfeld<\/strong>. Interrog\u00e9e sur ces deux Miss, Laury Thilleman, forc\u00e9ment, s&rsquo;est montr\u00e9e plus prolixe qu&rsquo;avec Iris Mittenaere, \u00e0 laquelle elle a simplement reconnu un magnifique parcours \u00e0 Miss Univers ! Ambiance&#8230;<\/p>\n<p>      Mentionn\u00e9s dans cet article<\/p>\n<p>      Sur le m\u00eame sujet<\/p>\n","protected":false},"excerpt":{"rendered":"R\u00e9sum\u00e9 Lors d&rsquo;une \u00e9mission, un moment de g\u00eane est survenu entre Laury Thilleman et Kev Adams \u00e0 la&hellip;\n","protected":false},"author":2,"featured_media":457414,"comment_status":"","ping_status":"","sticky":false,"template":"","format":"standard","meta":{"footnotes":""},"categories":[1359],"tags":[13558,43364,17055,58,59,1011,27,30030,7308,6787,35154,40459,973],"class_list":{"0":"post-457413","1":"post","2":"type-post","3":"status-publish","4":"format-standard","5":"has-post-thumbnail","7":"category-people","8":"tag-alexandra-rosenfeld","9":"tag-angelique-angarni-filopon","10":"tag-camille-cerf","11":"tag-divertissement","12":"tag-entertainment","13":"tag-fr","14":"tag-france","15":"tag-hugo-clement","16":"tag-iris-mittenaere","17":"tag-kev-adams","18":"tag-laury-thilleman","19":"tag-marine-lorphelin","20":"tag-people"},"share_on_mastodon":{"url":"https:\/\/pubeurope.com\/@fr\/115361199242772936","error":""},"_links":{"self":[{"href":"https:\/\/www.europesays.com\/fr\/wp-json\/wp\/v2\/posts\/457413","targetHints":{"allow":["GET"]}}],"collection":[{"href":"https:\/\/www.europesays.com\/fr\/wp-json\/wp\/v2\/posts"}],"about":[{"href":"https:\/\/www.europesays.com\/fr\/wp-json\/wp\/v2\/types\/post"}],"author":[{"embeddable":true,"href":"https:\/\/www.europesays.com\/fr\/wp-json\/wp\/v2\/users\/2"}],"replies":[{"embeddable":true,"href":"https:\/\/www.europesays.com\/fr\/wp-json\/wp\/v2\/comments?post=457413"}],"version-history":[{"count":0,"href":"https:\/\/www.europesays.com\/fr\/wp-json\/wp\/v2\/posts\/457413\/revisions"}],"wp:featuredmedia":[{"embeddable":true,"href":"https:\/\/www.europesays.com\/fr\/wp-json\/wp\/v2\/media\/457414"}],"wp:attachment":[{"href":"https:\/\/www.europesays.com\/fr\/wp-json\/wp\/v2\/media?parent=457413"}],"wp:term":[{"taxonomy":"category","embeddable":true,"href":"https:\/\/www.europesays.com\/fr\/wp-json\/wp\/v2\/categories?post=457413"},{"taxonomy":"post_tag","embeddable":true,"href":"https:\/\/www.europesays.com\/fr\/wp-json\/wp\/v2\/tags?post=457413"}],"curies":[{"name":"wp","href":"https:\/\/api.w.org\/{rel}","templated":true}]}}