{"id":457417,"date":"2025-10-12T12:30:13","date_gmt":"2025-10-12T12:30:13","guid":{"rendered":"https:\/\/www.europesays.com\/fr\/457417\/"},"modified":"2025-10-12T12:30:13","modified_gmt":"2025-10-12T12:30:13","slug":"agnes-gruda-lenfant-que-jai-eu-limpression-de-laisser-derriere-moi-existe-t-il-encore-quelque-part","status":"publish","type":"post","link":"https:\/\/www.europesays.com\/fr\/457417\/","title":{"rendered":"Agn\u00e8s Gruda : \u00ab\u00a0L&rsquo;enfant que j&rsquo;ai eu l&rsquo;impression de laisser derri\u00e8re moi existe-t-il encore quelque part ?\u00a0\u00bb"},"content":{"rendered":"<p class=\"PopSlotParagraph qg-tx2 qg-xtra-lh svelte-1r0pyek\">Ce roman est une fresque familiale et historique, dans lequel la question de l&rsquo;exil est centrale. L&rsquo;auteure raconte \u00e0 quel point elle porte ce livre en elle depuis longtemps.<\/p>\n<p class=\"PopSlotParagraph qg-tx2 qg-xtra-lh svelte-1r0pyek\">\u00ab\u00a0Que serais-je devenue si j&rsquo;\u00e9tais rest\u00e9e, ou serais-je revenue si on \u00e9tait ailleurs, ou le petit enfant que j&rsquo;ai laiss\u00e9 derri\u00e8re moi existe-t-il encore quelque part\u00a0?\u00a0\u00bb Toutes ces questions, Agn\u00e8s Gruda se les pose depuis 1968, ann\u00e9e o\u00f9 sa famille a quitt\u00e9 la Pologne d&rsquo;un r\u00e9gime communiste dont l&rsquo;antis\u00e9mitisme devenait de plus en plus pesant. \u00ab\u00a0Je me rappelle tr\u00e8s pr\u00e9cis\u00e9ment du jour o\u00f9 ma maman m&rsquo;a dit &lsquo;on part pour toujours&rsquo; et je me souviens de la texture de ce mot &lsquo;toujours&rsquo; qui est absolument effrayant\u00a0\u00bb.<\/p>\n<p class=\"PopSlotParagraph qg-tx2 qg-xtra-lh svelte-1r0pyek\">D&rsquo;o\u00f9 le titre du roman, qui raconte le destin de 4\u00a0familles sur 3\u00a0continents. L&rsquo;une choisit de rester, les autres s&rsquo;installent au Canada, aux \u00c9tats-Unis et en Isra\u00ebl, en gardant malgr\u00e9 la distance un lien profond, renforc\u00e9 par la douleur de l&rsquo;exil. Une autre question traverse ce livre\u00a0: \u00ab\u00a0C&rsquo;est o\u00f9 chez moi\u00a0?\u00a0\u00bb<\/p>\n<p> Juifs chass\u00e9s de Pologne devenus goys en Isra\u00ebl<\/p>\n<p class=\"PopSlotParagraph qg-tx2 qg-xtra-lh svelte-1r0pyek\">Lors du premier retour en Pologne, les deux s\u0153urs qui ont \u00e9migr\u00e9 au Canada \u00ab\u00a0ressentent quelque chose de tr\u00e8s profond qui les fait se sentir vraiment chez elle\u00a0\u00bb. Agn\u00e8s Gruda, pour l&rsquo;avoir v\u00e9cu personnellement, d\u00e9crit tout ce qui fait ressentir les limites de l&rsquo;int\u00e9gration. C&rsquo;est aussi vrai\u00a0 pour la famille qui s&rsquo;installe en Isra\u00ebl. \u00ab\u00a0Les gens qui arrivaient de Pologne \u00e9taient per\u00e7us comme des goys, surtout s&rsquo;ils n&rsquo;\u00e9taient pas circoncis (ce qui \u00e9tait le cas de la plupart des gar\u00e7ons). On peut devenir goy en Isra\u00ebl apr\u00e8s avoir \u00e9t\u00e9 chass\u00e9 de Pologne en tant que Juif.\u00a0\u00bb<\/p>\n<p class=\"PopSlotParagraph qg-tx2 qg-xtra-lh svelte-1r0pyek\">Isra\u00ebl et les Territoires palestiniens, Agn\u00e8s Gruda y est all\u00e9 souvent comme reporter pour son journal au Canada. Et elle dit sa souffrance, son incompr\u00e9hension devant les bombardements qui ont suivi le massacre du 7\u00a0octobre. \u00ab\u00a0Si j&rsquo;avais commenc\u00e9 \u00e0 \u00e9crire mon livre au moment o\u00f9 la guerre a eu lieu, je ne sais pas si j&rsquo;aurais \u00e9t\u00e9 capable de l&rsquo;achever dans la s\u00e9r\u00e9nit\u00e9 ou si cela n&rsquo;aurait pas filtr\u00e9 d&rsquo;une fa\u00e7on quelconque dans mon r\u00e9cit. Cette guerre va nous marquer pour des d\u00e9cennies.\u00a0\u00bb<\/p>\n<p> Un exil universel<\/p>\n<p class=\"PopSlotParagraph qg-tx2 qg-xtra-lh svelte-1r0pyek\">Ce roman, \u00e0 la fois ample et intime, a obtenu le Prix du premier roman au festival du livre de Nancy. Il est s\u00e9lectionn\u00e9 pour d&rsquo;autres prix et Agn\u00e8s Gruda se dit particuli\u00e8rement touch\u00e9e par la r\u00e9action de certains lecteurs\u00a0: \u00ab\u00a0Ceux qui ont \u00e9migr\u00e9, comme moi, se sont reconnus dans ce livre, ils ont reconnu leurs parents. Cela me conforte dans mon ambition de parler de l&rsquo;exil de mani\u00e8re universelle.\u00a0\u00bb<\/p>\n<p class=\"PopSlotParagraph qg-tx2 qg-xtra-lh svelte-1r0pyek\">\u00c7a finit quand, toujours\u00a0? d&rsquo;Agn\u00e8s Gruda (\u00c9ditions des \u00e9quateurs).<\/p>\n","protected":false},"excerpt":{"rendered":"Ce roman est une fresque familiale et historique, dans lequel la question de l&rsquo;exil est centrale. L&rsquo;auteure raconte&hellip;\n","protected":false},"author":2,"featured_media":457418,"comment_status":"","ping_status":"","sticky":false,"template":"","format":"standard","meta":{"footnotes":""},"categories":[1357],"tags":[1379,58,59,1011,27,1380],"class_list":{"0":"post-457417","1":"post","2":"type-post","3":"status-publish","4":"format-standard","5":"has-post-thumbnail","7":"category-livres","8":"tag-books","9":"tag-divertissement","10":"tag-entertainment","11":"tag-fr","12":"tag-france","13":"tag-livres"},"share_on_mastodon":{"url":"https:\/\/pubeurope.com\/@fr\/115361207090773610","error":""},"_links":{"self":[{"href":"https:\/\/www.europesays.com\/fr\/wp-json\/wp\/v2\/posts\/457417","targetHints":{"allow":["GET"]}}],"collection":[{"href":"https:\/\/www.europesays.com\/fr\/wp-json\/wp\/v2\/posts"}],"about":[{"href":"https:\/\/www.europesays.com\/fr\/wp-json\/wp\/v2\/types\/post"}],"author":[{"embeddable":true,"href":"https:\/\/www.europesays.com\/fr\/wp-json\/wp\/v2\/users\/2"}],"replies":[{"embeddable":true,"href":"https:\/\/www.europesays.com\/fr\/wp-json\/wp\/v2\/comments?post=457417"}],"version-history":[{"count":0,"href":"https:\/\/www.europesays.com\/fr\/wp-json\/wp\/v2\/posts\/457417\/revisions"}],"wp:featuredmedia":[{"embeddable":true,"href":"https:\/\/www.europesays.com\/fr\/wp-json\/wp\/v2\/media\/457418"}],"wp:attachment":[{"href":"https:\/\/www.europesays.com\/fr\/wp-json\/wp\/v2\/media?parent=457417"}],"wp:term":[{"taxonomy":"category","embeddable":true,"href":"https:\/\/www.europesays.com\/fr\/wp-json\/wp\/v2\/categories?post=457417"},{"taxonomy":"post_tag","embeddable":true,"href":"https:\/\/www.europesays.com\/fr\/wp-json\/wp\/v2\/tags?post=457417"}],"curies":[{"name":"wp","href":"https:\/\/api.w.org\/{rel}","templated":true}]}}