{"id":457419,"date":"2025-10-12T12:31:11","date_gmt":"2025-10-12T12:31:11","guid":{"rendered":"https:\/\/www.europesays.com\/fr\/457419\/"},"modified":"2025-10-12T12:31:11","modified_gmt":"2025-10-12T12:31:11","slug":"jimmy-kimmel-se-paye-de-nouveau-la-tete-de-donald-trump-avec-delectation","status":"publish","type":"post","link":"https:\/\/www.europesays.com\/fr\/457419\/","title":{"rendered":"Jimmy Kimmel se paye de nouveau la t\u00eate de Donald Trump avec d\u00e9lectation"},"content":{"rendered":"<p>Jimmy Kimmel a plus d\u2019un tour dans son sac lorsqu\u2019il s\u2019agit de titiller <a href=\"https:\/\/www.20minutes.fr\/monde\/etats-unis\/4177875-20251008-etats-unis-laureats-nobel-2025-allume-politique-scientifique-trump\" target=\"_blank\" class=\"c-link c-link--is-underlined\" rel=\"noopener\">Donald Trump<\/a>. En d\u00e9but de semaine, l\u2019animateur a entam\u00e9 <a href=\"https:\/\/www.youtube.com\/watch?v=c1tjh_ZO_tY\" rel=\"nofollow noopener\" target=\"_blank\" class=\"c-link c-link--is-underlined\">son \u00e9mission<\/a> en r\u00e9agissant \u00e0 un sondage YouGov r\u00e9v\u00e9lant qu\u2019il b\u00e9n\u00e9ficie d\u2019un taux d\u2019approbation sup\u00e9rieur \u00e0 celui du pr\u00e9sident.<\/p>\n<p>Selon cette \u00e9tude, <a href=\"https:\/\/www.20minutes.fr\/arts-stars\/medias\/4175647-20250927-etats-unis-animateur-jimmy-kimmel-sauve-colere-populaire-retour-tele\" target=\"_blank\" class=\"c-link c-link--is-underlined\" rel=\"noopener\">le pr\u00e9sentateur de late show<\/a> obtient 44\u00a0% d\u2019opinions favorables contre 41\u00a0% pour Donald Trump. Son taux d\u2019opinions d\u00e9favorables s\u2019\u00e9l\u00e8ve \u00e0 41\u00a0%, tandis que celui du pr\u00e9sident atteint 54\u00a0%.<\/p>\n<p>\u00ab\u00a0Je suis plus populaire que le pr\u00e9sident des \u00c9tats-Unis\u00a0\u00bb, s\u2019est r\u00e9joui Jimmy Kimmel. \u00ab\u00a0Vous vous souvenez du type qui n\u2019arr\u00eate pas de dire que je n\u2019ai pas d\u2019audience\u00a0? Eh bien, maintenant, on est deux.\u00a0\u00bb<\/p>\n<p>L\u2019animateur a ajout\u00e9 que c\u2019\u00e9tait \u00ab\u00a0sympa\u00a0\u00bb, mais qu\u2019en consid\u00e9rant qu\u2019il n\u2019est \u00ab\u00a0pas un criminel condamn\u00e9\u00a0\u00bb doubl\u00e9 d\u2019un \u00ab\u00a0ami de <a href=\"https:\/\/www.20minutes.fr\/monde\/etats-unis\/4177515-20251006-affaire-epstein-cour-supreme-rejette-pourvoi-ghislaine-maxwell\" target=\"_blank\" class=\"c-link c-link--is-underlined\" rel=\"noopener\">Jeffrey Epstein<\/a>\u00a0\u00bb, son score devrait \u00eatre plus \u00e9lev\u00e9.<\/p>\n<p>Au cas o\u00f9 le clou n\u2019\u00e9tait pas assez enfonc\u00e9<\/p>\n<p>Jimmy Kimmel a \u00e9galement r\u00e9pondu \u00e0 un communiqu\u00e9 de la Maison-Blanche affirmant qu\u2019il \u00e9tait \u00ab\u00a0triste\u00a0\u00bb de constater que l\u2019animateur ait de mauvaises audiences et qu\u2019il \u00ab\u00a0priait chaque soir\u00a0\u00bb pour obtenir une fraction du soutien dont profite Donald Trump.<\/p>\n<p>\u00ab\u00a0Vous savez ce qui est triste\u00a0? Que le pr\u00e9sident ait un taux d\u2019approbation inf\u00e9rieur \u00e0 celui de Diddy\u00a0\u00bb, a r\u00e9torqu\u00e9 l\u2019animateur qui, ce soir-l\u00e0, tenait vraiment \u00e0 rappeler la proximit\u00e9 du locataire de la Maison-Blanche avec les plus grands d\u00e9linquants sexuels de la d\u00e9cennie.<\/p>\n<p>Critique de longue date de Donald Trump, Jimmy Kimmel a repris ses attaques de plus belle apr\u00e8s une suspension controvers\u00e9e qui, survenue fin septembre sous la pression de Donald Trump et ses soutiens, n\u2019aura dur\u00e9 que quelques jours, <a href=\"https:\/\/www.20minutes.fr\/arts-stars\/people\/4176740-20251004-disney-perdu-1-7-million-abonnes-suite-limogeage-expeditif-jimmy-kimmel\" target=\"_blank\" class=\"c-link c-link--is-underlined\" rel=\"noopener\">la pression des abonn\u00e9s aux cha\u00eenes Disney<\/a> pesant visiblement plus lourd qu\u2019un caprice pr\u00e9sidentiel.<\/p>\n","protected":false},"excerpt":{"rendered":"Jimmy Kimmel a plus d\u2019un tour dans son sac lorsqu\u2019il s\u2019agit de titiller Donald Trump. En d\u00e9but de&hellip;\n","protected":false},"author":2,"featured_media":457420,"comment_status":"","ping_status":"","sticky":false,"template":"","format":"standard","meta":{"footnotes":""},"categories":[1356],"tags":[520,58,75,59,73,1011,27,39997,973,252,1364,133],"class_list":{"0":"post-457419","1":"post","2":"type-post","3":"status-publish","4":"format-standard","5":"has-post-thumbnail","7":"category-television","8":"tag-disney","9":"tag-divertissement","10":"tag-donald-trump","11":"tag-entertainment","12":"tag-etats-unis","13":"tag-fr","14":"tag-france","15":"tag-jimmy-kimmel","16":"tag-people","17":"tag-television","18":"tag-tv","19":"tag-video"},"share_on_mastodon":{"url":"https:\/\/pubeurope.com\/@fr\/115361211061433504","error":""},"_links":{"self":[{"href":"https:\/\/www.europesays.com\/fr\/wp-json\/wp\/v2\/posts\/457419","targetHints":{"allow":["GET"]}}],"collection":[{"href":"https:\/\/www.europesays.com\/fr\/wp-json\/wp\/v2\/posts"}],"about":[{"href":"https:\/\/www.europesays.com\/fr\/wp-json\/wp\/v2\/types\/post"}],"author":[{"embeddable":true,"href":"https:\/\/www.europesays.com\/fr\/wp-json\/wp\/v2\/users\/2"}],"replies":[{"embeddable":true,"href":"https:\/\/www.europesays.com\/fr\/wp-json\/wp\/v2\/comments?post=457419"}],"version-history":[{"count":0,"href":"https:\/\/www.europesays.com\/fr\/wp-json\/wp\/v2\/posts\/457419\/revisions"}],"wp:featuredmedia":[{"embeddable":true,"href":"https:\/\/www.europesays.com\/fr\/wp-json\/wp\/v2\/media\/457420"}],"wp:attachment":[{"href":"https:\/\/www.europesays.com\/fr\/wp-json\/wp\/v2\/media?parent=457419"}],"wp:term":[{"taxonomy":"category","embeddable":true,"href":"https:\/\/www.europesays.com\/fr\/wp-json\/wp\/v2\/categories?post=457419"},{"taxonomy":"post_tag","embeddable":true,"href":"https:\/\/www.europesays.com\/fr\/wp-json\/wp\/v2\/tags?post=457419"}],"curies":[{"name":"wp","href":"https:\/\/api.w.org\/{rel}","templated":true}]}}