{"id":457421,"date":"2025-10-12T12:32:11","date_gmt":"2025-10-12T12:32:11","guid":{"rendered":"https:\/\/www.europesays.com\/fr\/457421\/"},"modified":"2025-10-12T12:32:11","modified_gmt":"2025-10-12T12:32:11","slug":"taylor-swift-jure-que-sa-chanson-sur-la-virilite-de-travis-kelce-se-voulait-totalement-innocente","status":"publish","type":"post","link":"https:\/\/www.europesays.com\/fr\/457421\/","title":{"rendered":"Taylor Swift jure que sa chanson sur la virilit\u00e9 de Travis Kelce se voulait \u00ab\u00a0totalement innocente\u00a0\u00bb"},"content":{"rendered":"<p>Taylor Swift a un peu de mal \u00e0 expliquer comment elle en est arriv\u00e9e l\u00e0. Sur son douzi\u00e8me album studio, <a href=\"https:\/\/www.20minutes.fr\/arts-stars\/culture\/musique\/4177142-20251004-nouvel-album-taylor-swift-affole-deja-compteurs-malgre-avis-partages\" target=\"_blank\" class=\"c-link c-link--is-underlined\" rel=\"nofollow noopener\">The Life of a Showgirl<\/a>, fra\u00eechement sorti, les fans se sont particuli\u00e8rement arr\u00eat\u00e9s sur les paroles de Wood, un titre disco a priori inoffensif.<\/p>\n<p>Parmi les ex\u00e9g\u00e8tes des paroles de l\u2019artiste, une interpr\u00e9tation fait consensus\u00a0: Wood (\u00ab bois\u00a0\u00bb en anglais) aborde de mani\u00e8re m\u00e9taphorique l\u2019anatomie intime de <a href=\"https:\/\/www.20minutes.fr\/arts-stars\/people\/4177661-20251007-taylor-swift-revele-comment-travis-kelce-distraite-avant-demande-mariage\" target=\"_blank\" class=\"c-link c-link--is-underlined\" rel=\"nofollow noopener\">Travis Kelce<\/a>, le fianc\u00e9 de Taylor Swift. Dans Wood, on peut effectivement entendre la chanteuse d\u00e9clarer avoir atteint de \u00ab\u00a0nouveaux sommets de virilit\u00e9\u00a0\u00bb (new heights, en anglais, qui est aussi le nom du podcast anim\u00e9 par Travis Kelce et son fr\u00e8re Jason), et tout \u00e7a sans \u00ab\u00a0avoir besoin de toucher du bois\u00a0\u00bb pour conjurer le sort.<\/p>\n<p>Sauf que, \u00e0 en croire <a href=\"https:\/\/www.20minutes.fr\/arts-stars\/people\/4176810-20251005-taylor-swift-devient-premiere-artiste-feminine-vendre-plus-100-millions-albums\" target=\"_blank\" class=\"c-link c-link--is-underlined\" rel=\"nofollow noopener\">la pop star<\/a>, il n\u2019y avait aucune arri\u00e8re-pens\u00e9e dans cette chanson qu\u2019elle assure avoir \u00e9crite compl\u00e8tement au premier degr\u00e9\u00a0!<\/p>\n<p>Quand l\u2019inspiration vous prend\u2026<\/p>\n<p>Dans <a href=\"https:\/\/www.youtube.com\/watch?v=-AlKKUtElzA\" rel=\"nofollow noopener\" target=\"_blank\" class=\"c-link c-link--is-underlined\">une interview<\/a> accord\u00e9e \u00e0 Jimmy Fallon pour la sortie de son album, Taylor Swift a tenu \u00e0 r\u00e9tablir la v\u00e9rit\u00e9 sur la gen\u00e8se du titre.<\/p>\n<p>\u00ab\u00a0J\u2019ai dit aux producteurs Max Martin et Shellback\u00a0: \u00ab\u00a0Je veux faire une chanson r\u00e9tro et intemporelle, et j\u2019ai cette id\u00e9e de paroles, &lsquo;je n\u2019ai pas besoin de toucher du bois&rsquo;, et \u00e7a parlerait de superstitions\u2026\u00a0\u00bb \u00c7a a vraiment commenc\u00e9 de mani\u00e8re tr\u00e8s innocente\u00a0!\u00a0\u00bb a confi\u00e9 la chanteuse.<\/p>\n<p>\u00ab\u00a0Je ne sais pas ce qui s\u2019est pass\u00e9, mec\u00a0\u00bb, a-t-elle poursuivi. \u00ab\u00a0On s\u2019est lanc\u00e9s, on a commenc\u00e9 \u00e0 kiffer l\u2019ambiance et je ne sais pas comment on en est arriv\u00e9s l\u00e0, mais j\u2019adore tellement cette chanson.\u00a0\u00bb<\/p>\n<p>Une explication \u00e0 laquelle on croit dur\u2026 comme du bois\u00a0!<\/p>\n","protected":false},"excerpt":{"rendered":"Taylor Swift a un peu de mal \u00e0 expliquer comment elle en est arriv\u00e9e l\u00e0. Sur son douzi\u00e8me&hellip;\n","protected":false},"author":2,"featured_media":457422,"comment_status":"","ping_status":"","sticky":false,"template":"","format":"standard","meta":{"footnotes":""},"categories":[1355],"tags":[1695,58,59,1011,27,1361,873,973,2713,133],"class_list":{"0":"post-457421","1":"post","2":"type-post","3":"status-publish","4":"format-standard","5":"has-post-thumbnail","7":"category-musique","8":"tag-chanson","9":"tag-divertissement","10":"tag-entertainment","11":"tag-fr","12":"tag-france","13":"tag-music","14":"tag-musique","15":"tag-people","16":"tag-taylor-swift","17":"tag-video"},"share_on_mastodon":{"url":"https:\/\/pubeurope.com\/@fr\/115361214957325963","error":""},"_links":{"self":[{"href":"https:\/\/www.europesays.com\/fr\/wp-json\/wp\/v2\/posts\/457421","targetHints":{"allow":["GET"]}}],"collection":[{"href":"https:\/\/www.europesays.com\/fr\/wp-json\/wp\/v2\/posts"}],"about":[{"href":"https:\/\/www.europesays.com\/fr\/wp-json\/wp\/v2\/types\/post"}],"author":[{"embeddable":true,"href":"https:\/\/www.europesays.com\/fr\/wp-json\/wp\/v2\/users\/2"}],"replies":[{"embeddable":true,"href":"https:\/\/www.europesays.com\/fr\/wp-json\/wp\/v2\/comments?post=457421"}],"version-history":[{"count":0,"href":"https:\/\/www.europesays.com\/fr\/wp-json\/wp\/v2\/posts\/457421\/revisions"}],"wp:featuredmedia":[{"embeddable":true,"href":"https:\/\/www.europesays.com\/fr\/wp-json\/wp\/v2\/media\/457422"}],"wp:attachment":[{"href":"https:\/\/www.europesays.com\/fr\/wp-json\/wp\/v2\/media?parent=457421"}],"wp:term":[{"taxonomy":"category","embeddable":true,"href":"https:\/\/www.europesays.com\/fr\/wp-json\/wp\/v2\/categories?post=457421"},{"taxonomy":"post_tag","embeddable":true,"href":"https:\/\/www.europesays.com\/fr\/wp-json\/wp\/v2\/tags?post=457421"}],"curies":[{"name":"wp","href":"https:\/\/api.w.org\/{rel}","templated":true}]}}