{"id":457425,"date":"2025-10-12T12:35:09","date_gmt":"2025-10-12T12:35:09","guid":{"rendered":"https:\/\/www.europesays.com\/fr\/457425\/"},"modified":"2025-10-12T12:35:09","modified_gmt":"2025-10-12T12:35:09","slug":"didier-deschamps-a-choisi-le-capitaine-des-bleus-face-a-lislande","status":"publish","type":"post","link":"https:\/\/www.europesays.com\/fr\/457425\/","title":{"rendered":"Didier Deschamps a choisi le capitaine des Bleus face \u00e0 l\u2019Islande"},"content":{"rendered":"<p>Le forfait de Kylian Mbapp\u00e9, habituel capitaine de l\u2019\u00e9quipe de <a href=\"https:\/\/www.footmercato.net\/selection\/france\/\" rel=\"nofollow noopener\" target=\"_blank\">France<\/a>, pour le reste du rassemblement avait laiss\u00e9 planer quelques doutes sur le joueur qui porterait le brassard face \u00e0 l\u2019Islande ce lundi soir, mais pas pour le s\u00e9lectionneur des Bleus. Interrog\u00e9 \u00e0 ce propos lors de l\u2019\u00e9mission T\u00e9l\u00e9foot, <a href=\"https:\/\/www.footmercato.net\/entraineur\/didier-deschamps\" rel=\"nofollow noopener\" target=\"_blank\">Didier Deschamps<\/a> n\u2019a pas eu le moindre doute lorsqu\u2019il a annonc\u00e9 le nom de ce nouveau capitaine.<\/p>\n<p>            La suite apr\u00e8s cette publicit\u00e9<\/p>\n<p>\u00ab Le capitaine sera donc absent demain en Islande, qui va porter le brassard ? Mike, a r\u00e9pondu l\u2019entra\u00eeneur tricolore sans h\u00e9sitation, avant d\u2019ajouter. Il a pris le relais quand Kylian (Mbapp\u00e9) est sorti vendredi. \u00bb Ce sera donc la premi\u00e8re fois que le portier de 30 ans, international fran\u00e7ais \u00e0 35 reprises, assumera le r\u00f4le de capitaine d\u00e8s le d\u00e9but de la partie.<\/p>\n<p>\n    Pub. le 12\/10\/2025 13:21<br \/>\n            &#8211; MAJ le 12\/10\/2025 14:13\n    <\/p>\n","protected":false},"excerpt":{"rendered":"Le forfait de Kylian Mbapp\u00e9, habituel capitaine de l\u2019\u00e9quipe de France, pour le reste du rassemblement avait laiss\u00e9&hellip;\n","protected":false},"author":2,"featured_media":135777,"comment_status":"","ping_status":"","sticky":false,"template":"","format":"standard","meta":{"footnotes":""},"categories":[9],"tags":[1011,27,60],"class_list":{"0":"post-457425","1":"post","2":"type-post","3":"status-publish","4":"format-standard","5":"has-post-thumbnail","7":"category-sports","8":"tag-fr","9":"tag-france","10":"tag-sports"},"share_on_mastodon":{"url":"https:\/\/pubeurope.com\/@fr\/115361226789838848","error":""},"_links":{"self":[{"href":"https:\/\/www.europesays.com\/fr\/wp-json\/wp\/v2\/posts\/457425","targetHints":{"allow":["GET"]}}],"collection":[{"href":"https:\/\/www.europesays.com\/fr\/wp-json\/wp\/v2\/posts"}],"about":[{"href":"https:\/\/www.europesays.com\/fr\/wp-json\/wp\/v2\/types\/post"}],"author":[{"embeddable":true,"href":"https:\/\/www.europesays.com\/fr\/wp-json\/wp\/v2\/users\/2"}],"replies":[{"embeddable":true,"href":"https:\/\/www.europesays.com\/fr\/wp-json\/wp\/v2\/comments?post=457425"}],"version-history":[{"count":0,"href":"https:\/\/www.europesays.com\/fr\/wp-json\/wp\/v2\/posts\/457425\/revisions"}],"wp:featuredmedia":[{"embeddable":true,"href":"https:\/\/www.europesays.com\/fr\/wp-json\/wp\/v2\/media\/135777"}],"wp:attachment":[{"href":"https:\/\/www.europesays.com\/fr\/wp-json\/wp\/v2\/media?parent=457425"}],"wp:term":[{"taxonomy":"category","embeddable":true,"href":"https:\/\/www.europesays.com\/fr\/wp-json\/wp\/v2\/categories?post=457425"},{"taxonomy":"post_tag","embeddable":true,"href":"https:\/\/www.europesays.com\/fr\/wp-json\/wp\/v2\/tags?post=457425"}],"curies":[{"name":"wp","href":"https:\/\/api.w.org\/{rel}","templated":true}]}}