{"id":457426,"date":"2025-10-12T12:36:14","date_gmt":"2025-10-12T12:36:14","guid":{"rendered":"https:\/\/www.europesays.com\/fr\/457426\/"},"modified":"2025-10-12T12:36:14","modified_gmt":"2025-10-12T12:36:14","slug":"une-p-lea-salame-nouveau-derapage-dans-son-emission-chantal-ladesou-en-roue-libre","status":"publish","type":"post","link":"https:\/\/www.europesays.com\/fr\/457426\/","title":{"rendered":"\u00ab\u00a0Une p\u2026\u00a0\u00bb, L\u00e9a Salam\u00e9, nouveau d\u00e9rapage dans son \u00e9mission, Chantal Ladesou en roue libre"},"content":{"rendered":"<p>      R\u00e9sum\u00e9<\/p>\n<p>Chantal Ladesou, fid\u00e8le \u00e0 elle-m\u00eame, \u00e9voque sans filtre son parcours atypique et les r\u00e9ticences de son p\u00e8re face \u00e0 sa carri\u00e8re d&rsquo;humoriste, entre rires et \u00e9motion.<\/p>\n<p>        Sommaire<\/p>\n<p><strong>Chantal Ladesou ne changera jamais&#8230; et c&rsquo;est pour \u00e7a qu&rsquo;on l&rsquo;aime !<\/strong> Invit\u00e9e de Quelle \u00e9poque ce samedi aux c\u00f4t\u00e9s de Kev Adams, l&rsquo;humoriste \u00e9tait venue assurer la promotion du Jour J, le nouveau film de Claude Zidi Jr. Dans ce dernier, <a href=\"https:\/\/www.public.fr\/mask-singer-le-nouveau-jury-de-la-prochaine-saison-devoile\" target=\"_blank\" rel=\"noopener\">les deux enqu\u00eateurs de Mask Singer<\/a> se retrouvent apr\u00e8s Maison de retraite, et donnent la r\u00e9plique \u00e0 de grands noms du cin\u00e9ma fran\u00e7ais <strong>comme Didier Bourdon, Cristiana Reali, Guy Lecluyse et m\u00eame Jarry<\/strong>.<\/p>\n<p>Apr\u00e8s cinquante ans de carri\u00e8re, Chantal Ladesou n&rsquo;a aucune envie de raccrocher. L&rsquo;humoriste continue de cartonner sur sc\u00e8ne, encha\u00eene les \u00e9missions de t\u00e9l\u00e9vision ainsi que les propositions artistiques en t\u00e9l\u00e9 comme au cin\u00e9ma. Et pourtant, tout n&rsquo;\u00e9tait pas aussi simple au d\u00e9but. Comme elle l&rsquo;explique \u00e0 <a href=\"https:\/\/www.public.fr\/lea-salame-quelle-epoque-six-mois-apres-le-depart-de-christophe-dechavanne-un-nouveau-complice-en-couple-avec-une-miss-france\" target=\"_blank\" rel=\"noopener\">L\u00e9a Salam\u00e9 et Hugo Cl\u00e9ment<\/a>, la septuag\u00e9naire a bien failli ne jamais faire carri\u00e8re. Son p\u00e8re, entrepreneur dans le b\u00e2timent, <strong>souhaitait qu&rsquo;elle reprenne le flambeau familial<\/strong>&#8230; Et il \u00e9tait hors de question pour lui qu&rsquo;elle int\u00e8gre ce milieu si particulier.<\/p>\n<p>Ainsi, pour expliquer les raisons qui ont conduit son p\u00e8re \u00e0 craindre le show-biz, <strong>Chantal Ladesou<\/strong> aurait pu d\u00e9tailler tout cela avec politesse&#8230; Mais l&rsquo;humoriste, \u00e9gale \u00e0 elle-m\u00eame, a expliqu\u00e9 les craintes de son p\u00e8re sans tact ni diplomatie : <strong>\u00ab\u00a0Il avait tr\u00e8s peur que je devienne une p***\u00a0\u00bb<\/strong> a-t-elle lanc\u00e9, cash, provoquant l&rsquo;hilarit\u00e9 et la consternation g\u00e9n\u00e9rale ! Une s\u00e9quence massivement relay\u00e9e sur X, et qui a beaucoup fait rire les internautes<\/p>\n<p>Chantal Ladesou n&rsquo;en a fait qu&rsquo;\u00e0 sa t\u00eate&#8230; et elle a eu raison<\/p>\n<p><strong>D\u00e8s l&rsquo;\u00e2ge de 7 ans<\/strong>, Chantal Ladesou, passionn\u00e9e par le th\u00e9\u00e2tre, s&rsquo;est inscrite seule au court d&rsquo;art dramatique du Nord. Elle n&rsquo;avait pr\u00e9venu personne de sa famille. Mais \u00e0 16 ans, Chantal Ladesou voit sa vie basculer et son r\u00eave s&rsquo;effondrer : <strong>sa maman meurt dans un accident de voiture<\/strong>, et son p\u00e8re la place dans une pension parisienne, o\u00f9 elle d\u00e9croche son baccalaur\u00e9at \u00e0 20 ans.<\/p>\n<p>Mais sa passion ne l&rsquo;a jamais quitt\u00e9e\u2026 Ni une, ni deux, le bac en poche, <strong>Chantal Ladesou rejoint le Conservatoire de Lille, puis le Cours Simon \u00e0 Paris<\/strong>. Rep\u00e9r\u00e9e par <a href=\"https:\/\/vsd.fr\/71253-philippe-bouvard-va-bien\/\" target=\"_blank\" rel=\"noopener\">Philippe Bouvard<\/a> dans un premier temps, qui lui fait faire des essais dans son Petit Th\u00e9\u00e2tre, elle acc\u00e8de \u00e0 la notori\u00e9t\u00e9 gr\u00e2ce \u00e0 <a href=\"https:\/\/www.public.fr\/vous-me-manquez-l-animateur-radio-historique-fabrice-fond-en-larmes-en-pleine-interview-son-plus-gros-regret-evoque\" target=\"_blank\" rel=\"noopener\">Fabrice<\/a>, quelques ann\u00e9es plus tard, en faisant ses classes dans La Classe. Quarante ans plus tard, Chantal Ladesou est l&rsquo;une des personnalit\u00e9s pr\u00e9f\u00e9r\u00e9es des Fran\u00e7ais, et une humoriste qui remplit toujours autant les salles.<\/p>\n<p>      Mentionn\u00e9s dans cet article<\/p>\n<p>      Sur le m\u00eame sujet<\/p>\n","protected":false},"excerpt":{"rendered":"R\u00e9sum\u00e9 Chantal Ladesou, fid\u00e8le \u00e0 elle-m\u00eame, \u00e9voque sans filtre son parcours atypique et les r\u00e9ticences de son p\u00e8re&hellip;\n","protected":false},"author":2,"featured_media":457427,"comment_status":"","ping_status":"","sticky":false,"template":"","format":"standard","meta":{"footnotes":""},"categories":[8],"tags":[6788,58,59,1011,27,594,6787,3806,2899,4495],"class_list":{"0":"post-457426","1":"post","2":"type-post","3":"status-publish","4":"format-standard","5":"has-post-thumbnail","7":"category-divertissement","8":"tag-chantal-ladesou","9":"tag-divertissement","10":"tag-entertainment","11":"tag-fr","12":"tag-france","13":"tag-france-2","14":"tag-kev-adams","15":"tag-lea-salame","16":"tag-prostitution","17":"tag-quelle-epoque"},"share_on_mastodon":{"url":"https:\/\/pubeurope.com\/@fr\/115361231189477669","error":""},"_links":{"self":[{"href":"https:\/\/www.europesays.com\/fr\/wp-json\/wp\/v2\/posts\/457426","targetHints":{"allow":["GET"]}}],"collection":[{"href":"https:\/\/www.europesays.com\/fr\/wp-json\/wp\/v2\/posts"}],"about":[{"href":"https:\/\/www.europesays.com\/fr\/wp-json\/wp\/v2\/types\/post"}],"author":[{"embeddable":true,"href":"https:\/\/www.europesays.com\/fr\/wp-json\/wp\/v2\/users\/2"}],"replies":[{"embeddable":true,"href":"https:\/\/www.europesays.com\/fr\/wp-json\/wp\/v2\/comments?post=457426"}],"version-history":[{"count":0,"href":"https:\/\/www.europesays.com\/fr\/wp-json\/wp\/v2\/posts\/457426\/revisions"}],"wp:featuredmedia":[{"embeddable":true,"href":"https:\/\/www.europesays.com\/fr\/wp-json\/wp\/v2\/media\/457427"}],"wp:attachment":[{"href":"https:\/\/www.europesays.com\/fr\/wp-json\/wp\/v2\/media?parent=457426"}],"wp:term":[{"taxonomy":"category","embeddable":true,"href":"https:\/\/www.europesays.com\/fr\/wp-json\/wp\/v2\/categories?post=457426"},{"taxonomy":"post_tag","embeddable":true,"href":"https:\/\/www.europesays.com\/fr\/wp-json\/wp\/v2\/tags?post=457426"}],"curies":[{"name":"wp","href":"https:\/\/api.w.org\/{rel}","templated":true}]}}