{"id":45743,"date":"2025-04-23T05:06:08","date_gmt":"2025-04-23T05:06:08","guid":{"rendered":"https:\/\/www.europesays.com\/fr\/45743\/"},"modified":"2025-04-23T05:06:08","modified_gmt":"2025-04-23T05:06:08","slug":"lyon-une-methode-par-le-jeu-pour-les-enfants-atteints-de-paralysie-cerebrale","status":"publish","type":"post","link":"https:\/\/www.europesays.com\/fr\/45743\/","title":{"rendered":"Lyon : une m\u00e9thode par le jeu pour les enfants atteints de paralysie c\u00e9r\u00e9brale"},"content":{"rendered":"<p>Auvergne-Rh\u00f4ne-Alpes fait partie des trois r\u00e9gions choisies pour proposer aux familles des stages de r\u00e9\u00e9ducation intensive, \u00e0 destination des enfants atteints de paralysie c\u00e9r\u00e9brale.<\/p>\n<p>Il est bient\u00f4t 9 heures ce mardi \u00e0 la Duch\u00e8re (Lyon 9e), et les premi\u00e8res familles arrivent. La seconde semaine de stage va pouvoir commencer. Une dizaine d&rsquo;enfants sont accueillis par les th\u00e9rapeutes, avec chanson de bienvenue. <\/p>\n<p>Ensuite, les enfants retrouvent leur espace d\u00e9di\u00e9. <b>Aaron, trois ans<\/b>, est entour\u00e9 de deux professionnelles qui vont l&rsquo;accompagner. <\/p>\n<p>\u00ab\u00a0C&rsquo;est une m\u00e9thode d&rsquo;apprentissage par le jeu, tr\u00e8s personnalis\u00e9e, qui lui pla\u00eet \u00e9norm\u00e9ment, sourit <b>Camille Fourr\u00e9<\/b>, sa maman. Apr\u00e8s ce long week-end de P\u00e2ques, il \u00e9tait impatient de revenir !\u00a0\u00bb<\/p>\n<p>Am\u00e9liorer la prise en charge des paralysies c\u00e9r\u00e9brales<\/p>\n<p>Comme les autres enfants du stage, Aaron est atteint de <b>paralysie c\u00e9r\u00e9brale<\/b>. La premi\u00e8re cause de handicap moteur chez l&rsquo;enfant. <\/p>\n<p>Pour suivre ce stage de deux semaines, toute la famille a fait le d\u00e9placement, depuis Toulouse. \u00ab\u00a0En une semaine, on voit d\u00e9j\u00e0 des progr\u00e8s sur sa posture\u00a0\u00bb, poursuit Camille Fourr\u00e9. <\/p>\n<p>\u00ab\u00a0Au tout d\u00e9but avec mon mari, on a couru apr\u00e8s tous les stages possibles car on voulait tout faire pour aider notre fils.\u00a0\u00bb Le couple s&rsquo;est finalement rapproch\u00e9 de la <b>Fondation Paralysie C\u00e9r\u00e9brale<\/b> pour ne pas se disperser. <\/p>\n<p>Aujourd&rsquo;hui, Camille Fourr\u00e9 milite pour un diagnostic pr\u00e9coce, mais aussi pour que ces stages soient plus accessibles. Celui que suit Aaron est pris en charge par la S\u00e9curit\u00e9 sociale, mais il ne s&rsquo;agit pour l&rsquo;instant que d&rsquo;une exp\u00e9rimentation. \u00ab\u00a0Et puis il faut tout de m\u00eame financer le logement sur place&#8230;\u00a0\u00bb<\/p>\n<p>Ces derni\u00e8res ann\u00e9es, la jeune maman a d\u00e9cid\u00e9 de partager son quotidien. Avec humour et beaucoup de tendresse, elle s&rsquo;exprime via <a class=\"url\" href=\"https:\/\/www.instagram.com\/mother_feucoeur\/\" target=\"_blank\" rel=\"nofollow noopener\">son compte Instagram<\/a>. Son livre, \u00ab\u00a0Un enfant (pas) comme les autres\u00a0\u00bb, est paru en mars dernier. <\/p>\n<p>Quant \u00e0 ses projets futurs, elle n&rsquo;en manque pas. \u00ab\u00a0Je profite de la sortie du livre qui est une exp\u00e9rience tr\u00e8s enrichissante. Et puis ce stage, nous sommes tr\u00e8s heureux qu&rsquo;Aaron puisse en b\u00e9n\u00e9ficier. J&rsquo;aimerais aider d&rsquo;autres parents \u00e0 se lancer, peut-\u00eatre, dans l&rsquo;\u00e9criture. Pour moi, cela a \u00e9t\u00e9 une vraie th\u00e9rapie.\u00a0\u00bb<\/p>\n<p>\n<script async src=\"\/\/www.instagram.com\/embed.js\"><\/script><\/p>\n","protected":false},"excerpt":{"rendered":"Auvergne-Rh\u00f4ne-Alpes fait partie des trois r\u00e9gions choisies pour proposer aux familles des stages de r\u00e9\u00e9ducation intensive, \u00e0 destination&hellip;\n","protected":false},"author":2,"featured_media":45744,"comment_status":"","ping_status":"","sticky":false,"template":"","format":"standard","meta":{"footnotes":""},"categories":[1889],"tags":[1111,11,2430,1777,674,1011,27,1943,2428,7629,12,25],"class_list":{"0":"post-45743","1":"post","2":"type-post","3":"status-publish","4":"format-standard","5":"has-post-thumbnail","7":"category-lyon","8":"tag-actu","9":"tag-actualites","10":"tag-auvergne-rhone-alpes","11":"tag-eu","12":"tag-europe","13":"tag-fr","14":"tag-france","15":"tag-handicap","16":"tag-lyon","17":"tag-maman","18":"tag-news","19":"tag-republique-francaise"},"share_on_mastodon":{"url":"https:\/\/pubeurope.com\/@fr\/114385544185095711","error":""},"_links":{"self":[{"href":"https:\/\/www.europesays.com\/fr\/wp-json\/wp\/v2\/posts\/45743","targetHints":{"allow":["GET"]}}],"collection":[{"href":"https:\/\/www.europesays.com\/fr\/wp-json\/wp\/v2\/posts"}],"about":[{"href":"https:\/\/www.europesays.com\/fr\/wp-json\/wp\/v2\/types\/post"}],"author":[{"embeddable":true,"href":"https:\/\/www.europesays.com\/fr\/wp-json\/wp\/v2\/users\/2"}],"replies":[{"embeddable":true,"href":"https:\/\/www.europesays.com\/fr\/wp-json\/wp\/v2\/comments?post=45743"}],"version-history":[{"count":0,"href":"https:\/\/www.europesays.com\/fr\/wp-json\/wp\/v2\/posts\/45743\/revisions"}],"wp:featuredmedia":[{"embeddable":true,"href":"https:\/\/www.europesays.com\/fr\/wp-json\/wp\/v2\/media\/45744"}],"wp:attachment":[{"href":"https:\/\/www.europesays.com\/fr\/wp-json\/wp\/v2\/media?parent=45743"}],"wp:term":[{"taxonomy":"category","embeddable":true,"href":"https:\/\/www.europesays.com\/fr\/wp-json\/wp\/v2\/categories?post=45743"},{"taxonomy":"post_tag","embeddable":true,"href":"https:\/\/www.europesays.com\/fr\/wp-json\/wp\/v2\/tags?post=45743"}],"curies":[{"name":"wp","href":"https:\/\/api.w.org\/{rel}","templated":true}]}}