{"id":457436,"date":"2025-10-12T12:41:13","date_gmt":"2025-10-12T12:41:13","guid":{"rendered":"https:\/\/www.europesays.com\/fr\/457436\/"},"modified":"2025-10-12T12:41:13","modified_gmt":"2025-10-12T12:41:13","slug":"comment-lamerique-de-trump-echappe-a-la-paralysie-apres-12-jours-de-shutdown","status":"publish","type":"post","link":"https:\/\/www.europesays.com\/fr\/457436\/","title":{"rendered":"Comment l\u2019Am\u00e9rique de Trump \u00e9chappe \u00e0 la paralysie apr\u00e8s 12 jours de \u00ab\u00a0shutdown\u00a0\u00bb"},"content":{"rendered":"<p>\n    Le sort de 3,3 millions de fonctionnaires f\u00e9d\u00e9raux affect\u00e9s par la paralysie budg\u00e9taire ne bouleverse gu\u00e8re l\u2019Am\u00e9ricain moyen. Donald Trump a trouv\u00e9 un moyen de payer 1,3 million de soldats, mais il licencie 4\u00a0200 agents de l\u2019\u00c9tat f\u00e9d\u00e9ral.<\/p>\n<p class=\"fig-paragraph\">La vie quotidienne de l\u2019Am\u00e9ricain moyen n\u2019est gu\u00e8re affect\u00e9e par le\u00a0<a href=\"http:\/\/www.lefigaro.fr\/international\/malgre-le-shutdown-donald-trump-ordonne-de-payer-leur-solde-aux-militaires-americains-20251011\" data-fig-type=\"NewsFlash\" data-gtm-custom-categorie=\"navigation\" data-gtm-custom-action=\"crossclick\" data-gtm-custom-label=\"Contextuel\" data-gtm-event=\"customEventSPE\" data-fig-domain=\"LEFIGARO\" target=\"_blank\" rel=\"noopener\">\u00ab\u00a0shutdown\u00a0\u00bb<\/a> \u00a0qui dure depuis le 1er octobre. C\u2019est m\u00eame pour cette raison que le blocage concernant quelque\u00a0<a href=\"http:\/\/www.lefigaro.fr\/flash-actu\/etats-unis-trump-remet-en-question-les-arrieres-de-salaire-des-fonctionnaires-engendres-par-le-shutdown-20251007\" data-fig-type=\"NewsFlash\" data-gtm-custom-categorie=\"navigation\" data-gtm-custom-action=\"crossclick\" data-gtm-custom-label=\"Contextuel\" data-gtm-event=\"customEventSPE\" data-fig-domain=\"LEFIGARO\" target=\"_blank\" rel=\"noopener\">3,3 millions de fonctionnaires f\u00e9d\u00e9raux<\/a>, dont 1,3 million dans les forces arm\u00e9es, se prolonge aussi longtemps.<\/p>\n<p class=\"fig-paragraph\">M\u00eame l\u2019annulation de milliers de vols chaque jour, en raison de l\u2019absence de dizaines d\u2019aiguilleurs du ciel \u00ab\u00a0pour des raisons de sant\u00e9\u00a0\u00bb, ce qui est en fait un moyen pour eux d\u2019\u00e9chapper \u00e0 leur r\u00e9quisition, ne paralyse pas le pays. Ni les \u00e9coles, ni les h\u00f4pitaux, ni les universit\u00e9s, ni les services d\u2019urgence ou de police locale ne sont directement concern\u00e9s par la crise, puisqu\u2019ils d\u00e9pendent soit de budgets d\u2019\u00c9tat, soit de ressources priv\u00e9es. Les bus, les m\u00e9tros et les trains circulent normalement. Le courrier est distribu\u00e9 comme d\u2019habitude.<\/p>\n<p class=\"fig-paragraph\">Aucune n\u00e9gociation n\u2019est engag\u00e9e entre R\u00e9publicains et D\u00e9mocrates pour r\u00e9soudre cette crise qui va entrer dans sa troisi\u00e8me semaine. L\u2019Am\u00e9rique s\u2019installe dans\u2026<\/p>\n<p class=\"fig-premium-paywall__infos\">\n        Cet article est r\u00e9serv\u00e9 aux abonn\u00e9s.        Il vous reste 83% \u00e0 d\u00e9couvrir.\n    <\/p>\n<p>                <img  data- alt=\"Le Figaro\" class=\"fig-img--complete fig-img\"\/><\/p>\n<p class=\"fig-premium-paywall__title\">J-100, Le Figaro f\u00eate ses 200 ans<\/p>\n<p class=\"fig-premium-paywall__subtitle\">Offre anniversaire : 2\u20ac\/mois pendant 200 semaines<\/p>\n<p class=\"fig-premium-paywall__connect\">\n                D\u00e9j\u00e0 abonn\u00e9\u00a0?                <a class=\"fig-premium-paywall__connect-link\" href=\"https:\/\/connect.lefigaro.fr\/login?client=horizon_web&amp;type=main&amp;redirect_uri=https%3A%2F%2Fwww.lefigaro.fr%2Fconjoncture%2Fcomment-l-amerique-de-trump-echappe-a-la-paralysie-apres-12-jours-de-shutdown-20251012\" data-js-gtm=\"{&quot;customCategorie&quot;: &quot;conversion&quot;, &quot;customAction&quot;: &quot;before_Landing_Connexion_paywall_auto&quot;, &quot;customLabel&quot;: &quot;bGVmaWdhcm8uZnJfXzFmMGE3M2ViLTAyODctNjZjZS05ZWE4LWI1ZjU4MzBmNDRkZF9fQXJ0aWNsZQ==_Comment l\u2019Am\u00e9rique de Trump \u00e9chappe \u00e0 la paralysie apr\u00e8s 12 jours de \u00ab\u00a0shutdown\u00a0\u00bb_156&quot;, &quot;customIDSPE&quot;: &quot;bGVmaWdhcm8uZnJfXzFmMGE3M2ViLTAyODctNjZjZS05ZWE4LWI1ZjU4MzBmNDRkZF9fQXJ0aWNsZQ==&quot;, &quot;event&quot;: &quot;customEventSPE&quot;}\" target=\"_blank\" rel=\"noopener\"><br \/>\n                    Connectez-vous<br \/>\n                <\/a>\n            <\/p>\n","protected":false},"excerpt":{"rendered":"Le sort de 3,3 millions de fonctionnaires f\u00e9d\u00e9raux affect\u00e9s par la paralysie budg\u00e9taire ne bouleverse gu\u00e8re l\u2019Am\u00e9ricain moyen.&hellip;\n","protected":false},"author":2,"featured_media":457437,"comment_status":"","ping_status":"","sticky":false,"template":"","format":"standard","meta":{"footnotes":""},"categories":[2],"tags":[55322,11,75,73,1011,27,12],"class_list":{"0":"post-457436","1":"post","2":"type-post","3":"status-publish","4":"format-standard","5":"has-post-thumbnail","7":"category-actualites","8":"tag-shutdown","9":"tag-actualites","10":"tag-donald-trump","11":"tag-etats-unis","12":"tag-fr","13":"tag-france","14":"tag-news"},"share_on_mastodon":{"url":"https:\/\/pubeurope.com\/@fr\/115361250385300612","error":""},"_links":{"self":[{"href":"https:\/\/www.europesays.com\/fr\/wp-json\/wp\/v2\/posts\/457436","targetHints":{"allow":["GET"]}}],"collection":[{"href":"https:\/\/www.europesays.com\/fr\/wp-json\/wp\/v2\/posts"}],"about":[{"href":"https:\/\/www.europesays.com\/fr\/wp-json\/wp\/v2\/types\/post"}],"author":[{"embeddable":true,"href":"https:\/\/www.europesays.com\/fr\/wp-json\/wp\/v2\/users\/2"}],"replies":[{"embeddable":true,"href":"https:\/\/www.europesays.com\/fr\/wp-json\/wp\/v2\/comments?post=457436"}],"version-history":[{"count":0,"href":"https:\/\/www.europesays.com\/fr\/wp-json\/wp\/v2\/posts\/457436\/revisions"}],"wp:featuredmedia":[{"embeddable":true,"href":"https:\/\/www.europesays.com\/fr\/wp-json\/wp\/v2\/media\/457437"}],"wp:attachment":[{"href":"https:\/\/www.europesays.com\/fr\/wp-json\/wp\/v2\/media?parent=457436"}],"wp:term":[{"taxonomy":"category","embeddable":true,"href":"https:\/\/www.europesays.com\/fr\/wp-json\/wp\/v2\/categories?post=457436"},{"taxonomy":"post_tag","embeddable":true,"href":"https:\/\/www.europesays.com\/fr\/wp-json\/wp\/v2\/tags?post=457436"}],"curies":[{"name":"wp","href":"https:\/\/api.w.org\/{rel}","templated":true}]}}