{"id":457442,"date":"2025-10-12T12:47:04","date_gmt":"2025-10-12T12:47:04","guid":{"rendered":"https:\/\/www.europesays.com\/fr\/457442\/"},"modified":"2025-10-12T12:47:04","modified_gmt":"2025-10-12T12:47:04","slug":"les-espoirs-veulent-ouvrir-leur-compteur","status":"publish","type":"post","link":"https:\/\/www.europesays.com\/fr\/457442\/","title":{"rendered":"les espoirs veulent ouvrir leur compteur"},"content":{"rendered":"<p>Inutile de chercher plus loin le chiffre cl\u00e9 du d\u00e9but de saison de l\u2019\u00e9quipe espoir du SLUC\u00a0: c\u2019est le chiffre 2\u00a0! 2, comme l\u2019\u00e9cart avec lequel la formation de Pierre Verdi\u00e8re a perdu ses deux premiers matches de championnat, \u00e0 Villeurbanne (72-70), puis face \u00e0 Bourg-en-Bresse, samedi dernier (67-69).<\/p>\n<p>Sur le papier, l\u2019adversaire que les co\u00e9quipiers d\u2019Alexandre Nfomoum-Lomby vont croiser ce samedi apr\u00e8s-midi (14h30) semble plus accessible. Le promu Boulazac qui compte \u00e9galement deux d\u00e9faites au compteur, contre Saint-Quentin (-1), puis \u00e0 Cholet (-21). Une victoire de\u2026 deux points suffirait sans doute au bonheur des Nanc\u00e9iens.<\/p>\n","protected":false},"excerpt":{"rendered":"Inutile de chercher plus loin le chiffre cl\u00e9 du d\u00e9but de saison de l\u2019\u00e9quipe espoir du SLUC\u00a0: c\u2019est&hellip;\n","protected":false},"author":2,"featured_media":457443,"comment_status":"","ping_status":"","sticky":false,"template":"","format":"standard","meta":{"footnotes":""},"categories":[9635],"tags":[1111,11,1791,1704,1777,674,107,1701,1011,27,775,1702,1703,12,25,11567,517,1700],"class_list":{"0":"post-457442","1":"post","2":"type-post","3":"status-publish","4":"format-standard","5":"has-post-thumbnail","7":"category-nancy","8":"tag-actu","9":"tag-actualites","10":"tag-basket-ball","11":"tag-edition-nancy-et-agglomeration","12":"tag-eu","13":"tag-europe","14":"tag-fil-info","15":"tag-fil-info-sport","16":"tag-fr","17":"tag-france","18":"tag-grand-est","19":"tag-nancy","20":"tag-nancy-ville-54b","21":"tag-news","22":"tag-republique-francaise","23":"tag-sluc","24":"tag-sport","25":"tag-sport-lorrain"},"share_on_mastodon":{"url":"https:\/\/pubeurope.com\/@fr\/115361273794979278","error":""},"_links":{"self":[{"href":"https:\/\/www.europesays.com\/fr\/wp-json\/wp\/v2\/posts\/457442","targetHints":{"allow":["GET"]}}],"collection":[{"href":"https:\/\/www.europesays.com\/fr\/wp-json\/wp\/v2\/posts"}],"about":[{"href":"https:\/\/www.europesays.com\/fr\/wp-json\/wp\/v2\/types\/post"}],"author":[{"embeddable":true,"href":"https:\/\/www.europesays.com\/fr\/wp-json\/wp\/v2\/users\/2"}],"replies":[{"embeddable":true,"href":"https:\/\/www.europesays.com\/fr\/wp-json\/wp\/v2\/comments?post=457442"}],"version-history":[{"count":0,"href":"https:\/\/www.europesays.com\/fr\/wp-json\/wp\/v2\/posts\/457442\/revisions"}],"wp:featuredmedia":[{"embeddable":true,"href":"https:\/\/www.europesays.com\/fr\/wp-json\/wp\/v2\/media\/457443"}],"wp:attachment":[{"href":"https:\/\/www.europesays.com\/fr\/wp-json\/wp\/v2\/media?parent=457442"}],"wp:term":[{"taxonomy":"category","embeddable":true,"href":"https:\/\/www.europesays.com\/fr\/wp-json\/wp\/v2\/categories?post=457442"},{"taxonomy":"post_tag","embeddable":true,"href":"https:\/\/www.europesays.com\/fr\/wp-json\/wp\/v2\/tags?post=457442"}],"curies":[{"name":"wp","href":"https:\/\/api.w.org\/{rel}","templated":true}]}}