{"id":457456,"date":"2025-10-12T12:58:07","date_gmt":"2025-10-12T12:58:07","guid":{"rendered":"https:\/\/www.europesays.com\/fr\/457456\/"},"modified":"2025-10-12T12:58:07","modified_gmt":"2025-10-12T12:58:07","slug":"saint-gregoire-le-college-et-le-lycee-labellises-eco-ecole-2","status":"publish","type":"post","link":"https:\/\/www.europesays.com\/fr\/457456\/","title":{"rendered":"Saint-Gr\u00e9goire. Le coll\u00e8ge et le lyc\u00e9e labellis\u00e9s \u00c9co-\u00e9cole"},"content":{"rendered":"<p>Les \u00e9l\u00e8ves \u00e9cod\u00e9l\u00e9gu\u00e9s du coll\u00e8ge Immacul\u00e9e et du lyc\u00e9e Jean-Paul II se sont vus remettre le label \u00c9co-\u00e9cole de niveau platine et l\u2019attestation acad\u00e9mique d\u2019\u00e9cod\u00e9l\u00e9gu\u00e9s.<\/p>\n<p>Durant une heure, les \u00e9l\u00e8ves ont pr\u00e9sent\u00e9 \u00e0 la direction l\u2019ensemble des projets effectu\u00e9s l\u2019an pass\u00e9. \u00a0Sur soixante\u00a0\u00e9tablissements labellis\u00e9s cette ann\u00e9e en Bretagne, nos \u00e9tablissements sont les seuls \u00e0 avoir acc\u00e9d\u00e9 au niveau platine, assure Marc Lorcy, r\u00e9f\u00e9rent du projet.\u00a0Ce niveau ne repr\u00e9sente pas un but en soi. Il indique que, par ce qui a \u00e9t\u00e9 mis en place, notre \u00e9tablissement avance petit \u00e0 petit vers un fonctionnement \u00e9coresponsable.\u00a0 Plantation de bulbes, r\u00e9alisation de smoothies, ramassage de d\u00e9chets ou encore mise en place d\u2019une serre p\u00e9dagogique sont quelques exemples des activit\u00e9s d\u00e9j\u00e0 propos\u00e9es au sein du groupe scolaire.<\/p>\n<p>\u00a0<\/p>\n","protected":false},"excerpt":{"rendered":"Les \u00e9l\u00e8ves \u00e9cod\u00e9l\u00e9gu\u00e9s du coll\u00e8ge Immacul\u00e9e et du lyc\u00e9e Jean-Paul II se sont vus remettre le label \u00c9co-\u00e9cole&hellip;\n","protected":false},"author":2,"featured_media":453121,"comment_status":"","ping_status":"","sticky":false,"template":"","format":"standard","meta":{"footnotes":""},"categories":[2821],"tags":[1111,11,829,1124,57863,1777,674,1011,27,57862,2633,12,584,25,5372],"class_list":{"0":"post-457456","1":"post","2":"type-post","3":"status-publish","4":"format-standard","5":"has-post-thumbnail","7":"category-rennes","8":"tag-actu","9":"tag-actualites","10":"tag-bretagne","11":"tag-college","12":"tag-eco-ecole","13":"tag-eu","14":"tag-europe","15":"tag-fr","16":"tag-france","17":"tag-labellises","18":"tag-lycee","19":"tag-news","20":"tag-rennes","21":"tag-republique-francaise","22":"tag-saint-gregoire"},"share_on_mastodon":{"url":"https:\/\/pubeurope.com\/@fr\/115361317096226734","error":""},"_links":{"self":[{"href":"https:\/\/www.europesays.com\/fr\/wp-json\/wp\/v2\/posts\/457456","targetHints":{"allow":["GET"]}}],"collection":[{"href":"https:\/\/www.europesays.com\/fr\/wp-json\/wp\/v2\/posts"}],"about":[{"href":"https:\/\/www.europesays.com\/fr\/wp-json\/wp\/v2\/types\/post"}],"author":[{"embeddable":true,"href":"https:\/\/www.europesays.com\/fr\/wp-json\/wp\/v2\/users\/2"}],"replies":[{"embeddable":true,"href":"https:\/\/www.europesays.com\/fr\/wp-json\/wp\/v2\/comments?post=457456"}],"version-history":[{"count":0,"href":"https:\/\/www.europesays.com\/fr\/wp-json\/wp\/v2\/posts\/457456\/revisions"}],"wp:featuredmedia":[{"embeddable":true,"href":"https:\/\/www.europesays.com\/fr\/wp-json\/wp\/v2\/media\/453121"}],"wp:attachment":[{"href":"https:\/\/www.europesays.com\/fr\/wp-json\/wp\/v2\/media?parent=457456"}],"wp:term":[{"taxonomy":"category","embeddable":true,"href":"https:\/\/www.europesays.com\/fr\/wp-json\/wp\/v2\/categories?post=457456"},{"taxonomy":"post_tag","embeddable":true,"href":"https:\/\/www.europesays.com\/fr\/wp-json\/wp\/v2\/tags?post=457456"}],"curies":[{"name":"wp","href":"https:\/\/api.w.org\/{rel}","templated":true}]}}