{"id":457457,"date":"2025-10-12T12:59:16","date_gmt":"2025-10-12T12:59:16","guid":{"rendered":"https:\/\/www.europesays.com\/fr\/457457\/"},"modified":"2025-10-12T12:59:16","modified_gmt":"2025-10-12T12:59:16","slug":"direct-video-tout-rennes-court-semi-marathon-10-km-suivez-les-courses-en-live-sport","status":"publish","type":"post","link":"https:\/\/www.europesays.com\/fr\/457457\/","title":{"rendered":"DIRECT VIDEO. Tout Rennes Court : semi-marathon, 10 km&#8230; Suivez les courses en live . Sport"},"content":{"rendered":"<p>Tout Rennes Court 44e \u00e9dition, c\u2019est parti\u00a0! Samedi, l\u2019\u00e9v\u00e9nement a commenc\u00e9 par la marche solidaire qui a r\u00e9uni plusieurs milliers de personnes dans le centre-ville de Rennes. Les coureurs du dimanche, eux, en ont profit\u00e9 pour r\u00e9cup\u00e9rer leur dossard avant les courses qui d\u00e9marrent ce dimanche 12\u00a0octobre au matin.<\/p>\n<p><strong>Lire aussi\u00a0:<\/strong>\u00a0<a href=\"https:\/\/rennes.maville.com\/sport\/detail_-running.-30-000-participants-attendus-pour-la-44e-edition-de-tout-rennes-court-dimanche-12-octobre-_7-7007906_actu.Htm\" target=\"_self\" rel=\"nofollow noopener\">30\u00a0000\u00a0participants attendus pour la 44e \u00e9dition de Tout Rennes Court, dimanche 12\u00a0octobre<\/a><\/p>\n<p>C\u2019est le semi-marathon qui ouvre le bal d\u00e8s 9\u00a0h, avec 5\u00a0000\u00a0coureurs au d\u00e9part. Suivront ensuite les sept autres courses\u00a0: le 10\u00a0km, le 5\u00a0km, les trois courses jeunes (poussins, benjamins, minimes) avant la conclusion de la journ\u00e9e, \u00e0 partir de 16\u00a0h\u00a030, avec le match interclubs autour de l\u2019esplanade Charles-de-Gaulle.<\/p>\n<p>TVR diffuse l\u2019\u00e9v\u00e9nement en direct, notamment les trois courses majeures\u00a0: le semi, le 10\u00a0km et le match interclubs. Des rendez-vous que nous vous proposons de suivre \u00e9galement sur notre site internet.<\/p>\n<p>Bon visionnage.<\/p>\n<p>\u00a0<\/p>\n","protected":false},"excerpt":{"rendered":"Tout Rennes Court 44e \u00e9dition, c\u2019est parti\u00a0! Samedi, l\u2019\u00e9v\u00e9nement a commenc\u00e9 par la marche solidaire qui a r\u00e9uni&hellip;\n","protected":false},"author":2,"featured_media":457458,"comment_status":"","ping_status":"","sticky":false,"template":"","format":"standard","meta":{"footnotes":""},"categories":[2821],"tags":[1111,11,1438,2063,829,1777,674,1011,27,1922,1393,2487,12,1404,584,25,2923,4251,853],"class_list":{"0":"post-457457","1":"post","2":"type-post","3":"status-publish","4":"format-standard","5":"has-post-thumbnail","7":"category-rennes","8":"tag-actu","9":"tag-actualites","10":"tag-angers","11":"tag-annonces","12":"tag-bretagne","13":"tag-eu","14":"tag-europe","15":"tag-fr","16":"tag-france","17":"tag-info","18":"tag-loisirs","19":"tag-meteo","20":"tag-news","21":"tag-quotidien","22":"tag-rennes","23":"tag-republique-francaise","24":"tag-restaurants","25":"tag-sortir","26":"tag-spectacles"},"share_on_mastodon":{"url":"https:\/\/pubeurope.com\/@fr\/115361321001389242","error":""},"_links":{"self":[{"href":"https:\/\/www.europesays.com\/fr\/wp-json\/wp\/v2\/posts\/457457","targetHints":{"allow":["GET"]}}],"collection":[{"href":"https:\/\/www.europesays.com\/fr\/wp-json\/wp\/v2\/posts"}],"about":[{"href":"https:\/\/www.europesays.com\/fr\/wp-json\/wp\/v2\/types\/post"}],"author":[{"embeddable":true,"href":"https:\/\/www.europesays.com\/fr\/wp-json\/wp\/v2\/users\/2"}],"replies":[{"embeddable":true,"href":"https:\/\/www.europesays.com\/fr\/wp-json\/wp\/v2\/comments?post=457457"}],"version-history":[{"count":0,"href":"https:\/\/www.europesays.com\/fr\/wp-json\/wp\/v2\/posts\/457457\/revisions"}],"wp:featuredmedia":[{"embeddable":true,"href":"https:\/\/www.europesays.com\/fr\/wp-json\/wp\/v2\/media\/457458"}],"wp:attachment":[{"href":"https:\/\/www.europesays.com\/fr\/wp-json\/wp\/v2\/media?parent=457457"}],"wp:term":[{"taxonomy":"category","embeddable":true,"href":"https:\/\/www.europesays.com\/fr\/wp-json\/wp\/v2\/categories?post=457457"},{"taxonomy":"post_tag","embeddable":true,"href":"https:\/\/www.europesays.com\/fr\/wp-json\/wp\/v2\/tags?post=457457"}],"curies":[{"name":"wp","href":"https:\/\/api.w.org\/{rel}","templated":true}]}}