{"id":457459,"date":"2025-10-12T13:01:05","date_gmt":"2025-10-12T13:01:05","guid":{"rendered":"https:\/\/www.europesays.com\/fr\/457459\/"},"modified":"2025-10-12T13:01:05","modified_gmt":"2025-10-12T13:01:05","slug":"strasbourg-un-syndicat-de-police-alerte-sur-la-crise-traversee-par-la-filiere-investigation","status":"publish","type":"post","link":"https:\/\/www.europesays.com\/fr\/457459\/","title":{"rendered":"Strasbourg. Un syndicat de police alerte sur la crise travers\u00e9e par la fili\u00e8re investigation"},"content":{"rendered":"<p>Trente milles proc\u00e9dures judiciaires (dont la moiti\u00e9 ont un an, voire plus) s\u2019entassent sur les bureaux des 390 enqu\u00eateurs strasbourgeois. Et pr\u00e8s de 800 dossiers sont en attente de traitement aux mains d\u2019une quinzaine de policiers \u00e0 Haguenau et S\u00e9lestat. \u00ab\u00a0 <a href=\"https:\/\/www.dna.fr\/faits-divers-justice\/2025\/02\/18\/un-syndicat-alerte-sur-le-mal-etre-des-enqueteurs-de-la-police-nationale\" target=\"_blank\" rel=\"noopener\">Chaque jour, un autre dossier se rajoute sur leurs piles<\/a> \u00a0\u00bb, d\u00e9plore Emmanuel Georg, secr\u00e9taire d\u00e9partemental du syndicat Unit\u00e9 SGP Police 67. Lui et douze autres adh\u00e9rents du syndicat vont \u00e0 la rencontre des passants ce mercredi matin\u00a0: \u00ab\u00a0Tous ces services d\u2019investigation, du bureau de police en passant par le groupe d\u2019appui judiciaire (GAJ) et la division de la criminalit\u00e9 territoriale (DCT) <a href=\"https:\/\/www.dna.fr\/faits-divers-justice\/2025\/04\/29\/strasbourg-le-blues-des-enqueteurs-du-commissariat\" target=\"_blank\" rel=\"noopener\">sont en souffrance.<\/a> \u00a0\u00bb<\/p>\n<p>Les citoyens portent davantage plainte notamment pour les violences intrafamiliales. \u00ab\u00a0On a facilit\u00e9 leur prise de parole &#8211; ce qui est une bonne chose -, mais on n\u2019a pas augment\u00e9 la capacit\u00e9 de les traiter ensuite.\u00a0\u00bb Cons\u00e9quence pour les victimes\u00a0: les d\u00e9lais de traitement s\u2019allongent. \u00ab\u00a0Elles se sentent abandonn\u00e9es et perdent confiance. Elles ne savent m\u00eame pas si la plainte est trait\u00e9e\u00a0\u00bb, poursuit-il. Un de ses coll\u00e8gues \u00e9change avec deux vieilles dames\u00a0: \u00ab\u00a0On le sait, les petits dossiers ne sont pas trait\u00e9s imm\u00e9diatement. Mais ces petits dossiers repr\u00e9sentent de gros soucis aux plaignants\u00a0\u00bb, s\u2019expriment-elles.<\/p>\n<p>  Des outils techniques \u00ab\u00a0obsol\u00e8tes\u00a0\u00bb<\/p>\n<p>Un autre syndicaliste estime que c\u2019est la r\u00e9forme, supprimant l\u2019organisation traditionnelle de la police nationale, qui \u00ab\u00a0a tu\u00e9\u00a0\u00bb la PJ\u00a0: \u00ab\u00a0Il nous manque des enqu\u00eateurs, et depuis deux ans, on traite des affaires qui ne sont pas de notre ressort. \u00c7a a tu\u00e9 les sp\u00e9cialit\u00e9s.\u00a0\u00bb Sans parler des outils techniques et informatiques qui sont \u00ab\u00a0obsol\u00e8tes\u00a0\u00bb.<\/p>\n<p>\u00c0 l\u2019\u00e9chelle locale, la direction de la police prend en compte le probl\u00e8me, \u00ab\u00a0avec une \u00e9coute bienveillante\u00a0\u00bb. Pour Emmanuel Georg, c\u2019est au niveau des \u00ab\u00a0grandes instances parisiennes que \u00e7a bloque\u00a0\u00bb. Ce dernier re\u00e7oit dans son bureau environ quinze coll\u00e8gues par an, exprimant leur volont\u00e9 de changer d\u2019air.<\/p>\n","protected":false},"excerpt":{"rendered":"Trente milles proc\u00e9dures judiciaires (dont la moiti\u00e9 ont un an, voire plus) s\u2019entassent sur les bureaux des 390&hellip;\n","protected":false},"author":2,"featured_media":457460,"comment_status":"","ping_status":"","sticky":false,"template":"","format":"standard","meta":{"footnotes":""},"categories":[2820],"tags":[1111,11,2389,2649,271,272,2880,1777,674,274,107,1011,27,775,12,25,640,2879],"class_list":{"0":"post-457459","1":"post","2":"type-post","3":"status-publish","4":"format-standard","5":"has-post-thumbnail","7":"category-strasbourg","8":"tag-actu","9":"tag-actualites","10":"tag-alsace","11":"tag-bas-rhin","12":"tag-crime","13":"tag-delit-et-contravention","14":"tag-edition-strasbourg","15":"tag-eu","16":"tag-europe","17":"tag-faits-divers-justice","18":"tag-fil-info","19":"tag-fr","20":"tag-france","21":"tag-grand-est","22":"tag-news","23":"tag-republique-francaise","24":"tag-strasbourg","25":"tag-strasbourg-ville"},"share_on_mastodon":{"url":"https:\/\/pubeurope.com\/@fr\/115361329002807106","error":""},"_links":{"self":[{"href":"https:\/\/www.europesays.com\/fr\/wp-json\/wp\/v2\/posts\/457459","targetHints":{"allow":["GET"]}}],"collection":[{"href":"https:\/\/www.europesays.com\/fr\/wp-json\/wp\/v2\/posts"}],"about":[{"href":"https:\/\/www.europesays.com\/fr\/wp-json\/wp\/v2\/types\/post"}],"author":[{"embeddable":true,"href":"https:\/\/www.europesays.com\/fr\/wp-json\/wp\/v2\/users\/2"}],"replies":[{"embeddable":true,"href":"https:\/\/www.europesays.com\/fr\/wp-json\/wp\/v2\/comments?post=457459"}],"version-history":[{"count":0,"href":"https:\/\/www.europesays.com\/fr\/wp-json\/wp\/v2\/posts\/457459\/revisions"}],"wp:featuredmedia":[{"embeddable":true,"href":"https:\/\/www.europesays.com\/fr\/wp-json\/wp\/v2\/media\/457460"}],"wp:attachment":[{"href":"https:\/\/www.europesays.com\/fr\/wp-json\/wp\/v2\/media?parent=457459"}],"wp:term":[{"taxonomy":"category","embeddable":true,"href":"https:\/\/www.europesays.com\/fr\/wp-json\/wp\/v2\/categories?post=457459"},{"taxonomy":"post_tag","embeddable":true,"href":"https:\/\/www.europesays.com\/fr\/wp-json\/wp\/v2\/tags?post=457459"}],"curies":[{"name":"wp","href":"https:\/\/api.w.org\/{rel}","templated":true}]}}