{"id":457471,"date":"2025-10-12T13:08:13","date_gmt":"2025-10-12T13:08:13","guid":{"rendered":"https:\/\/www.europesays.com\/fr\/457471\/"},"modified":"2025-10-12T13:08:13","modified_gmt":"2025-10-12T13:08:13","slug":"pres-de-la-gare-saint-jean-de-bordeaux-un-cycliste-de-33-ans-decede-dans-des-circonstances-floues","status":"publish","type":"post","link":"https:\/\/www.europesays.com\/fr\/457471\/","title":{"rendered":"Pr\u00e8s de la gare Saint-Jean de Bordeaux, un cycliste de 33 ans d\u00e9c\u00e8de dans des circonstances floues"},"content":{"rendered":"<p>            Par<br \/>\n        <strong><br \/>\n            <a href=\"https:\/\/actu.fr\/auteur\/julian-doubax\" title=\"Consulter tous les articles de Julian Doubax\" rel=\"nofollow noopener\" target=\"_blank\">Julian Doubax<\/a><br \/>\n        <\/strong><\/p>\n<p>        Publi\u00e9 le<\/p>\n<p>            12 oct. 2025 \u00e0 14h26        <\/p>\n<p>Samedi 11 octobre 2025, peu apr\u00e8s 17h, les <a href=\"https:\/\/actu.fr\/nouvelle-aquitaine\/saint-laurent-medoc_33424\/gironde-plus-de-50-pompiers-mobilises-pour-un-incendie-dans-un-centre-de-stockage-des-dechets_63285949.html\" rel=\"nofollow noopener\" target=\"_blank\">pompiers<\/a> ont \u00e9t\u00e9 alert\u00e9s pour un accident sur le pont du Guit, pr\u00e8s de la <a href=\"https:\/\/actu.fr\/tag\/gare-saint-jean\" rel=\"nofollow noopener\" target=\"_blank\">gare Saint-Jean<\/a> de Bordeaux. L\u2019accident concernait un <strong>cycliste seul<\/strong>.<\/p>\n<p class=\" wall-content\">\u00c0 leur arriv\u00e9e sur les lieux, la victime \u00e9tait <strong>d\u00e9c\u00e9d\u00e9e<\/strong>. Il s\u2019agissait d\u2019un homme de 33 ans. Un obstacle m\u00e9dico-l\u00e9gal a \u00e9t\u00e9 \u00e9mis par un m\u00e9decin du Smur durant l\u2019intervention. La circulation a \u00e9t\u00e9 temporairement coup\u00e9e dans les deux sens. D\u00e9sormais, une enqu\u00eate de police est en cours de d\u00e9terminer les <strong>causes<\/strong> et <strong>circonstances<\/strong> de cet accident.<\/p>\n<p class=\" wall-content\">Personnalisez votre actualit\u00e9 en ajoutant vos villes et m\u00e9dias en favori avec <a href=\"https:\/\/moncompte.actu.fr\" title=\"D\u00e9couvez Mon Actu\" rel=\"nofollow noopener\" data-trk=\"{&quot;cta&quot;:{&quot;action&quot;:&quot;https:\\\/\\\/moncompte.actu.fr&quot;,&quot;category&quot;:&quot;mon compte&quot;,&quot;from&quot;:&quot;article footer&quot;,&quot;name&quot;:&quot;Mon actu&quot;,&quot;type&quot;:&quot;cta&quot;}}\" target=\"_blank\">Mon Actu<\/a>.<\/p>\n","protected":false},"excerpt":{"rendered":"Par Julian Doubax Publi\u00e9 le 12 oct. 2025 \u00e0 14h26 Samedi 11 octobre 2025, peu apr\u00e8s 17h, les&hellip;\n","protected":false},"author":2,"featured_media":457472,"comment_status":"","ping_status":"","sticky":false,"template":"","format":"standard","meta":{"footnotes":""},"categories":[2817],"tags":[1111,11,1997,1777,674,118,1011,27,12,2219,1311,25],"class_list":{"0":"post-457471","1":"post","2":"type-post","3":"status-publish","4":"format-standard","5":"has-post-thumbnail","7":"category-bordeaux","8":"tag-actu","9":"tag-actualites","10":"tag-bordeaux","11":"tag-eu","12":"tag-europe","13":"tag-faits-divers","14":"tag-fr","15":"tag-france","16":"tag-news","17":"tag-nouvelle-aquitaine","18":"tag-pompiers","19":"tag-republique-francaise"},"share_on_mastodon":{"url":"https:\/\/pubeurope.com\/@fr\/115361356494845264","error":""},"_links":{"self":[{"href":"https:\/\/www.europesays.com\/fr\/wp-json\/wp\/v2\/posts\/457471","targetHints":{"allow":["GET"]}}],"collection":[{"href":"https:\/\/www.europesays.com\/fr\/wp-json\/wp\/v2\/posts"}],"about":[{"href":"https:\/\/www.europesays.com\/fr\/wp-json\/wp\/v2\/types\/post"}],"author":[{"embeddable":true,"href":"https:\/\/www.europesays.com\/fr\/wp-json\/wp\/v2\/users\/2"}],"replies":[{"embeddable":true,"href":"https:\/\/www.europesays.com\/fr\/wp-json\/wp\/v2\/comments?post=457471"}],"version-history":[{"count":0,"href":"https:\/\/www.europesays.com\/fr\/wp-json\/wp\/v2\/posts\/457471\/revisions"}],"wp:featuredmedia":[{"embeddable":true,"href":"https:\/\/www.europesays.com\/fr\/wp-json\/wp\/v2\/media\/457472"}],"wp:attachment":[{"href":"https:\/\/www.europesays.com\/fr\/wp-json\/wp\/v2\/media?parent=457471"}],"wp:term":[{"taxonomy":"category","embeddable":true,"href":"https:\/\/www.europesays.com\/fr\/wp-json\/wp\/v2\/categories?post=457471"},{"taxonomy":"post_tag","embeddable":true,"href":"https:\/\/www.europesays.com\/fr\/wp-json\/wp\/v2\/tags?post=457471"}],"curies":[{"name":"wp","href":"https:\/\/api.w.org\/{rel}","templated":true}]}}