{"id":457479,"date":"2025-10-12T13:13:10","date_gmt":"2025-10-12T13:13:10","guid":{"rendered":"https:\/\/www.europesays.com\/fr\/457479\/"},"modified":"2025-10-12T13:13:10","modified_gmt":"2025-10-12T13:13:10","slug":"la-mosquee-des-bleuets-gagne-son-bras-de-fer-avec-le-prefet","status":"publish","type":"post","link":"https:\/\/www.europesays.com\/fr\/457479\/","title":{"rendered":"la mosqu\u00e9e des Bleuets gagne son bras de fer avec le pr\u00e9fet"},"content":{"rendered":"<p>            Par<br \/>\n        <strong><br \/>\n            <a href=\"https:\/\/actu.fr\/auteur\/fabien-binacchi\" title=\"Consulter tous les articles de Fabien Binacchi\" rel=\"nofollow noopener\" target=\"_blank\">Fabien Binacchi<\/a><br \/>\n        <\/strong><\/p>\n<p>        Publi\u00e9 le<\/p>\n<p>            12 oct. 2025 \u00e0 9h55        <\/p>\n<p>Il a estim\u00e9 que la d\u00e9cision du pr\u00e9fet portait \u00ab\u2009atteinte \u00e0 la libert\u00e9 fondamentale du culte\u2009\u00bb. Le juge des r\u00e9f\u00e9r\u00e9s libert\u00e9 du tribunal administratif de <a href=\"https:\/\/actu.fr\/marseille\/\" rel=\"nofollow noopener\" target=\"_blank\">Marseille<\/a> a suspendu ce samedi 11\u00a0octobre l\u2019ex\u00e9cution de l\u2019arr\u00eat\u00e9 ordonnant la fermeture de <strong>la mosqu\u00e9e des Bleuets <\/strong>(13e arrondissement) pour deux mois. Le pr\u00e9fet des <a href=\"https:\/\/actu.fr\/provence-alpes-cote-d-azur\/bouches-du-rhone_13\" rel=\"nofollow noopener\" target=\"_blank\">Bouches-du-Rh\u00f4ne<\/a> Georges-Fran\u00e7ois Leclerc l\u2019avait <a href=\"https:\/\/actu.fr\/provence-alpes-cote-d-azur\/marseille_13055\/marseille-la-mosquee-des-bleuets-fermee-de-force-voila-ce-que-dit-l-arrete-du-prefet_63261455.html\" rel=\"nofollow noopener\" target=\"_blank\">sign\u00e9 le 6\u00a0octobre<\/a> pointant certaines positions \u00ab\u2009radicales\u2009\u00bb de son imam.<\/p>\n<p class=\" wall-content\">Dans ses conclusions, le juge souligne que \u00ab\u2009la fermeture du lieu de culte cr\u00e9e <strong>une situation d\u2019urgence<\/strong> \u00e0 l\u2019\u00e9gard de l\u2019association ainsi priv\u00e9e de son activit\u00e9 principale\u2009\u00bb et des fid\u00e8les, \u00ab\u2009tout particuli\u00e8rement ceux \u00e0 mobilit\u00e9 r\u00e9duite\u2009\u00bb.<\/p>\n<p>Une \u00ab\u2009erreur manifeste d\u2019appr\u00e9ciation\u2009\u00bb<\/p>\n<p class=\" wall-content\">\u00ab\u2009Les propos et publications de l\u2019imam mis en cause sur les r\u00e9seaux sociaux, anciens ou plus r\u00e9cents ne pr\u00e9sentent pas une menace actuelle de provoquer la haine ou la violence de personnes ou de groupes de personnes\u2009\u00bb, a \u00e9galement tranch\u00e9 le tribunal.<\/p>\n<p class=\" wall-content\">\u00ab\u2009Cette victoire est <strong>une d\u00e9cision d\u2019apaisement<\/strong>\u2009\u00bb, s\u2019est r\u00e9joui l\u2019avocat de la mosqu\u00e9e, Me Sefen Guez Guez, dans une r\u00e9action transmise \u00e0 la r\u00e9daction d\u2019actu Marseille.<\/p>\n<blockquote class=\"ac-article-quote wall-content\">\n<p>\u00ab\u00a0La mosqu\u00e9e des Bleuets, par l&rsquo;interm\u00e9diaire du Conseil d\u00e9partemental du culte musulman [CDCM] 13, va demander un entretien avec le pr\u00e9fet afin de mettre un terme \u00e0 ce qui relevait de l&rsquo;erreur manifeste d&rsquo;appr\u00e9ciation. Il est temps de laisser la mosqu\u00e9e poursuivre ses activit\u00e9s dans la s\u00e9r\u00e9nit\u00e9.\u00a0\u00bb<\/p>\n<p>    <strong>Me Sefen Guez Guez<\/strong>\n            <\/p><\/blockquote>\n<p class=\" wall-content\">\u00ab\u2009Nous allons continuer \u00e0 travailler dans la s\u00e9r\u00e9nit\u00e9, et nous esp\u00e9rons pouvoir engager de v\u00e9ritables discussions avec le pr\u00e9fet pour apaiser les tensions et reconstruire un dialogue sinc\u00e8re et respectueux\u2009\u00bb, a \u00e9galement r\u00e9agi l\u2019imam Isma\u00efl, Sma\u00efn Bendjilali de son vrai nom, sur son compte X.<\/p>\n<p class=\" wall-content\">\n<p>Le pr\u00e9fet \u00ab\u2009reste convaincu\u2009\u00bb<\/p>\n<p class=\" wall-content\">Sur le compte X de la pr\u00e9f\u00e8te de police d\u00e9l\u00e9gu\u00e9e des Bouches-du-Rh\u00f4ne, il est \u00e9crit que \u00ab\u2009sur le fond\u2009\u00bb, le pr\u00e9fet \u00ab\u2009reste convaincu qu\u2019une mosqu\u00e9e ne saurait employer un imam ayant \u00e9t\u00e9 condamn\u00e9 pour apologie du terrorisme sans faire l\u2019objet de mesure administrative\u2009\u00bb. \u00ab\u2009Le pr\u00e9fet des Bouches-du-Rh\u00f4ne <strong>se r\u00e9serve la possibilit\u00e9 \u00e0 la lecture de la d\u00e9cision d\u2019engager les voies de droit dont il dispose<\/strong>\u2009\u00bb, est-il \u00e9galement pr\u00e9cis\u00e9.<\/p>\n<p>Votre r\u00e9gion, votre actu !<\/p>\n<p>Recevez chaque jour les infos qui comptent pour vous.<\/p>\n<p>\t<a href=\"https:\/\/actu.fr\/newsletter\" class=\"ac-btn ac-btn--corner ac-btn--medium ac-btn--blue800\" rel=\"nofollow noopener\" target=\"_blank\">S&rsquo;incrire<\/a><\/p>\n<p class=\" wall-content\">\n<p class=\" wall-content\">Il y a un an, la pr\u00e9fecture de police des Bouches-du-Rh\u00f4ne avait d\u00e9j\u00e0 menac\u00e9 de fermer cette mosqu\u00e9e des quartiers Nord. L\u2019imam avait alors promis de passer <strong>un dipl\u00f4me sur la la\u00efcit\u00e9,<\/strong> permettant au lieu de culte de rester ouvert malgr\u00e9 les tensions r\u00e9currentes entre les autorit\u00e9s et cette institution religieuse.<\/p>\n<p class=\" wall-content\">Fin mai, l\u2019imam a \u00e9t\u00e9 condamn\u00e9 \u00e0 six mois de prison avec sursis pour <strong>apologie du terrorisme<\/strong> pour avoir partag\u00e9 un post sur X en lien avec l\u2019attaque du 7\u00a0octobre 2023 en Isra\u00ebl. Une d\u00e9cision dont il a depuis fait appel.<\/p>\n<p>\u00ab\u2009Aucun comportement contraire \u00e0 la loi de 1905\u2009\u00bb<\/p>\n<p class=\" wall-content\">Le tribunal administratif de Marseille note dans sa d\u00e9cision que \u00ab\u2009depuis la reprise de l\u2019activit\u00e9 de l\u2019int\u00e9ress\u00e9 \u00e0 la mosqu\u00e9e, aucun comportement contraire \u00e0 la loi de 1905, n\u2019est \u00e9tabli\u2009\u00bb et <strong>\u00ab\u2009aucun fid\u00e8le de la mosqu\u00e9e n\u2019a non plus \u00e9t\u00e9 mis en cause\u2009\u00bb.<\/strong><\/p>\n<p class=\" wall-content\">L\u2019arr\u00eat\u00e9 pr\u00e9fectoral accusait la mosqu\u00e9e et son imam d\u2019avoir sur les r\u00e9seaux sociaux \u00ab\u2009des positions <strong>favorables \u00e0 l\u2019organisation terroriste Hamas<\/strong> et, sous couvert d\u2019antisionisme, haineuses \u00e0 l\u2019encontre de l\u2019\u00c9tat d\u2019Isra\u00ebl\u2009\u00bb.<\/p>\n<p>\u00ab\u2009Des rabbins et des pr\u00eatres\u2009\u00bb invit\u00e9s \u00e0 la pri\u00e8re<\/p>\n<p class=\" wall-content\">\u00ab\u2009Je mets au d\u00e9fi l\u2019administration de trouver une seule mosqu\u00e9e \u00e0 Marseille o\u00f9 des rabbins et des pr\u00eatres viennent assister \u00e0 la pri\u00e8re du vendredi\u2009\u00bb, s\u2019est d\u00e9fendu l\u2019imam durant l\u2019audience de vendredi, exceptionnellement autoris\u00e9 \u00e0 prendre la parole.<\/p>\n<p class=\" wall-content\">Georges-Fran\u00e7ois Leclerc, pr\u00e9fet de Provence-Alpes-C\u00f4te d\u2019Azur depuis janvier, avait retir\u00e9 le contrat d\u2019association avec l\u2019\u00c9tat du lyc\u00e9e musulman Averro\u00e8s de Lille lorsqu\u2019il \u00e9tait pr\u00e9fet du Nord en 2023. Finalement, <strong>le tribunal administratif lui avait donn\u00e9 tort,<\/strong> r\u00e9tablissant en avril ce contrat d\u2019association.<\/p>\n<p>Avec AFP<\/p>\n<p class=\" wall-content\">Personnalisez votre actualit\u00e9 en ajoutant vos villes et m\u00e9dias en favori avec <a href=\"https:\/\/moncompte.actu.fr\" title=\"D\u00e9couvez Mon Actu\" rel=\"nofollow noopener\" data-trk=\"{&quot;cta&quot;:{&quot;action&quot;:&quot;https:\\\/\\\/moncompte.actu.fr&quot;,&quot;category&quot;:&quot;mon compte&quot;,&quot;from&quot;:&quot;article footer&quot;,&quot;name&quot;:&quot;Mon actu&quot;,&quot;type&quot;:&quot;cta&quot;}}\" target=\"_blank\">Mon Actu<\/a>.<\/p>\n","protected":false},"excerpt":{"rendered":"Par Fabien Binacchi Publi\u00e9 le 12 oct. 2025 \u00e0 9h55 Il a estim\u00e9 que la d\u00e9cision du pr\u00e9fet&hellip;\n","protected":false},"author":2,"featured_media":457480,"comment_status":"","ping_status":"","sticky":false,"template":"","format":"standard","meta":{"footnotes":""},"categories":[2814],"tags":[1111,11,1777,674,1011,27,5318,303,884,12,882,4020,25,104],"class_list":{"0":"post-457479","1":"post","2":"type-post","3":"status-publish","4":"format-standard","5":"has-post-thumbnail","7":"category-marseille","8":"tag-actu","9":"tag-actualites","10":"tag-eu","11":"tag-europe","12":"tag-fr","13":"tag-france","14":"tag-islam","15":"tag-justice","16":"tag-marseille","17":"tag-news","18":"tag-provence-alpes-cote-dazur","19":"tag-religion","20":"tag-republique-francaise","21":"tag-societe"},"share_on_mastodon":{"url":"https:\/\/pubeurope.com\/@fr\/115361376236340862","error":""},"_links":{"self":[{"href":"https:\/\/www.europesays.com\/fr\/wp-json\/wp\/v2\/posts\/457479","targetHints":{"allow":["GET"]}}],"collection":[{"href":"https:\/\/www.europesays.com\/fr\/wp-json\/wp\/v2\/posts"}],"about":[{"href":"https:\/\/www.europesays.com\/fr\/wp-json\/wp\/v2\/types\/post"}],"author":[{"embeddable":true,"href":"https:\/\/www.europesays.com\/fr\/wp-json\/wp\/v2\/users\/2"}],"replies":[{"embeddable":true,"href":"https:\/\/www.europesays.com\/fr\/wp-json\/wp\/v2\/comments?post=457479"}],"version-history":[{"count":0,"href":"https:\/\/www.europesays.com\/fr\/wp-json\/wp\/v2\/posts\/457479\/revisions"}],"wp:featuredmedia":[{"embeddable":true,"href":"https:\/\/www.europesays.com\/fr\/wp-json\/wp\/v2\/media\/457480"}],"wp:attachment":[{"href":"https:\/\/www.europesays.com\/fr\/wp-json\/wp\/v2\/media?parent=457479"}],"wp:term":[{"taxonomy":"category","embeddable":true,"href":"https:\/\/www.europesays.com\/fr\/wp-json\/wp\/v2\/categories?post=457479"},{"taxonomy":"post_tag","embeddable":true,"href":"https:\/\/www.europesays.com\/fr\/wp-json\/wp\/v2\/tags?post=457479"}],"curies":[{"name":"wp","href":"https:\/\/api.w.org\/{rel}","templated":true}]}}