{"id":457483,"date":"2025-10-12T13:15:13","date_gmt":"2025-10-12T13:15:13","guid":{"rendered":"https:\/\/www.europesays.com\/fr\/457483\/"},"modified":"2025-10-12T13:15:13","modified_gmt":"2025-10-12T13:15:13","slug":"un-deluge-dinfractions-en-seulement-deux-heures","status":"publish","type":"post","link":"https:\/\/www.europesays.com\/fr\/457483\/","title":{"rendered":"un d\u00e9luge d\u2019infractions en seulement deux heures"},"content":{"rendered":"<p itemprop=\"description\"><strong>En \u00e0 peine deux heures, 24 infractions ont \u00e9t\u00e9 constat\u00e9es, r\u00e9v\u00e9lant des\u00a0\u00ab\u00a0comportements toujours inqui\u00e9tants\u00a0\u00bb, rapportent les gendarmes.<\/strong><\/p>\n<p>Ce mardi 6 octobre, les gendarmes de la Brigade motoris\u00e9e de Dardilly ont men\u00e9 un contr\u00f4le routier au rond-point d\u2019entr\u00e9e de L\u2019Arbresle, sur r\u00e9quisition du procureur de la R\u00e9publique de Lyon.<\/p>\n<p>Les militaires n\u2019ont pas mis longtemps \u00e0 comprendre que certains usagers prennent encore la route \u00e0 la l\u00e9g\u00e8re. Pendant deux heures, la Brigade motoris\u00e9e de Dardilly, appuy\u00e9e par l\u2019\u00e9quipe cynotechnique de Sathonay-Camp, a contr\u00f4l\u00e9 les flux de circulation. L\u2019op\u00e9ration s\u2019inscrivait dans un double objectif : \u00ab\u00a0contr\u00f4ler les flux, lutter contre l\u2019ins\u00e9curit\u00e9 routi\u00e8re et rappeler \u00e0 chacun l\u2019importance du respect du code de la route.\u00a0\u00bb<\/p>\n<p>Le bilan est sans appel :\u00a024 infractions\u00a0relev\u00e9es. Parmi elles,\u00a0\u00a0trois conducteurs circulant malgr\u00e9 l\u2019annulation de leur permis, ou encore un automobiliste\u00a0positif aux stup\u00e9fiants. L\u2019absence d\u2019assurance a \u00e9t\u00e9 constat\u00e9e \u00e0\u00a0trois reprises, tout comme des\u00a0d\u00e9fauts de contr\u00f4le technique\u00a0\u00e0 sept reprises.<\/p>\n<p>Les comportements n\u00e9gligents \u00e9taient multiples :\u00a0usage du t\u00e9l\u00e9phone au volant,\u00a0non-port de la ceinture,\u00a0carte grise non mut\u00e9e,\u00a0plaque provisoire non conforme,\u00a0dispositif d\u2019\u00e9clairage d\u00e9fectueux\u00a0ou encore\u00a0permis non prorog\u00e9.<\/p>\n<p>L&rsquo;op\u00e9ration a \u00e9galement permis aux gendarmes d&rsquo;intercepter\u00a0un \u00e9tranger en situation irr\u00e9guli\u00e8re. Ce dernier a \u00e9t\u00e9 plac\u00e9 en retenue administrative.<\/p>\n<p>Face \u00e0 ce constat, la gendarmerie alerte :\u00a0\u00ab\u00a0Ces chiffres parlent d\u2019eux-m\u00eames. Trop d\u2019usagers oublient que la route n\u2019est pas un lieu d\u2019improvisation. Chaque infraction, chaque rel\u00e2chement, peut avoir des cons\u00e9quences dramatiques.\u00a0\u00bb<\/p>\n","protected":false},"excerpt":{"rendered":"En \u00e0 peine deux heures, 24 infractions ont \u00e9t\u00e9 constat\u00e9es, r\u00e9v\u00e9lant des\u00a0\u00ab\u00a0comportements toujours inqui\u00e9tants\u00a0\u00bb, rapportent les gendarmes. Ce&hellip;\n","protected":false},"author":2,"featured_media":457484,"comment_status":"","ping_status":"","sticky":false,"template":"","format":"standard","meta":{"footnotes":""},"categories":[1889],"tags":[1111,11,2813,2190,2430,1109,251,1112,2811,1777,674,118,1011,27,1922,1110,1114,2428,2810,12,241,316,25,2812,517,800],"class_list":{"0":"post-457483","1":"post","2":"type-post","3":"status-publish","4":"format-standard","5":"has-post-thumbnail","7":"category-lyon","8":"tag-actu","9":"tag-actualites","10":"tag-article","11":"tag-asvel","12":"tag-auvergne-rhone-alpes","13":"tag-breves","14":"tag-culture","15":"tag-depeches","16":"tag-economique","17":"tag-eu","18":"tag-europe","19":"tag-faits-divers","20":"tag-fr","21":"tag-france","22":"tag-info","23":"tag-informations","24":"tag-infos","25":"tag-lyon","26":"tag-lyonmag","27":"tag-news","28":"tag-ol","29":"tag-politique","30":"tag-republique-francaise","31":"tag-sociale","32":"tag-sport","33":"tag-transports"},"share_on_mastodon":{"url":"https:\/\/pubeurope.com\/@fr\/115361383924749221","error":""},"_links":{"self":[{"href":"https:\/\/www.europesays.com\/fr\/wp-json\/wp\/v2\/posts\/457483","targetHints":{"allow":["GET"]}}],"collection":[{"href":"https:\/\/www.europesays.com\/fr\/wp-json\/wp\/v2\/posts"}],"about":[{"href":"https:\/\/www.europesays.com\/fr\/wp-json\/wp\/v2\/types\/post"}],"author":[{"embeddable":true,"href":"https:\/\/www.europesays.com\/fr\/wp-json\/wp\/v2\/users\/2"}],"replies":[{"embeddable":true,"href":"https:\/\/www.europesays.com\/fr\/wp-json\/wp\/v2\/comments?post=457483"}],"version-history":[{"count":0,"href":"https:\/\/www.europesays.com\/fr\/wp-json\/wp\/v2\/posts\/457483\/revisions"}],"wp:featuredmedia":[{"embeddable":true,"href":"https:\/\/www.europesays.com\/fr\/wp-json\/wp\/v2\/media\/457484"}],"wp:attachment":[{"href":"https:\/\/www.europesays.com\/fr\/wp-json\/wp\/v2\/media?parent=457483"}],"wp:term":[{"taxonomy":"category","embeddable":true,"href":"https:\/\/www.europesays.com\/fr\/wp-json\/wp\/v2\/categories?post=457483"},{"taxonomy":"post_tag","embeddable":true,"href":"https:\/\/www.europesays.com\/fr\/wp-json\/wp\/v2\/tags?post=457483"}],"curies":[{"name":"wp","href":"https:\/\/api.w.org\/{rel}","templated":true}]}}