{"id":457489,"date":"2025-10-12T13:19:11","date_gmt":"2025-10-12T13:19:11","guid":{"rendered":"https:\/\/www.europesays.com\/fr\/457489\/"},"modified":"2025-10-12T13:19:11","modified_gmt":"2025-10-12T13:19:11","slug":"metro-inonde-gaz-coupe-egouts-qui-debordent-a-quoi-ressemblerait-paris-si-la-seine-montait-de-sept-metres","status":"publish","type":"post","link":"https:\/\/www.europesays.com\/fr\/457489\/","title":{"rendered":"M\u00e9tro inond\u00e9, gaz coup\u00e9, \u00e9gouts qui d\u00e9bordent\u2026 \u00c0 quoi ressemblerait Paris si la Seine montait de sept m\u00e8tres ?"},"content":{"rendered":"<p class=\"article-p mdl\">Comment r\u00e9agiraient les Parisiens si le niveau de la Seine s\u2019\u00e9levait de sept m\u00e8tres ? Pour le savoir &#8211; et surtout pour sensibiliser \u00e0 une catastrophe jug\u00e9e probable &#8211; la Ville de Paris va simuler ce sc\u00e9nario de crue ce lundi 13 octobre.<\/p>\n<p class=\"article-p mdl\">Cet exercice grandeur nature propulse la capitale en mars 2026 : le fleuve d\u00e9borde d\u00e9j\u00e0 depuis deux mois et, dans la nuit, <strong>il a franchi la barre des 7,10 m\u00e8tres sous l\u2019effet d\u2019un violent \u00e9pisode orageux<\/strong>. Des centaines de milliers de personnes doivent \u00eatre \u00e9vacu\u00e9es, le m\u00e9tro est inond\u00e9, le gaz et l\u2019\u00e9lectricit\u00e9 sont coup\u00e9s, les \u00e9gouts menacent de d\u00e9border et la p\u00e9nurie alimentaire s\u2019installe.<\/p>\n<p class=\"article-p mdl\">L\u2019exercice, auquel <strong>une soixantaine de personnes participeront<\/strong>, d\u00e9butera par une simulation d\u2019\u00e9vacuation d\u2019un immeuble vers l\u2019Acad\u00e9mie du climat, transform\u00e9e pour l\u2019occasion en centre d\u2019accueil et de regroupement. En parall\u00e8le, la pr\u00e9fecture de police organisera un exercice \u00e0 l\u2019\u00e9chelle de l\u2019\u00cele-de-France, destin\u00e9 \u00e0 tester les proc\u00e9dures d\u2019\u00e9vacuation.<\/p>\n<p>            Un sc\u00e9nario plausible<\/p>\n<p class=\"article-p mdl\">L\u2019inondation constitue<a class=\"link\" href=\"https:\/\/www.rtl.fr\/actu\/justice-faits-divers\/les-infos-de-12h30-crue-a-paris-le-niveau-de-la-seine-pourrait-monter-jusqu-a-4-5-metres-7800964326\" rel=\"nofollow noopener\" target=\"_blank\"> le premier risque naturel<\/a>\u00a0qui menace la capitale. Quelque 700 000 habitants y sont directement expos\u00e9s, rappelle P\u00e9n\u00e9lope Komit\u00e8s, adjointe \u00e0 la maire de Paris charg\u00e9e de la r\u00e9silience et organisatrice de l\u2019exercice.<\/p>\n<p class=\"article-p mdl\">\u00ab\u00a0\u00c0 Paris, beaucoup se croient \u00e0 l\u2019abri parce qu\u2019ils vivent loin de la Seine ou en hauteur. Sauf qu\u2019une crue exceptionnelle,<a class=\"link\" href=\"https:\/\/www.rtl.fr\/actu\/meteo\/crue-centennale-il-y-a-114-ans-paris-etait-inondee-7900344707\" rel=\"nofollow noopener\" target=\"_blank\"> comme celle de 1910<\/a>, peut affecter tous les quartiers, par effet de cascade\u00a0\u00bb, pr\u00e9vient de son c\u00f4t\u00e9 B\u00e9n\u00e9dicte Cadalen, du service de gestion de crise de la Ville de Paris.<\/p>\n<p class=\"article-p mdl\">Lors de cette crue centennale &#8211; qui a <strong>une chance sur cent de se reproduire chaque ann\u00e9e<\/strong>\u00a0 &#8211; le fleuve avait atteint 8,62 m\u00e8tres au pont d\u2019Austerlitz, paralysant la capitale pendant plusieurs semaines.<\/p>\n<p class=\"article-p mdl\">Un record jamais \u00e9gal\u00e9 depuis. Les deux crues plus r\u00e9centes,\u00a0<a class=\"link\" href=\"https:\/\/www.rtl.fr\/actu\/justice-faits-divers\/inondations-la-crue-de-la-seine-a-paris-sous-estimee-a-cause-d-un-probleme-technique-7783498214\" rel=\"nofollow noopener\" target=\"_blank\">en 2016<\/a>\u00a0et 2018, ont toutefois permis \u00ab\u00a0d\u2019avoir une bonne id\u00e9e de ce qu\u2019il peut se passer jusqu\u2019\u00e0 sept m\u00e8tres. Au-del\u00e0, on entre dans la science-fiction\u00a0\u00bb, explique Ziad Touat, responsable de la soci\u00e9t\u00e9 Crisotech, conceptrice du sc\u00e9nario test\u00e9 lundi.<\/p>\n<p class=\"article-p mdl\">Contrairement aux crues torrentielles qui frappent r\u00e9guli\u00e8rement le sud de la France, la lente mont\u00e9e des eaux de la Seine limite le danger imm\u00e9diat, mod\u00e8re Ludovic Faytre, sp\u00e9cialiste du risque inondation, dans une note de l\u2019Institut Paris R\u00e9gion (IPR). \u00ab\u00a0Mais l\u2019\u00e9tendue des surfaces potentiellement concern\u00e9es, <strong>pr\u00e8s de 500 000 hectares en \u00cele-de-France<\/strong>, et l\u2019ampleur des enjeux humains et \u00e9conomiques d\u2019une agglom\u00e9ration de dix millions d\u2019habitants rendent la gestion de crise particuli\u00e8rement complexe. D\u2019o\u00f9 la n\u00e9cessit\u00e9 de d\u00e9velopper une v\u00e9ritable culture du risque\u00a0\u00bb, conclut-il.<br \/>\u00a0<\/p>\n<p>    La r\u00e9daction vous recommande<\/p>\n<p class=\"s-newsletter__title\">\n                L\u2019actualit\u00e9 par la r\u00e9daction de RTL dans votre bo\u00eete mail.\n            <\/p>\n<p class=\"s-newsletter__subtitle\">\n                Gr\u00e2ce \u00e0 votre compte RTL abonnez-vous \u00e0 la newsletter RTL info pour suivre toute l&rsquo;actualit\u00e9 au quotidien\n            <\/p>\n<p>\n                                    Lire la suite\n                                <\/p>\n","protected":false},"excerpt":{"rendered":"Comment r\u00e9agiraient les Parisiens si le niveau de la Seine s\u2019\u00e9levait de sept m\u00e8tres ? Pour le savoir&hellip;\n","protected":false},"author":2,"featured_media":457490,"comment_status":"","ping_status":"","sticky":false,"template":"","format":"standard","meta":{"footnotes":""},"categories":[1888],"tags":[1111,1928,11,1927,1777,674,107,1011,27,2839,12,1926,626,1925,25,13527,25987],"class_list":{"0":"post-457489","1":"post","2":"type-post","3":"status-publish","4":"format-standard","5":"has-post-thumbnail","7":"category-paris","8":"tag-actu","9":"tag-actu-paris","10":"tag-actualites","11":"tag-actualites-paris","12":"tag-eu","13":"tag-europe","14":"tag-fil-info","15":"tag-fr","16":"tag-france","17":"tag-inondations","18":"tag-news","19":"tag-news-paris","20":"tag-paris","21":"tag-paris-news","22":"tag-republique-francaise","23":"tag-seine","24":"tag-simulation"},"share_on_mastodon":{"url":"https:\/\/pubeurope.com\/@fr\/115361399736387947","error":""},"_links":{"self":[{"href":"https:\/\/www.europesays.com\/fr\/wp-json\/wp\/v2\/posts\/457489","targetHints":{"allow":["GET"]}}],"collection":[{"href":"https:\/\/www.europesays.com\/fr\/wp-json\/wp\/v2\/posts"}],"about":[{"href":"https:\/\/www.europesays.com\/fr\/wp-json\/wp\/v2\/types\/post"}],"author":[{"embeddable":true,"href":"https:\/\/www.europesays.com\/fr\/wp-json\/wp\/v2\/users\/2"}],"replies":[{"embeddable":true,"href":"https:\/\/www.europesays.com\/fr\/wp-json\/wp\/v2\/comments?post=457489"}],"version-history":[{"count":0,"href":"https:\/\/www.europesays.com\/fr\/wp-json\/wp\/v2\/posts\/457489\/revisions"}],"wp:featuredmedia":[{"embeddable":true,"href":"https:\/\/www.europesays.com\/fr\/wp-json\/wp\/v2\/media\/457490"}],"wp:attachment":[{"href":"https:\/\/www.europesays.com\/fr\/wp-json\/wp\/v2\/media?parent=457489"}],"wp:term":[{"taxonomy":"category","embeddable":true,"href":"https:\/\/www.europesays.com\/fr\/wp-json\/wp\/v2\/categories?post=457489"},{"taxonomy":"post_tag","embeddable":true,"href":"https:\/\/www.europesays.com\/fr\/wp-json\/wp\/v2\/tags?post=457489"}],"curies":[{"name":"wp","href":"https:\/\/api.w.org\/{rel}","templated":true}]}}