{"id":457495,"date":"2025-10-12T13:22:11","date_gmt":"2025-10-12T13:22:11","guid":{"rendered":"https:\/\/www.europesays.com\/fr\/457495\/"},"modified":"2025-10-12T13:22:11","modified_gmt":"2025-10-12T13:22:11","slug":"air-france-annonce-suspendre-ses-vols-entre-paris-et-antananarivo-jusqua-lundi-inclus","status":"publish","type":"post","link":"https:\/\/www.europesays.com\/fr\/457495\/","title":{"rendered":"Air France annonce suspendre ses vols entre Paris et Antananarivo jusqu\u2019\u00e0 lundi inclus"},"content":{"rendered":"<p><a href=\"https:\/\/www.20minutes.fr\/economie\/air_france\/\" class=\"c-link c-link--is-underlined\" rel=\"nofollow noopener\" target=\"_blank\">Air France<\/a> a annonc\u00e9 ce dimanche \u00e0 l\u2019AFP avoir suspendu ses liaisons entre l\u2019a\u00e9roport Paris-Charles de Gaulle et <a href=\"https:\/\/www.20minutes.fr\/dossier\/antananarivo\" class=\"c-link c-link--is-underlined\" rel=\"nofollow noopener\" target=\"_blank\">Antananarivo<\/a> depuis samedi et jusqu\u2019au lundi 13\u00a0octobre inclus. La compagnie invoque \u00ab\u00a0la situation s\u00e9curitaire\u00a0\u00bb sur l\u2019\u00eele de <a href=\"https:\/\/www.20minutes.fr\/dossier\/madagascar\" class=\"c-link c-link--is-underlined\" rel=\"nofollow noopener\" target=\"_blank\">Madagascar<\/a>, secou\u00e9e par des manifestations antigouvernementales.<\/p>\n<p>La reprise des op\u00e9rations \u00ab\u00a0restera soumise \u00e0 une \u00e9valuation quotidienne de la situation sur place\u00a0\u00bb, a pr\u00e9cis\u00e9 la compagnie. \u00ab\u00a0Les clients concern\u00e9s seront avis\u00e9s individuellement et des solutions de report ou de remboursement leur seront propos\u00e9es\u00a0\u00bb, a-t-elle ajout\u00e9, en soulignant que \u00ab\u00a0la s\u00e9curit\u00e9 de ses clients et de ses \u00e9quipages est sa priorit\u00e9 absolue\u00a0\u00bb. De son c\u00f4t\u00e9 la compagnie Air Austral qui op\u00e8re entre l\u2019<a href=\"https:\/\/www.20minutes.fr\/societe\/reunion\/\" class=\"c-link c-link--is-underlined\" rel=\"nofollow noopener\" target=\"_blank\">Ile de la R\u00e9union<\/a> et Madagascar a indiqu\u00e9 \u00e0 l\u2019AFP qu\u2019elle avait annul\u00e9 une rotation samedi mais que ses vols \u00e9taient \u00ab\u00a0maintenus\u00a0\u00bb pour la journ\u00e9e de dimanche.<\/p>\n<p>\u00ab\u00a0Vivement d\u00e9conseill\u00e9 de se d\u00e9placer\u00a0\u00bb<\/p>\n<p>Dans un message d\u2019information sur son site Internet, l\u2019a\u00e9roport international d\u2019Antananarivo a pr\u00e9venu que \u00ab\u00a0certains vols peuvent \u00eatre sujets \u00e0 des perturbations\u00a0\u00bb. Des vols pr\u00e9vus \u00e0 destination de provinces malgaches, de l\u2019<a href=\"https:\/\/www.20minutes.fr\/monde\/ethiopie\/\" class=\"c-link c-link--is-underlined\" rel=\"nofollow noopener\" target=\"_blank\">Ethiopie<\/a> et de l\u2019<a href=\"https:\/\/www.20minutes.fr\/dossier\/afrique_du_sud\" class=\"c-link c-link--is-underlined\" rel=\"nofollow noopener\" target=\"_blank\">Afrique du Sud<\/a> ont pu d\u00e9coller, dimanche, tandis qu\u2019un vol vers les <a href=\"https:\/\/www.20minutes.fr\/monde\/seychelles\/\" class=\"c-link c-link--is-underlined\" rel=\"nofollow noopener\" target=\"_blank\">Seychelles<\/a>\/<a href=\"https:\/\/www.20minutes.fr\/dossier\/dubai\" class=\"c-link c-link--is-underlined\" rel=\"nofollow noopener\" target=\"_blank\">Duba\u00ef<\/a> est annonc\u00e9 comme annul\u00e9 pour cette journ\u00e9e. \u00ab\u00a0En raison des \u00e9v\u00e9nements qui se d\u00e9roulent actuellement \u00e0 Tananarive, il est vivement conseill\u00e9 d\u2019\u00e9viter tout d\u00e9placement et de rester \u00e0 son domicile\u00a0\u00bb, a pr\u00e9venu samedi l\u2019ambassade France \u00e0 Madagascar dans un message \u00e0 ses ressortissants.<\/p>\n<p>Une unit\u00e9 de l\u2019arm\u00e9e malgache, qui a appel\u00e9 \u00e0 la d\u00e9sob\u00e9issance, a dit dimanche prendre le contr\u00f4le de l\u2019arm\u00e9e dans un pays secou\u00e9 par des manifestations antigouvernementales, le pr\u00e9sident Andry Rajoelina ayant d\u00e9nonc\u00e9 une \u00ab\u00a0tentative de prise de pouvoir ill\u00e9gale\u00a0\u00bb.<\/p>\n","protected":false},"excerpt":{"rendered":"Air France a annonc\u00e9 ce dimanche \u00e0 l\u2019AFP avoir suspendu ses liaisons entre l\u2019a\u00e9roport Paris-Charles de Gaulle et&hellip;\n","protected":false},"author":2,"featured_media":457496,"comment_status":"","ping_status":"","sticky":false,"template":"","format":"standard","meta":{"footnotes":""},"categories":[1888],"tags":[47,11,1816,58249,7182,1777,674,1011,27,8459,1272,74,12,626,25],"class_list":{"0":"post-457495","1":"post","2":"type-post","3":"status-publish","4":"format-standard","5":"has-post-thumbnail","7":"category-paris","8":"tag-actualite","9":"tag-actualites","10":"tag-air-france","11":"tag-antananarivo","12":"tag-aviation","13":"tag-eu","14":"tag-europe","15":"tag-fr","16":"tag-france","17":"tag-madagascar","18":"tag-manifestations","19":"tag-monde","20":"tag-news","21":"tag-paris","22":"tag-republique-francaise"},"share_on_mastodon":{"url":"https:\/\/pubeurope.com\/@fr\/115361411418925552","error":""},"_links":{"self":[{"href":"https:\/\/www.europesays.com\/fr\/wp-json\/wp\/v2\/posts\/457495","targetHints":{"allow":["GET"]}}],"collection":[{"href":"https:\/\/www.europesays.com\/fr\/wp-json\/wp\/v2\/posts"}],"about":[{"href":"https:\/\/www.europesays.com\/fr\/wp-json\/wp\/v2\/types\/post"}],"author":[{"embeddable":true,"href":"https:\/\/www.europesays.com\/fr\/wp-json\/wp\/v2\/users\/2"}],"replies":[{"embeddable":true,"href":"https:\/\/www.europesays.com\/fr\/wp-json\/wp\/v2\/comments?post=457495"}],"version-history":[{"count":0,"href":"https:\/\/www.europesays.com\/fr\/wp-json\/wp\/v2\/posts\/457495\/revisions"}],"wp:featuredmedia":[{"embeddable":true,"href":"https:\/\/www.europesays.com\/fr\/wp-json\/wp\/v2\/media\/457496"}],"wp:attachment":[{"href":"https:\/\/www.europesays.com\/fr\/wp-json\/wp\/v2\/media?parent=457495"}],"wp:term":[{"taxonomy":"category","embeddable":true,"href":"https:\/\/www.europesays.com\/fr\/wp-json\/wp\/v2\/categories?post=457495"},{"taxonomy":"post_tag","embeddable":true,"href":"https:\/\/www.europesays.com\/fr\/wp-json\/wp\/v2\/tags?post=457495"}],"curies":[{"name":"wp","href":"https:\/\/api.w.org\/{rel}","templated":true}]}}