{"id":45750,"date":"2025-04-23T05:10:12","date_gmt":"2025-04-23T05:10:12","guid":{"rendered":"https:\/\/www.europesays.com\/fr\/45750\/"},"modified":"2025-04-23T05:10:12","modified_gmt":"2025-04-23T05:10:12","slug":"inexorablement-le-recours-a-la-climatisation-progresse-a-paris","status":"publish","type":"post","link":"https:\/\/www.europesays.com\/fr\/45750\/","title":{"rendered":"inexorablement, le recours \u00e0 la climatisation progresse \u00e0 Paris"},"content":{"rendered":"<p>            Par<br \/>\n        <strong><br \/>\n            <a href=\"https:\/\/actu.fr\/auteur\/emilie-salabelle\" title=\"Consulter tous les articles de Emilie Salabelle\" target=\"_blank\" rel=\"noopener\">Emilie Salabelle<\/a><br \/>\n        <\/strong><\/p>\n<p>        Publi\u00e9 le<\/p>\n<p>            23 avr. 2025 \u00e0 6h12        <\/p>\n<p>\u00ab\u2009Pas encore g\u00e9n\u00e9ralis\u00e9e, pas encore banalis\u00e9e, mais d\u00e9j\u00e0 tr\u00e8s pr\u00e9sente.\u2009\u00bb \u00c0 <a href=\"https:\/\/actu.fr\/paris\/\" target=\"_blank\" rel=\"noopener\">Paris<\/a>, la <strong>climatisation<\/strong> fait son chemin. Dans les tours de bureaux, les commerces en rez-de-chauss\u00e9e, aux fen\u00eatres des logements ou sur les toits\u2026 Face aux <a href=\"https:\/\/actu.fr\/ile-de-france\/paris_75056\/un-ressenti-jusqu-a-39-c-alerte-a-la-canicule-a-paris-meteo-france-declenche-la-vigilance-jaune_61418546.html\" target=\"_blank\" rel=\"noopener\">canicules \u00e0 r\u00e9p\u00e9tition<\/a>, nombreux sont ceux qui voient dans l\u2019appareil de climatisation la solution incontournable, en t\u00e9moigne <a href=\"https:\/\/actu.fr\/ile-de-france\/paris_75056\/climatiseur-ventilateur-rafraichisseur-d-air-comment-les-parisiens-luttent-contre-la-chaleur_59850503.html\" target=\"_blank\" rel=\"noopener\">l\u2019explosion des ventes<\/a> en France. Mais ce choix est lourd de cons\u00e9quences. Dans le premier volet d\u2019une <a href=\"https:\/\/www.apur.org\/fr\/nos-travaux\/climatisation-paris-volet-1-formes-insertions-nuisances\" target=\"_blank\" rel=\"noopener\">\u00e9tude<\/a> consacr\u00e9e \u00e0 ce sujet, l\u2019Atelier parisien d\u2019urbanisme (Apur) travaille \u00e0 recenser le ph\u00e9nom\u00e8ne et objectiver les nuisances li\u00e9es \u00e0 ces \u00ab\u2009demandes de froid\u2009\u00bb en expansion, qui aggravent le ph\u00e9nom\u00e8ne des <a href=\"https:\/\/actu.fr\/ile-de-france\/paris_75056\/carte-ou-fait-il-le-plus-chaud-en-ile-de-france_59878164.html\" target=\"_blank\" rel=\"noopener\"><strong>\u00eelots de chaleur urbains<\/strong><\/a>. Paris est-il vou\u00e9 \u00e0 se transformer en nid \u00e0 \u00ab\u2009clim\u2009\u00bb, \u00e0 l\u2019instar de New York, Rio de Janeiro ou S\u00e9ville\u2009?<\/p>\n<p>Faire face aux nuits tropicales<\/p>\n<p class=\" wall-content\">D\u2019apr\u00e8s M\u00e9t\u00e9o-France, les Parisiens devront supporter 40 nuits tropicales (lorsque la temp\u00e9rature ne descend pas sous les 20\u00a0\u00b0C) par an \u00e0 la fin du si\u00e8cle contre 6 \u00e0 la fin du XXe\u00a0si\u00e8cle. Pour <a href=\"https:\/\/actu.fr\/ile-de-france\/paris_75056\/carte-ou-fait-il-le-plus-chaud-en-ile-de-france_59878164.html\" target=\"_blank\" rel=\"noopener\">faire face \u00e0 la chaleur \u00e9touffante<\/a>, au travail comme \u00e0 la maison, l\u2019usage de la clim s\u2019impose comme une solution incontournable.<\/p>\n<p class=\" wall-content\">D\u2019apr\u00e8s le <a href=\"https:\/\/actu.fr\/ile-de-france\/paris_75056\/partout-dans-le-monde-les-villes-nous-prennent-en-exemple-le-plan-local-d-urbanisme-de-paris-adopte_61892196.html\" target=\"_blank\" rel=\"noopener\">PLU bioclimatique<\/a> de la Ville de Paris, \u00ab\u2009le confort d\u2019\u00e9t\u00e9 doit \u00eatre recherch\u00e9 prioritairement au moyen de <strong>dispositifs passifs<\/strong>. Le cas \u00e9ch\u00e9ant, le recours compl\u00e9mentaire \u00e0 un syst\u00e8me de production de froid doit intervenir prioritairement par raccordement au r\u00e9seau de froid urbain. En cas d\u2019impossibilit\u00e9 technique, il est possible de recourir \u00e0 d\u2019autres syst\u00e8mes de climatisation collectifs\u2009\u00bb.<\/p>\n<p class=\" wall-content\">Et c\u2019est bien souvent vers ce choix que s\u2019orientent les Parisiens. Diff\u00e9rents types de \u00ab\u2009clim\u2009\u00bb se d\u00e9veloppent \u00e0 Paris. La plus institutionnalis\u00e9e est celle des immeubles de bureaux, devenue la norme dans les constructions neuves. \u00ab\u2009Un b\u00e2timent de bureau neuf qui serait mis sur le march\u00e9 sans climatisation est jug\u00e9 aujourd\u2019hui inconcevable\u2009\u00bb, note l\u2019Apur.<\/p>\n<p class=\" wall-content\">Mais ce n\u2019est pas la seule. Nombre de particuliers se tournent \u00e9galement vers les <strong>climatiseurs mobiles <\/strong>disponibles en magasin de bricolage, parfaits pour de petits volumes comme un studio ou un local commercial.<\/p>\n<p>Des bureaux aux petits studios<\/p>\n<p class=\" wall-content\">Dans les faits, difficile d\u2019estimer l\u2019ampleur r\u00e9elle du recours au refroidissement dans la capitale, pr\u00e9cise l\u2019\u00e9tude. \u00ab\u2009Les b\u00e2timents appartenant au secteur tertiaire sont vraisemblablement fortement climatis\u00e9s, notamment les b\u00e2timents ayant \u00e9t\u00e9 con\u00e7us ou r\u00e9nov\u00e9s apr\u00e8s la <a href=\"https:\/\/actu.fr\/tag\/seconde-guerre-mondiale\" target=\"_blank\" rel=\"noopener\">Seconde guerre mondiale<\/a>. C\u2019est notamment le cas des <strong>bureaux, des h\u00f4pitaux, des mus\u00e9es, des cin\u00e9mas, des centres commerciaux<\/strong>, etc\u2009\u00bb, estime l\u2019Apur. Ces syst\u00e8mes sont g\u00e9n\u00e9ralement invisibles, car install\u00e9s sur les toits, ou \u00ab\u2009parce que les b\u00e2timents sont reli\u00e9s au <a href=\"https:\/\/actu.fr\/ile-de-france\/paris_75056\/paris-cette-usine-fabrique-de-l-air-frais-avec-l-eau-de-la-seine_52080515.html\" target=\"_blank\" rel=\"noopener\">r\u00e9seau de froid urbain \u00ab\u2009Fra\u00eecheur de Paris\u2009\u00bb,<\/a> ce qui les dispense d\u2019installations ext\u00e9rieures aux \u00e9difices\u2009\u00bb.<\/p>\n<p class=\" wall-content\">Le <a href=\"https:\/\/actu.fr\/tag\/rechauffement-climatique\" target=\"_blank\" rel=\"noopener\">r\u00e9chauffement climatique<\/a> pousse les Parisiens \u00e0 ajouter des syst\u00e8mes de refroidissement sur des b\u00e2timents qui n\u2019ont pas \u00e9t\u00e9 con\u00e7us pour. On parle alors de climatisation centralis\u00e9e, greff\u00e9e au bord des fen\u00eatres des logements par exemple. Les climatiseurs les plus visibles sont ceux des petits commerces, install\u00e9s sur la rue ou dans les cours d\u2019immeubles. Quant aux logements, ils sont encore dans l\u2019ensemble \u00ab\u00a0peu climatis\u00e9s\u00a0\u00bb, mais la tendance est \u00e0 la hausse, dresse le rapport. Pour les logements de dernier \u00e9tage, sous les toits, il est vraisemblable que nombre de ces installations se fassent de fa\u00e7on informelle <strong>sans demande d\u2019autorisation d\u2019urbanisme<\/strong> aupr\u00e8s de la direction de l\u2019urbanisme de la Ville de Paris ni m\u00eame des copropri\u00e9t\u00e9s\u00a0\u00bb.<\/p>\n<p>Les effets pervers de la climatisation<\/p>\n<p class=\" wall-content\">Or, la \u00ab\u2009clim\u2009\u00bb a plusieurs effets pervers\u2009: consommation d\u2019\u00e9lectricit\u00e9, renforcement de l\u2019effet de serre avec la perte de fluides frigorig\u00e8nes (de puissants gaz \u00e0 effet de serre), nuisances li\u00e9es aux bruits de moteurs \u2013 les plaintes concernant les nuisances sonores et olfactives explosent d\u2019ailleurs lors des p\u00e9riodes de forte chaleur \u2013, et enfin, \u00e9mission de chaleur \u00e0 l\u2019ext\u00e9rieur des b\u00e2timents. Les installations individuelles sont celles qui cumulent le plus d\u2019inconv\u00e9nients\u2009: plus visibles, et moins efficaces, elles <strong>rejettent de l\u2019air chaud directement dans la rue<\/strong> lorsqu\u2019elles ont en rez-de-chauss\u00e9e.<\/p>\n<p class=\" wall-content\">Des rejets particuli\u00e8rement complexes \u00e0 \u00e9vacuer dans des villes denses, dont la configuration ressemble \u00e0 un <strong>pi\u00e8ge de chaleur<\/strong>. \u00ab\u2009Dans une rue o\u00f9 il ferait 30\u00a0\u00b0C, un climatiseur d\u2019un local \u00e0 rez-de-chauss\u00e9e peut rejeter de l\u2019air \u00e0 50\u00a0\u00b0C voire plus\u2009\u00bb, indique l\u2019\u00e9tude. Double peine pour les pi\u00e9tons, mais aussi les habitants des \u00e9tages sup\u00e9rieurs qui ne peuvent plus ventiler leurs logements.<\/p>\n<p class=\" wall-content\">Dans sa mod\u00e9lisation des rejets de chaleur \u00e0 Paris, l\u2019Apur identifie des secteurs cl\u00e9s, li\u00e9s notamment aux <strong>grands p\u00f4les tertiaires<\/strong>\u2009: quartier central des affaires entre Porte Maillot et le Louvre, Montparnasse, Balard, Gare de l\u2019Est, porte des Lilas\u2026<\/p>\n<p>      <img   decoding=\"async\" loading=\"lazy\" src=\"https:\/\/www.europesays.com\/fr\/wp-content\/uploads\/2025\/04\/design-sans-titre-2025-04-22t185040798-960x640.png\" alt=\"L'Apur a cartographi\u00e9 les rejets de chaleur li\u00e9s \u00e0 l'usage de la climatisation \u00e0 Paris.\" width=\"960\" height=\"640\"\/><br \/>\n    L\u2019Apur a cartographi\u00e9 les rejets de chaleur li\u00e9s \u00e0 l\u2019usage de la climatisation \u00e0 Paris. (\u00a9 Apur \u2013 2024)<\/p>\n<p class=\" wall-content\">Dans les quartiers desservis par le r\u00e9seau de froid urbain parisien, les rejets de chaleur tendent \u00e0 s\u2019effacer. \u00ab\u2009C\u2019est en particulier notable dans le secteur de l\u2019avenue de France [Paris 13e, ndlr] qui ressort peu sur la carte alors que la densit\u00e9 de bureaux y est tr\u00e8s forte\u2009\u00bb, note l\u2019Apur.<\/p>\n<p class=\" wall-content\">Pour \u00e9viter de voir un climatiseur greff\u00e9 \u00e0 chaque fen\u00eatre de Paris, comme c\u2019est le cas dans d\u2019autres capitales mondiales, l\u2019Apur pr\u00e9conise d\u2019am\u00e9nager au mieux les b\u00e2timents (installation de volets, pr\u00e9servation des cours et chemin\u00e9es pour une meilleure ventilation\u2026). Quand elle est in\u00e9vitable, la climatisation doit \u00eatre au maximum \u00ab d\u00e9centralis\u00e9e\u2009\u00bb, c\u2019est-\u00e0-dire raccord\u00e9e au r\u00e9seau de froid de la Ville de Paris.<\/p>\n<p class=\" wall-content\">Suivez toute l\u2019actualit\u00e9 de vos villes et m\u00e9dias favoris en vous inscrivant \u00e0 <a href=\"https:\/\/moncompte.actu.fr\" title=\"D\u00e9couvez Mon Actu\" rel=\"nofollow noopener\" data-trk=\"{&quot;cta&quot;:{&quot;action&quot;:&quot;https:\\\/\\\/moncompte.actu.fr&quot;,&quot;category&quot;:&quot;mon compte&quot;,&quot;from&quot;:&quot;article footer&quot;,&quot;name&quot;:&quot;Mon actu&quot;,&quot;type&quot;:&quot;cta&quot;}}\" target=\"_blank\">Mon Actu<\/a>.<\/p>\n","protected":false},"excerpt":{"rendered":"Par Emilie Salabelle Publi\u00e9 le 23 avr. 2025 \u00e0 6h12 \u00ab\u2009Pas encore g\u00e9n\u00e9ralis\u00e9e, pas encore banalis\u00e9e, mais d\u00e9j\u00e0&hellip;\n","protected":false},"author":2,"featured_media":45751,"comment_status":"","ping_status":"","sticky":false,"template":"","format":"standard","meta":{"footnotes":""},"categories":[1888],"tags":[1111,1928,11,1927,6698,1129,1777,674,1011,27,12,1926,626,1925,52,5140,25],"class_list":{"0":"post-45750","1":"post","2":"type-post","3":"status-publish","4":"format-standard","5":"has-post-thumbnail","7":"category-paris","8":"tag-actu","9":"tag-actu-paris","10":"tag-actualites","11":"tag-actualites-paris","12":"tag-canicule","13":"tag-climat","14":"tag-eu","15":"tag-europe","16":"tag-fr","17":"tag-france","18":"tag-news","19":"tag-news-paris","20":"tag-paris","21":"tag-paris-news","22":"tag-planete","23":"tag-rechauffement-climatique","24":"tag-republique-francaise"},"share_on_mastodon":{"url":"https:\/\/pubeurope.com\/@fr\/114385559494431909","error":""},"_links":{"self":[{"href":"https:\/\/www.europesays.com\/fr\/wp-json\/wp\/v2\/posts\/45750","targetHints":{"allow":["GET"]}}],"collection":[{"href":"https:\/\/www.europesays.com\/fr\/wp-json\/wp\/v2\/posts"}],"about":[{"href":"https:\/\/www.europesays.com\/fr\/wp-json\/wp\/v2\/types\/post"}],"author":[{"embeddable":true,"href":"https:\/\/www.europesays.com\/fr\/wp-json\/wp\/v2\/users\/2"}],"replies":[{"embeddable":true,"href":"https:\/\/www.europesays.com\/fr\/wp-json\/wp\/v2\/comments?post=45750"}],"version-history":[{"count":0,"href":"https:\/\/www.europesays.com\/fr\/wp-json\/wp\/v2\/posts\/45750\/revisions"}],"wp:featuredmedia":[{"embeddable":true,"href":"https:\/\/www.europesays.com\/fr\/wp-json\/wp\/v2\/media\/45751"}],"wp:attachment":[{"href":"https:\/\/www.europesays.com\/fr\/wp-json\/wp\/v2\/media?parent=45750"}],"wp:term":[{"taxonomy":"category","embeddable":true,"href":"https:\/\/www.europesays.com\/fr\/wp-json\/wp\/v2\/categories?post=45750"},{"taxonomy":"post_tag","embeddable":true,"href":"https:\/\/www.europesays.com\/fr\/wp-json\/wp\/v2\/tags?post=45750"}],"curies":[{"name":"wp","href":"https:\/\/api.w.org\/{rel}","templated":true}]}}