{"id":457505,"date":"2025-10-12T13:27:12","date_gmt":"2025-10-12T13:27:12","guid":{"rendered":"https:\/\/www.europesays.com\/fr\/457505\/"},"modified":"2025-10-12T13:27:12","modified_gmt":"2025-10-12T13:27:12","slug":"glacant-voyage-dans-lallemagne-des-annees-30","status":"publish","type":"post","link":"https:\/\/www.europesays.com\/fr\/457505\/","title":{"rendered":"gla\u00e7ant voyage dans l\u2019Allemagne des ann\u00e9es 30"},"content":{"rendered":"<p>La conf\u00e9rence d\u2019une heure a glac\u00e9 l\u2019h\u00e9micycle de la halle aux Grains de Blois pourtant \u00e9cras\u00e9e de moiteur. La d\u00e9monstration de Johann Chapoutot (1) venu s\u2019entretenir, de L\u2019ascension r\u00e9sistible de Hitler et du parti nazi, dans le cadre des 28es\u00a0Rendez-vous de l\u2019Histoire, fut aussi brillante qu\u2019inqui\u00e9tante.\u00a0La th\u00e8se de l\u2019historien mart\u00e9gal est claire\u00a0: \u00ab\u00a0contrairement \u00e0 une id\u00e9e re\u00e7ue, Adolf Hitler n\u2019est pas arriv\u00e9 au pouvoir par les urnes\u00a0\u00bb. Le professeur \u00e0 la Sorbonne, pour qui \u00ab\u00a0toute histoire est contemporaine\u00a0\u00bb, se livre \u00e0 l\u2019immersion saisissante dans l\u2019Allemagne des ann\u00e9es 30, d\u2019un flash-back ramenant tragiquement \u00e0 la situation politique de la France aujourd\u2019hui. Tout est \u00e9tay\u00e9, mod\u00e9lis\u00e9, argument\u00e9, recoup\u00e9.\u00a0Cela n\u2019a rien d\u2019une fiction.\u00a0Toute ressemblance avec des faits et des personnages existants ou ayant exist\u00e9 ne serait donc pas purement fortuite.<\/p>\n<p>Plus que troublant<\/p>\n<p>Les analogies, les comparaisons s\u2019approchent, non pas du point Godwin, mais bien du point de rupture. C\u2019est plus que troublant, c\u2019est parlant\u00a0: les trois blocs parlementaires incapables de s\u2019entendre au Reichstag, la crise \u00e9conomique, les politiques d\u00e9cr\u00e9dibilis\u00e9s, un pacte de corruption au sommet de l\u2019\u00c9tat. Mais aussi, un pr\u00e9sident, Hindenburg, qui rechigne a nomm\u00e9 chancelier un social-d\u00e9mocrate du SPD, parti de gauche vainqueur des \u00e9lections l\u00e9gislatives. Ou encore un magnat de la presse, Hugenberg, qui se sert de ses m\u00e9dias pour populariser le nazisme dans l\u2019espace public. N\u2019en jetez plus. Le pr\u00e9sident conservateur Hindenburg fini par nommer chancelier un Hitler minoritaire pour, croit-il, d\u00e9finitivement le d\u00e9mon\u00e9tiser. Goebbels le propagandiste nazi avait tout compris. \u00ab\u00a0Ces cr\u00e9tins de bourgeois vont nous laisser le pouvoir sans penser que nous ne le rendrons jamais.\u00a0\u00bb<\/p>\n<p>(1) Les Irresponsables\u00a0: qui a port\u00e9 Hitler au pouvoir. \u00c9ditions Gallimard.<\/p>\n","protected":false},"excerpt":{"rendered":"La conf\u00e9rence d\u2019une heure a glac\u00e9 l\u2019h\u00e9micycle de la halle aux Grains de Blois pourtant \u00e9cras\u00e9e de moiteur.&hellip;\n","protected":false},"author":2,"featured_media":457506,"comment_status":"","ping_status":"","sticky":false,"template":"","format":"standard","meta":{"footnotes":""},"categories":[1587],"tags":[1392,11,672,3469,1804,1805,1803,1057,1777,674,1801,58250,4368,1393,12,316,1802],"class_list":{"0":"post-457505","1":"post","2":"type-post","3":"status-publish","4":"format-standard","5":"has-post-thumbnail","7":"category-allemagne","8":"tag-a-la-une-local","9":"tag-actualites","10":"tag-allemagne","11":"tag-blois","12":"tag-bundesrepublik-deutschland","13":"tag-de","14":"tag-deutschland","15":"tag-education","16":"tag-eu","17":"tag-europe","18":"tag-germany","19":"tag-les-rendez-vous-de-lhistoire","20":"tag-loir-et-cher","21":"tag-loisirs","22":"tag-news","23":"tag-politique","24":"tag-republique-federale-dallemagne"},"share_on_mastodon":{"url":"https:\/\/pubeurope.com\/@fr\/115361431124809903","error":""},"_links":{"self":[{"href":"https:\/\/www.europesays.com\/fr\/wp-json\/wp\/v2\/posts\/457505","targetHints":{"allow":["GET"]}}],"collection":[{"href":"https:\/\/www.europesays.com\/fr\/wp-json\/wp\/v2\/posts"}],"about":[{"href":"https:\/\/www.europesays.com\/fr\/wp-json\/wp\/v2\/types\/post"}],"author":[{"embeddable":true,"href":"https:\/\/www.europesays.com\/fr\/wp-json\/wp\/v2\/users\/2"}],"replies":[{"embeddable":true,"href":"https:\/\/www.europesays.com\/fr\/wp-json\/wp\/v2\/comments?post=457505"}],"version-history":[{"count":0,"href":"https:\/\/www.europesays.com\/fr\/wp-json\/wp\/v2\/posts\/457505\/revisions"}],"wp:featuredmedia":[{"embeddable":true,"href":"https:\/\/www.europesays.com\/fr\/wp-json\/wp\/v2\/media\/457506"}],"wp:attachment":[{"href":"https:\/\/www.europesays.com\/fr\/wp-json\/wp\/v2\/media?parent=457505"}],"wp:term":[{"taxonomy":"category","embeddable":true,"href":"https:\/\/www.europesays.com\/fr\/wp-json\/wp\/v2\/categories?post=457505"},{"taxonomy":"post_tag","embeddable":true,"href":"https:\/\/www.europesays.com\/fr\/wp-json\/wp\/v2\/tags?post=457505"}],"curies":[{"name":"wp","href":"https:\/\/api.w.org\/{rel}","templated":true}]}}