{"id":457507,"date":"2025-10-12T13:28:11","date_gmt":"2025-10-12T13:28:11","guid":{"rendered":"https:\/\/www.europesays.com\/fr\/457507\/"},"modified":"2025-10-12T13:28:11","modified_gmt":"2025-10-12T13:28:11","slug":"quand-leurope-est-nee-un-cataclysme-prehistorique-raconte-en-3d-ce-dimanche-12-octobre","status":"publish","type":"post","link":"https:\/\/www.europesays.com\/fr\/457507\/","title":{"rendered":"Quand l&rsquo;Europe est n\u00e9e : un cataclysme pr\u00e9historique racont\u00e9 en 3D ce dimanche 12 octobre"},"content":{"rendered":"<p class=\"ap-StoryElement ap-StoryElement--mb ap-StoryText\">Il y a 450.000 ans, une calotte glaciaire recouvrait le nord du continent. \u00c0 la fronti\u00e8re de l&rsquo;actuelle Manche, un lac g\u00e9ant finit par rompre sous l&rsquo;effet de la fonte.<\/p>\n<p class=\"ap-StoryElement ap-StoryElement--mb ap-StoryText\">Ce cata\u00adclysme provoqua des chutes d&rsquo;eau, creusa des vall\u00e9es et bouleversa l&rsquo;\u00e9cosyst\u00e8me. L&rsquo;Europe moderne apparut alors.<\/p>\n<p>Une histoire de la cohabitation<\/p>\n<p class=\"ap-StoryElement ap-StoryElement--mb ap-StoryText\">Ce film retrace ces \u00e9pisodes, avec des reconstitutions en 3D et des images saisissantes. L&rsquo;occasion d&rsquo;y croiser \u00e9l\u00e9phants, rennes et premiers humains, tout en \u00adcomprenant comment nature et faune ont cohabit\u00e9 au fil des mill\u00e9\u00adnaires.<\/p>\n","protected":false},"excerpt":{"rendered":"Il y a 450.000 ans, une calotte glaciaire recouvrait le nord du continent. \u00c0 la fronti\u00e8re de l&rsquo;actuelle&hellip;\n","protected":false},"author":2,"featured_media":457508,"comment_status":"","ping_status":"","sticky":false,"template":"","format":"standard","meta":{"footnotes":""},"categories":[1586],"tags":[58253,19020,11,1190,1777,674,1011,27,17677,12,58251,25,58252],"class_list":{"0":"post-457507","1":"post","2":"type-post","3":"status-publish","4":"format-standard","5":"has-post-thumbnail","7":"category-europe","8":"tag-20h50","9":"tag-19020","10":"tag-actualites","11":"tag-documentaire","12":"tag-eu","13":"tag-europe","14":"tag-fr","15":"tag-france","16":"tag-inedit","17":"tag-news","18":"tag-quand-leurope-a-emerge-des-glaces","19":"tag-republique-francaise","20":"tag-ushuaia-tv"},"share_on_mastodon":{"url":"https:\/\/pubeurope.com\/@fr\/115361435093034932","error":""},"_links":{"self":[{"href":"https:\/\/www.europesays.com\/fr\/wp-json\/wp\/v2\/posts\/457507","targetHints":{"allow":["GET"]}}],"collection":[{"href":"https:\/\/www.europesays.com\/fr\/wp-json\/wp\/v2\/posts"}],"about":[{"href":"https:\/\/www.europesays.com\/fr\/wp-json\/wp\/v2\/types\/post"}],"author":[{"embeddable":true,"href":"https:\/\/www.europesays.com\/fr\/wp-json\/wp\/v2\/users\/2"}],"replies":[{"embeddable":true,"href":"https:\/\/www.europesays.com\/fr\/wp-json\/wp\/v2\/comments?post=457507"}],"version-history":[{"count":0,"href":"https:\/\/www.europesays.com\/fr\/wp-json\/wp\/v2\/posts\/457507\/revisions"}],"wp:featuredmedia":[{"embeddable":true,"href":"https:\/\/www.europesays.com\/fr\/wp-json\/wp\/v2\/media\/457508"}],"wp:attachment":[{"href":"https:\/\/www.europesays.com\/fr\/wp-json\/wp\/v2\/media?parent=457507"}],"wp:term":[{"taxonomy":"category","embeddable":true,"href":"https:\/\/www.europesays.com\/fr\/wp-json\/wp\/v2\/categories?post=457507"},{"taxonomy":"post_tag","embeddable":true,"href":"https:\/\/www.europesays.com\/fr\/wp-json\/wp\/v2\/tags?post=457507"}],"curies":[{"name":"wp","href":"https:\/\/api.w.org\/{rel}","templated":true}]}}