{"id":457509,"date":"2025-10-12T13:29:20","date_gmt":"2025-10-12T13:29:20","guid":{"rendered":"https:\/\/www.europesays.com\/fr\/457509\/"},"modified":"2025-10-12T13:29:20","modified_gmt":"2025-10-12T13:29:20","slug":"la-hongrie-accusee-davoir-espionne-lue-de-linterieur-pour-defendre-ses-interets","status":"publish","type":"post","link":"https:\/\/www.europesays.com\/fr\/457509\/","title":{"rendered":"La Hongrie accus\u00e9e d\u2019avoir espionn\u00e9 l\u2019UE de l\u2019int\u00e9rieur pour d\u00e9fendre ses int\u00e9r\u00eats"},"content":{"rendered":"<p class=\"paragraph text_align_left lp-f-body-02\">De faux diplomates envoy\u00e9s par Budapest \u00e0 Bruxelles. La Hongrie a tent\u00e9 d\u2019espionner <a href=\"https:\/\/www.leparisien.fr\/politique\/institutions-europeennes-mode-d-emploi-05-04-2019-8047581.php\" target=\"_self\" rel=\"nofollow noopener\">les institutions europ\u00e9ennes<\/a> entre 2012 et 2018 pour \u00ab \u00eatre inform\u00e9e en amont de toute mesure susceptible de nuire \u00e0 ses int\u00e9r\u00eats \u00bb, selon une enqu\u00eate journalistique publi\u00e9e jeudi.<\/p>\n<p class=\"paragraph text_align_left lp-f-body-02\">\u00ab Chaque citoyen hongrois travaillant \u00e0 la Commission qui avait une valeur potentielle en mati\u00e8re de renseignements \u00e9tait consid\u00e9r\u00e9 comme une cible de recrutement et faisait l\u2019objet d\u2019un profilage \u00bb, a expliqu\u00e9 le centre d\u2019investigation hongrois <a href=\"https:\/\/www.direkt36.hu\/\" target=\"_self\" rel=\"nofollow noopener\">Direkt36<\/a>.<\/p>\n<p class=\"paragraph text_align_left lp-f-body-02\">Direkt36, ayant le m\u00e9dia hongrois Telex comme partenaire de publication, a enqu\u00eat\u00e9 avec son homologue allemand Paper Trail Media et le quotidien belge De Tijd. Le m\u00e9dia a expliqu\u00e9 que sous couverture diplomatique aupr\u00e8s de la repr\u00e9sentation officielle de la Hongrie \u00e0 Bruxelles, des faux diplomates avaient approch\u00e9 ces fonctionnaires de l\u2019UE de nationalit\u00e9 hongroise.<\/p>\n<p>L\u2019UE en alerte<\/p>\n<p class=\"paragraph text_align_left lp-f-body-02\">La Commission europ\u00e9enne a indiqu\u00e9 jeudi \u00ab examiner \u00bb ces all\u00e9gations d\u2019espionnage. L\u2019ex\u00e9cutif europ\u00e9en \u00ab prend ces all\u00e9gations tr\u00e8s au s\u00e9rieux et reste d\u00e9termin\u00e9 \u00e0 prot\u00e9ger la Commission, son personnel, ses informations et ses r\u00e9seaux contre toute collecte illicite de renseignements \u00bb, a r\u00e9agi un porte-parole de la Commission europ\u00e9enne, Balazs Ujvari.<\/p>\n<p class=\"paragraph text_align_left lp-f-body-02\">\u00ab Il s\u2019agit ici d\u2019une question de s\u00e9curit\u00e9 (&#8230;) nous allons mettre en place un groupe interne pour examiner \u00bb ces all\u00e9gations, a-t-il ajout\u00e9 devant la presse \u00e0 Bruxelles.<\/p>\n<p>Un espionnage agressif ?<\/p>\n<p class=\"paragraph text_align_left lp-f-body-02\">Il leur avait demand\u00e9 de faire fuiter des informations sensibles ou d\u2019influencer les rapports de la Commission. \u00ab R\u00e9\u00e9cris ceci, supprime cela \u00bb, a expliqu\u00e9 l\u2019un d\u2019entre eux \u00e0 Direkt36, l\u2019objectif \u00e9tant \u00ab que les textes refl\u00e8tent la vision du monde du gouvernement Orban \u00bb.<\/p>\n<p class=\"paragraph text_align_left lp-f-body-02\">\u00c0 l\u2019\u00e9poque des faits, la repr\u00e9sentation hongroise \u00e9tait dirig\u00e9e par <a href=\"https:\/\/www.leparisien.fr\/international\/guerre-israel-hamas-leurope-au-defi-de-parler-dune-seule-voix-25-10-2023-2EOAIY2PMJE2DLHU7L3DLMRFIE.php\" target=\"_self\" rel=\"nofollow noopener\">Oliver Varhelyi<\/a>, devenu en 2019 commissaire europ\u00e9en. \u00ab Il \u00e9tait certainement au courant des activit\u00e9s d\u2019espionnage men\u00e9es \u00e0 son ambassade \u00bb et \u00ab il \u00e9tait lui-m\u00eame l\u2019un des utilisateurs finaux des informations recueillies \u00bb, selon Direkt36.<\/p>\n<p class=\"paragraph text_align_left lp-f-body-02\">Les <a href=\"https:\/\/www.leparisien.fr\/international\/royaume-uni\/qui-est-c-alias-blaise-metreweli-lespionne-au-service-de-sa-majeste-qui-va-diriger-le-legendaire-mi6-12-07-2025-6HDA2NAA3FB6ZOS72LNVXT6BTY.php\" target=\"_self\" rel=\"nofollow noopener\">activit\u00e9s d\u2019espionnage<\/a> sont m\u00eame devenues \u00ab particuli\u00e8rement agressives \u00bb pendant la p\u00e9riode o\u00f9 il \u00e9tait ambassadeur aupr\u00e8s de l\u2019UE, assure le centre hongrois d\u2019investigation. En contrepartie, Budapest proposait de l\u2019argent ou une aide \u00e0 l\u2019\u00e9volution professionnelle aux fonctionnaires europ\u00e9ens de nationalit\u00e9 hongroise.<\/p>\n<p>Une myst\u00e9rieuse \u00ab Maison hongroise \u00bb<\/p>\n<p class=\"paragraph text_align_left lp-f-body-02\">Direkt36, qui dit ignorer si ces activit\u00e9s ont r\u00e9ussi ou non, affirme qu\u2019elles ont \u00e9t\u00e9 port\u00e9es \u00e0 la connaissance des dirigeants de l\u2019UE. En 2024, le gouvernement de Viktor Orb\u00e1n a inaugur\u00e9 une \u00ab Maison hongroise \u00bb \u00e0 Bruxelles, \u00ab juste en face du bureau du Premier ministre belge \u00bb.<\/p>\n<p class=\"paragraph text_align_left lp-f-body-02\">Ce centre culturel est, selon le collectif d\u2019investigation, per\u00e7u comme un \u00ab risque \u00bb par les services belges de renseignement. Ni le gouvernement hongrois, ni la repr\u00e9sentation de la Commission europ\u00e9enne \u00e0 Budapest n\u2019ont imm\u00e9diatement r\u00e9pondu \u00e0 la demande de commentaire.<\/p>\n<p class=\"paragraph text_align_left lp-f-body-02\">Le dirigeant nationaliste hongrois Viktor Orb\u00e1n est en conflit avec les autorit\u00e9s europ\u00e9ennes depuis son retour au pouvoir en 2010, accus\u00e9 d\u2019avoir port\u00e9 atteinte \u00e0 l\u2019\u00c9tat de droit. Ce qui lui vaut plusieurs proc\u00e9dures de la part de Bruxelles, dont le gel de plusieurs milliards d\u2019euros de fonds europ\u00e9ens.<\/p>\n","protected":false},"excerpt":{"rendered":"De faux diplomates envoy\u00e9s par Budapest \u00e0 Bruxelles. La Hongrie a tent\u00e9 d\u2019espionner les institutions europ\u00e9ennes entre 2012&hellip;\n","protected":false},"author":2,"featured_media":457510,"comment_status":"","ping_status":"","sticky":false,"template":"","format":"standard","meta":{"footnotes":""},"categories":[1586],"tags":[11,1777,674,1779,1011,27,14,12,25,1778,364],"class_list":{"0":"post-457509","1":"post","2":"type-post","3":"status-publish","4":"format-standard","5":"has-post-thumbnail","7":"category-europe","8":"tag-actualites","9":"tag-eu","10":"tag-europe","11":"tag-european-union","12":"tag-fr","13":"tag-france","14":"tag-international","15":"tag-news","16":"tag-republique-francaise","17":"tag-ue","18":"tag-union-europeenne"},"share_on_mastodon":{"url":"https:\/\/pubeurope.com\/@fr\/115361439313323005","error":""},"_links":{"self":[{"href":"https:\/\/www.europesays.com\/fr\/wp-json\/wp\/v2\/posts\/457509","targetHints":{"allow":["GET"]}}],"collection":[{"href":"https:\/\/www.europesays.com\/fr\/wp-json\/wp\/v2\/posts"}],"about":[{"href":"https:\/\/www.europesays.com\/fr\/wp-json\/wp\/v2\/types\/post"}],"author":[{"embeddable":true,"href":"https:\/\/www.europesays.com\/fr\/wp-json\/wp\/v2\/users\/2"}],"replies":[{"embeddable":true,"href":"https:\/\/www.europesays.com\/fr\/wp-json\/wp\/v2\/comments?post=457509"}],"version-history":[{"count":0,"href":"https:\/\/www.europesays.com\/fr\/wp-json\/wp\/v2\/posts\/457509\/revisions"}],"wp:featuredmedia":[{"embeddable":true,"href":"https:\/\/www.europesays.com\/fr\/wp-json\/wp\/v2\/media\/457510"}],"wp:attachment":[{"href":"https:\/\/www.europesays.com\/fr\/wp-json\/wp\/v2\/media?parent=457509"}],"wp:term":[{"taxonomy":"category","embeddable":true,"href":"https:\/\/www.europesays.com\/fr\/wp-json\/wp\/v2\/categories?post=457509"},{"taxonomy":"post_tag","embeddable":true,"href":"https:\/\/www.europesays.com\/fr\/wp-json\/wp\/v2\/tags?post=457509"}],"curies":[{"name":"wp","href":"https:\/\/api.w.org\/{rel}","templated":true}]}}