{"id":457511,"date":"2025-10-12T13:30:18","date_gmt":"2025-10-12T13:30:18","guid":{"rendered":"https:\/\/www.europesays.com\/fr\/457511\/"},"modified":"2025-10-12T13:30:18","modified_gmt":"2025-10-12T13:30:18","slug":"direct-nouveau-gouvernement-lecornu-le-modem-assumera-ses-responsabilites-affirme-jean-noel-barrot","status":"publish","type":"post","link":"https:\/\/www.europesays.com\/fr\/457511\/","title":{"rendered":"DIRECT. Nouveau gouvernement Lecornu : le MoDem assumera ses responsabilit\u00e9s, affirme Jean-No\u00ebl Barrot"},"content":{"rendered":"<p>15:15<\/p>\n<p>Jean-No\u00ebl Barrot dans le prochain gouvernement ?<\/p>\n<p>Interrog\u00e9 sur sa participation ou celle d&rsquo;autres ministres MoDem au nouveau gouvernement Lecornu, alors que le chef des d\u00e9put\u00e9s MoDem Marc Fesneau a sembl\u00e9 la conditionner \u00e0 \u00ab des clarifications \u00bb sur les intentions du gouvernement, Jean-No\u00ebl Barrot a r\u00e9pondu que les questions de personnes \u00e9taient \u00ab secondaires \u00bb.<\/p>\n<p>Le ministre d\u00e9missionnaire a par ailleurs estim\u00e9 qu&rsquo;il fallait soutenir l&rsquo;institution pr\u00e9sidentielle. \u00ab Je suis (&#8230;) de ceux qui ne s&rsquo;en prendront jamais \u00e0 l&rsquo;institution pr\u00e9sidentielle parce que c&rsquo;est un fait dans notre constitution, la pr\u00e9sidence de la R\u00e9publique n&rsquo;est jamais et ne doit jamais \u00eatre un fusible \u00bb, a-t-il comment\u00e9. \u00ab C&rsquo;est la cl\u00e9 de vo\u00fbte de nos institutions. Il faut la pr\u00e9server \u00bb, a-t-il ajout\u00e9.<\/p>\n<p>15:10<\/p>\n<p><strong>Le MoDem assumera ses responsabilit\u00e9s, selon Jean-No\u00ebl Barrot<\/strong><\/p>\n<p>Le MoDem ne se d\u00e9robera pas face \u00e0 ses responsabilit\u00e9s comme il l&rsquo;a toujours fait, a martel\u00e9 ce dimanche le ministre des Affaires \u00e9trang\u00e8res d\u00e9missionnaire.\u00a0<\/p>\n<p>\u00ab Je ne vois pas de raisons pour lesquelles le. MoDem se d\u00e9roberait devant ses responsabilit\u00e9s. Aujourd&rsquo;hui, la situation est suffisamment grave \u00bb, a d\u00e9clar\u00e9 Jean-No\u00ebl Barrot, invit\u00e9 de l&rsquo;\u00e9mission un Dimanche en politique sur France 3.<\/p>\n<p>Il a rappel\u00e9 que le MoDem avait \u00e9t\u00e9 \u00ab de tous les combats les plus difficiles jusqu&rsquo;\u00e0 celui sur la r\u00e9forme des retraites depuis 2017 \u00bb. \u00ab Nous n&rsquo;allons pas changer de cap \u00bb, a-t-il poursuivi.<\/p>\n<p>14:57<\/p>\n<p>Pour Marine Tondelier, une dissolution \u00ab ne r\u00e9soudra rien \u00bb<\/p>\n<p>La secr\u00e9taire nationale des Ecologistes a affirm\u00e9 sur France Inter et au Monde qu&rsquo;une nouvelle dissolution de l&rsquo;Assembl\u00e9e nationale \u00ab ne r\u00e9soudra rien \u00bb mais \u00ab ne la craint pas \u00bb.<\/p>\n<p>\u00ab Nous ne sommes pas inquiets et pas t\u00e9tanis\u00e9s. Nous n&rsquo;avons peur de pas grand chose et surtout pas du vote des Fran\u00e7ais \u00bb, a-t-elle affirm\u00e9.\u00a0<\/p>\n<p>Sur la question de la censure, Marine Tondelier demande un vote de confiance apr\u00e8s le discours de politique g\u00e9n\u00e9rale. Si ce vote n&rsquo;a pas lieu, elle pense \u00e0 d\u00e9poser une motion de censure unitaire. \u00ab Nous estimons qu&rsquo;il faut d&rsquo;abord \u00e9couter le discours de politique g\u00e9n\u00e9rale \u00bb, ajoute-t-elle.<\/p>\n<p>13:40<\/p>\n<p>Jean-Fran\u00e7ois Cop\u00e9 demande \u00e0 Emmanuel Macron de d\u00e9missionner apr\u00e8s les municipales<\/p>\n<p>Le maire LR de Meaux et ancien ministre, \u00e9tait l\u2019invit\u00e9 du Grand Jury RTL-Public S\u00e9nat-Le Figaro-M6 sur RTL ce dimanche. Il a qualifi\u00e9 la situation politique d&rsquo;\u00ab extr\u00eamement grave \u00bb et a estim\u00e9 qu&rsquo;il \u00ab n&rsquo;y a pas de solution dans un nouveau gouvernement \u00bb. Pour lui, il faut qu&rsquo;Emmanuel Macron d\u00e9missionne. \u00ab Je ne pr\u00e9conise pas un d\u00e9part imm\u00e9diat, a-t-il pr\u00e9cis\u00e9. Il faut qu\u2019il programme un d\u00e9part au lendemain des \u00e9lections municipales \u00bb, selon l\u2019ancien pr\u00e9sident de l\u2019UMP.\u00a0<\/p>\n<p>12:10<\/p>\n<p>\u00ab On ne change pas un budget en un week-end \u00bb<\/p>\n<p>Sur le plateau de BFMTV, le d\u00e9put\u00e9 RN Jean-Philippe Tanguy accuse Emmanuel Macron de gagner du temps. \u00ab Le budget, c&rsquo;est un texte \u00e9norme. On ne peut pas le changer en un claquement de doigt \u00bb, lance-t-il, d\u00e9non\u00e7ant la \u00ab succession de mensonges \u00bb du pr\u00e9sident.<\/p>\n<p>12:01<\/p>\n<p>Agn\u00e8s Pannier-Runacher ne sera pas dans le prochain gouvernement<\/p>\n<p>La ministre d\u00e9missionnaire de la Transition \u00e9cologique a confirm\u00e9 sur le plateau de Dimanche en politique, sur France 3, qu&rsquo;elle ne participera pas \u00e0 la nouvelle \u00e9quipe gouvernementale, elle qui a particip\u00e9 \u00e0 tous les gouvernements depuis 2017.<\/p>\n<p>\u00ab Je pense qu\u2019il faut une rupture et je m\u2019applique \u00e0 moi-m\u00eame ce que j\u2019entends des Fran\u00e7ais. (\u2026) Le macronisme a un bon bilan sur plein de choses. Mais aujourd\u2019hui, il faut entendre ce que disent les Fran\u00e7ais. Donc il faut renouveler les visages \u00bb, a-t-elle expliqu\u00e9, ajoutant qu&rsquo;elle a \u00ab des id\u00e9es de ministres \u00bb qui peuvent lui succ\u00e9der.<\/p>\n<p>11:56<\/p>\n<p>Pour Herv\u00e9 Marseille, un censure est possible d\u00e8s \u00ab cette semaine \u00bb<\/p>\n<p>Invit\u00e9 de Radio J, le pr\u00e9sident de l&rsquo;UDI a estim\u00e9 que le gouvernement est dores et d\u00e9j\u00e0 menac\u00e9, avant m\u00eame qu&rsquo;il ne soit nomm\u00e9, \u00ab peut-\u00eatre m\u00eame cette cette semaine \u00bb.<\/p>\n<p>11:03<\/p>\n<p>Les clefs entre les mains du groupe LIOT ?\u00a0<\/p>\n<p>Pour le pr\u00e9sident du groupe LIOT \u00e0 l&rsquo;Assembl\u00e9e Laurent Panifous, le \u00ab r\u00f4le strat\u00e9gique \u00bb de ses troupes, qui compte une vingtaine de d\u00e9put\u00e9s, \u00ab reste accessoire \u00bb.\u00a0<\/p>\n<p>\u00ab Personne n&rsquo;a l&rsquo;impression d&rsquo;avoir gagn\u00e9 vis-\u00e0-vis des autres \u00bb, estime Laurent Panifous sur BFMTV.<\/p>\n<blockquote class=\"twitter-tweet\" align=\"center\">\n<p lang=\"fr\" dir=\"ltr\">Censure: \u00ab\u00a0Je suis conscient que mon groupe a un r\u00f4le strat\u00e9gique [&#8230;] mais cela reste accessoire, \u00e7a veut dire que \u00e7a veut se jouer \u00e0 peu de chose\u00a0\u00bb, analyse Laurent Panifous, pr\u00e9sident du LIOT \u00e0 l&rsquo;Assembl\u00e9e nationale <a href=\"https:\/\/t.co\/PZMZdZNH8l\">pic.twitter.com\/PZMZdZNH8l<\/a><\/p>\n<p>\u2014 BFMTV (@BFMTV) <a href=\"https:\/\/twitter.com\/BFMTV\/status\/1977296340083241383?ref_src=twsrc%5Etfw\" target=\"_blank\" rel=\"noopener\">October 12, 2025<\/a><\/p><\/blockquote>\n<p>10:28<\/p>\n<p>J\u00e9r\u00f4me Guedj demande toujours une suspension de la r\u00e9forme des retraites<\/p>\n<p>\u00ab La suspension de la r\u00e9forme des retraites vot\u00e9e en 2023 sera vot\u00e9e dans le projet de loi de financement de la s\u00e9curit\u00e9 sociale \u00bb. Voil\u00e0 ce que J\u00e9r\u00f4me Guedj veut entendre de la bouche de S\u00e9bastien Lecornu pendant son discours de politique g\u00e9n\u00e9rale. Une suspension qui enjamberait l&rsquo;\u00e9lection pr\u00e9sidentielle de 2027.<\/p>\n<p>\u00ab Je souhaite que si la suspension de la r\u00e9forme des retraites est rendue possible, on puisse avoir ce d\u00e9bat \u00e0 l&rsquo;Assembl\u00e9e nationale et qu&rsquo;il n&rsquo;y ait pas censure au moment de la discussion de politique g\u00e9n\u00e9rale \u00bb, affirme le d\u00e9put\u00e9 PS.<\/p>\n<p>10:22<\/p>\n<p>Un socialiste au gouvernement ? Une mauvaise id\u00e9e pour Guedj<\/p>\n<p>\u00ab Ce serait entretenir de la confusion \u00bb, r\u00e9pond <a href=\"https:\/\/www.leparisien.fr\/politique\/gouvernement-lecornu-le-premier-ministre-doit-sortir-de-lambiguite-martele-le-depute-ps-jerome-guedj-12-10-2025-SJXRGQZMJZEE3CZKVRBIVC5RKM.php\" target=\"_blank\" rel=\"noopener\">J\u00e9r\u00f4me Guedj<\/a>. \u00ab Quand nous \u00e9tions disponibles pour Matignon, c&rsquo;\u00e9tait pour un gouvernement de gauche et des \u00e9cologistes, sans d\u00e9bauchage individuel. Sinon, on ne comprend quel est le point d&rsquo;\u00e9quilibre de ce gouvernement \u00bb, poursuit le d\u00e9put\u00e9 PS.<\/p>\n<p>10:16<\/p>\n<p>Ecouter les Fran\u00e7ais d&rsquo;abord<\/p>\n<p>\u00ab S&rsquo;il veut que son gouvernement ne soit pas censur\u00e9, il faut qu&rsquo;il r\u00e9ponde aux aspirations majoritaires des Fran\u00e7ais \u00bb, lance J\u00e9r\u00f4me Guedj au sujet de S\u00e9bastien Lecornu, ajoutant que les Fran\u00e7ais \u00ab se foutent \u00bb de <a href=\"https:\/\/www.leparisien.fr\/politique\/la-position-du-parti-nengage-personne-la-participation-au-gouvernement-fracture-les-republicains-11-10-2025-OTPKLQUKMVDWHH2ZCZU22IRMSU.php\" target=\"_blank\" rel=\"noopener\">\u00ab la petite tambouille politicienne des LR \u00bb<\/a>.<\/p>\n<p>10:12<\/p>\n<p>\u00ab Il y a avait d&rsquo;autres choix \u00bb, pour Guedj<\/p>\n<p>\u00ab L&rsquo;erreur est humaine, pers\u00e9v\u00e9rer est diabolique. Emmanuel Macron pouvait nous dire &lsquo;Prenez votre responsabilit\u00e9&rsquo;. Parce que nous \u00e9tions pr\u00eats (\u2026) et en capacit\u00e9 de proposer un gouvernement, une \u00e9quipe ramass\u00e9e, comp\u00e9tente, qui aurait pu ne pas \u00eatre censur\u00e9e \u00bb, assure le d\u00e9put\u00e9 de l&rsquo;Essonne sur le plateau de LCI.<\/p>\n<p>10:08<\/p>\n<p>Le PS va \u00ab peser dans la s\u00e9quence \u00bb<\/p>\n<p>Invit\u00e9 de LCI, le d\u00e9put\u00e9 socialiste J\u00e9r\u00f4me Guedj rappelle que son parti va \u00ab peser dans la s\u00e9quence \u00bb politique actuelle, en r\u00e9ponse \u00e0 G\u00e9rard Larcher, qui accusait le PS de faire \u00ab du chantage \u00e0 la censure \u00bb.<\/p>\n<p>09:33<\/p>\n<p>Marc Fesneau demande de la clart\u00e9<\/p>\n<p>Le pr\u00e9sident du groupe parlementaire \u00ab Les D\u00e9mocrates \u00bb exige dans un post sur X \u00ab de conna\u00eetre plus clairement les intentions du gouvernement \u00bb.<\/p>\n<p>\u00ab C&rsquo;est sur cette base que nous d\u00e9terminerons, en toute loyaut\u00e9 et en toute transparence, la nature de notre soutien \u00bb, \u00e9crit-il. \u00ab L&rsquo;ambigu\u00eft\u00e9 ne sert pas le compromis. Sortir de l&rsquo;ambigu\u00eft\u00e9 est un imp\u00e9ratif pour avancer \u00bb, peut-on lire.<\/p>\n<blockquote class=\"twitter-tweet\" align=\"center\">\n<p lang=\"fr\" dir=\"ltr\">Je prends acte, avec mon groupe parlementaire, de la renomination de S\u00e9bastien Lecornu comme Premier ministre.<\/p>\n<p>Cette d\u00e9cision et les choix qu\u2019elle implique appellent un certain nombre de clarifications.<\/p>\n<p>Au-del\u00e0 des personnes, et depuis la crise politique n\u00e9e de la dissolution,\u2026<\/p>\n<p>\u2014 Marc Fesneau (@MFesneau) <a href=\"https:\/\/twitter.com\/MFesneau\/status\/1977270005763838299?ref_src=twsrc%5Etfw\" target=\"_blank\" rel=\"noopener\">October 12, 2025<\/a><\/p><\/blockquote>\n<p>09:21<\/p>\n<p>Pour Faure, \u00ab la dissolution est l&rsquo;hypoth\u00e8se la plus vraisemblable \u00bb<\/p>\n<p>Dans un entretien accord\u00e9 \u00e0 <a href=\"https:\/\/www.latribune.fr\/article\/la-tribune-dimanche\/politique\/12269373636046\/olivier-faure-premier-secretaire-du-ps-la-dissolution-est-l-hypothese-la-plus-vraisemblable\" target=\"_blank\" rel=\"noopener\">la Tribune Dimanche<\/a>, Olivier Faure estime que ce sc\u00e9nario est, pour l&rsquo;heure, le \u00ab plus vraisemblable \u00bb.<\/p>\n<p>\u00ab Depuis un an, nous sommes les seuls \u00e0 faire l\u2019effort de stabiliser le pays. \u00c7a suffit. La balle est dans le camp du gouvernement. Nous ne sommes pas l\u00e0 pour sauver un pouvoir discr\u00e9dit\u00e9 \u00bb, lance-t-il.\u00a0<\/p>\n<p>08:39<\/p>\n<p>Qui pour composer le gouvernement ?\u00a0<\/p>\n<p>L&rsquo;horloge tourne mais encore peu de noms circulent quant \u00e0 la composition du gouvernement Lecornu II. Pourtant, celui du pr\u00e9fet de police <a href=\"https:\/\/www.leparisien.fr\/politique\/laurent-nunez\/\" target=\"_blank\" rel=\"noopener\">Laurent Nu\u00f1ez<\/a> est souvent cit\u00e9 pour remplacer <a href=\"https:\/\/www.leparisien.fr\/politique\/declic-tweet-et-effet-domino-comment-bruno-retailleau-a-bascule-de-linterieur-a-lexterieur-09-10-2025-NUIZGMM6WRB3PMYV566Z3MQZYA.php\" target=\"_blank\" rel=\"noopener\">Bruno Retailleau<\/a> au minist\u00e8re de l&rsquo;Int\u00e9rieur. Nos confr\u00e8res de la Tribune Dimanche \u00e9voquent \u00e9galement celui d&rsquo;Anne Levade pour la Justice. Moins connue que Laurent Nu\u00f1ez, cette juriste a notamment organis\u00e9 les primaires LR de 2016.<\/p>\n<p>08:15<\/p>\n<p>Trois ministres invit\u00e9s<\/p>\n<p>Les prises de paroles de trois ministres d\u00e9missionnaires seront particuli\u00e8rement attendues ce dimanche. A 10 heures, la porte-parole du gouvernement Aurore Berg\u00e9 sera l&rsquo;invit\u00e9e d&rsquo;Europe 1, CNews et Les Echos, avant les interviews d&rsquo;Agn\u00e8s Pannier Runacher, ministre de la Transition \u00e9cologique, et de Jean-No\u00ebl Barrot, ministre de l&rsquo;Europe et des Affaires \u00e9trang\u00e8res, sur France 3 \u00e0 midi.\u00a0<\/p>\n<p>07:56<\/p>\n<p>S\u00e9bastien Lecornu gagne 11 points de popularit\u00e9, dans un nouveau sondage<\/p>\n<p>Le premier ministre renomm\u00e9 a vu sa c\u00f4te de popularit\u00e9 grimper de 11 points, selon le barom\u00e8tre mensuel Ipsos BVA pour \u00ab\u202fLa Tribune Dimanche\u202f\u00bb. Il ne recueille toutefois que 27 % d\u2019opinions favorables, contre 55 % de d\u00e9sapprobation.<\/p>\n<p>07:48<\/p>\n<p>Pour Retailleau, la droite \u00ab ne peut pas participer \u00bb au gouvernement du \u00ab macronisme finissant \u00bb<\/p>\n<p>Le pr\u00e9sident des R\u00e9publicains a justifi\u00e9 son choix de ne pas participer au gouvernement de S\u00e9bastien Lecornu dans un courrier aux adh\u00e9rents LR. \u00ab Chacun a bien compris que ce gouvernement ne peut tenir qu\u2019en trouvant un accord de non censure avec le parti socialiste. \u00bb, a \u00e9crit le ministre de l&rsquo;Int\u00e9rieur d\u00e9missionnaire ajoutant que \u00ab le r\u00f4le de la droite n\u2019est pas de faire une politique de gauche. \u00bb<\/p>\n<p>Bruno Retailleau s&rsquo;est cependant oppos\u00e9 \u00e0 une censure du futur gouvernement. \u00ab Nous ne serons pas des artisans du chaos et si ce gouvernement propose des mesures utiles au pays, nous devrons les soutenir \u00bb, a-t-il ajout\u00e9 souhaitant que LR incarne \u00ab la rupture dont le pays a besoin \u00bb.\u00a0<\/p>\n<p>07:39<\/p>\n<p>Les R\u00e9publicains se d\u00e9chirent<\/p>\n<p>Lors d\u2019une r\u00e9union des parlementaires et d\u2019un bureau politique particuli\u00e8rement tendu hier, s\u00e9nateurs et d\u00e9put\u00e9s se sont d\u00e9chir\u00e9s sur la position \u00e0 adopter apr\u00e8s la reconduction de S\u00e9bastien Lecornu \u00e0 Matignon. Des d\u00e9bauchages pourraient avoir lieu pour constituer la nouvelle \u00e9quipe gouvernementale. <a href=\"https:\/\/www.leparisien.fr\/politique\/la-position-du-parti-nengage-personne-la-participation-au-gouvernement-fracture-les-republicains-11-10-2025-OTPKLQUKMVDWHH2ZCZU22IRMSU.php\" target=\"_blank\" rel=\"noopener\">Explications<\/a>.<\/p>\n<p>07:33<\/p>\n<p>\u00ab Je suis libre \u00bb : Lecornu abat ses cartes<\/p>\n<p>Fra\u00eechement renomm\u00e9, il entame une semaine \u00e0 hauts risques, entre budget, formation du gouvernement et d\u00e9claration de politique g\u00e9n\u00e9rale. Il s\u2019est livr\u00e9 \u00e0 quelques journaux, <a href=\"https:\/\/www.leparisien.fr\/politique\/je-suis-libre-reconduit-au-poste-de-premier-ministre-sebastien-lecornu-abat-ses-cartes-11-10-2025-SKX5H3PS25ALDCVKHVMLJUVG5Q.php\" target=\"_blank\" rel=\"noopener\">dont le Parisien &#8211; Aujourd\u2019hui en France<\/a>.<\/p>\n<p>07:26<\/p>\n<p>Bonjour \u00e0 tous\u00a0<\/p>\n<p>Bienvenue dans ce direct consacr\u00e9 \u00e0 ce deuxi\u00e8me jour de tractations de S\u00e9bastien Lecornu, renomm\u00e9 vendredi \u00e0 Matignon.<\/p>\n<p>Contexte<\/p>\n<p>\u00c0 quand le gouvernement Lecornu 2 ?\u00a0<\/p>\n<p><script async src=\"https:\/\/platform.twitter.com\/widgets.js\" charset=\"utf-8\"><\/script><\/p>\n","protected":false},"excerpt":{"rendered":"15:15 Jean-No\u00ebl Barrot dans le prochain gouvernement ? Interrog\u00e9 sur sa participation ou celle d&rsquo;autres ministres MoDem au&hellip;\n","protected":false},"author":2,"featured_media":457512,"comment_status":"","ping_status":"","sticky":false,"template":"","format":"standard","meta":{"footnotes":""},"categories":[2],"tags":[11,3193,1011,27,2121,12,316,25],"class_list":{"0":"post-457511","1":"post","2":"type-post","3":"status-publish","4":"format-standard","5":"has-post-thumbnail","7":"category-actualites","8":"tag-actualites","9":"tag-conseil-des-ministres","10":"tag-fr","11":"tag-france","12":"tag-jean-noel-barrot","13":"tag-news","14":"tag-politique","15":"tag-republique-francaise"},"share_on_mastodon":{"url":"https:\/\/pubeurope.com\/@fr\/115361442987737480","error":""},"_links":{"self":[{"href":"https:\/\/www.europesays.com\/fr\/wp-json\/wp\/v2\/posts\/457511","targetHints":{"allow":["GET"]}}],"collection":[{"href":"https:\/\/www.europesays.com\/fr\/wp-json\/wp\/v2\/posts"}],"about":[{"href":"https:\/\/www.europesays.com\/fr\/wp-json\/wp\/v2\/types\/post"}],"author":[{"embeddable":true,"href":"https:\/\/www.europesays.com\/fr\/wp-json\/wp\/v2\/users\/2"}],"replies":[{"embeddable":true,"href":"https:\/\/www.europesays.com\/fr\/wp-json\/wp\/v2\/comments?post=457511"}],"version-history":[{"count":0,"href":"https:\/\/www.europesays.com\/fr\/wp-json\/wp\/v2\/posts\/457511\/revisions"}],"wp:featuredmedia":[{"embeddable":true,"href":"https:\/\/www.europesays.com\/fr\/wp-json\/wp\/v2\/media\/457512"}],"wp:attachment":[{"href":"https:\/\/www.europesays.com\/fr\/wp-json\/wp\/v2\/media?parent=457511"}],"wp:term":[{"taxonomy":"category","embeddable":true,"href":"https:\/\/www.europesays.com\/fr\/wp-json\/wp\/v2\/categories?post=457511"},{"taxonomy":"post_tag","embeddable":true,"href":"https:\/\/www.europesays.com\/fr\/wp-json\/wp\/v2\/tags?post=457511"}],"curies":[{"name":"wp","href":"https:\/\/api.w.org\/{rel}","templated":true}]}}