{"id":457521,"date":"2025-10-12T13:35:14","date_gmt":"2025-10-12T13:35:14","guid":{"rendered":"https:\/\/www.europesays.com\/fr\/457521\/"},"modified":"2025-10-12T13:35:14","modified_gmt":"2025-10-12T13:35:14","slug":"chaque-club-a-ses-strategies-et-ses-raisons-lubb-a-toulouse-sans-ses-stars-bielle-biarrey-et-jalibert-lequipe","status":"publish","type":"post","link":"https:\/\/www.europesays.com\/fr\/457521\/","title":{"rendered":"\u00ab Chaque club a ses strat\u00e9gies et ses raisons \u00bb : l&#039;UBB \u00e0 Toulouse sans ses stars Bielle-Biarrey et Jalibert &#8211; L&#039;\u00c9quipe"},"content":{"rendered":"<ol>\n<li><a href=\"https:\/\/news.google.com\/rss\/articles\/CBMi4gFBVV95cUxOc3RWUWFLYUYyemhIa3dhU2JCM25oMElxc1BUMVd5Y1FOM2YxWlp4NFlqZ3NBQ2wxOUJ0RlVkdXNLUXRxSmhNVVVSTEUtQUhOTm16Wm5rcWJtbWx0RmE0cVIzQmZCTHVIbnJSUmpvUEVwdmo3TzM0SGptUnpZNl9DYU5KQm1TM2ZMbnNESGRnd2tjdGhEc1E3dUQxSDVvMVhlTUZnTWdQUWk5ZWd4SHhVa2toWkpYVWszMGl4SGRoM0lYTVFRYXdZcl82ZHpnV25yaEUwWHZoN0NvbnRHa3hyeWdR?oc=5\" target=\"_blank\" rel=\"nofollow noopener\">\u00ab Chaque club a ses strat\u00e9gies et ses raisons \u00bb : l&rsquo;UBB \u00e0 Toulouse sans ses stars Bielle-Biarrey et Jalibert<\/a>&nbsp;&nbsp;L&rsquo;\u00c9quipe<\/li>\n<li><a href=\"https:\/\/news.google.com\/rss\/articles\/CBMi6gFBVV95cUxNY2lGcFJrNGFXMVl3eWNIcEhybzNXNXRHbUZYUC1mSHRTanozbzRuQkVQR2NBZUxTckFqLXRHeWxQd1BpMks5QWlwN0N1QXduRzBHbDN3TzNEYzVYT2t5eUtKT2dydVB4WUNJWWZ0ZTBpdkNsQVIzQjB1Ty1FNXN6a0cwdHdGRUpVbGY3V3AybTVkY0VlSEhjNG1EVDFISHNXWTNWeXo0YWdBMkdwc2pBa1VvQnIxLVBTSHF4eFVBZWxvNHYxa2gyN2tQS3l1T0dzUHFRenR2WGEtRDlJeFdoVDdlaGt2Sk9ab3c?oc=5\" target=\"_blank\" rel=\"nofollow noopener\">Stade Toulousain-UBB : \u00ab\u00a0N\u2019est pas Guy Nov\u00e8s qui veut !\u00a0\u00bb La r\u00e9ponse cinglante du pr\u00e9sident de Bordeaux \u00e0 Ugo Mola<\/a>&nbsp;&nbsp;ladepeche.fr<\/li>\n<li><a href=\"https:\/\/news.google.com\/rss\/articles\/CBMi_gJBVV95cUxQUE43VGtiSGVzM2VLbDhEdFlwbUVZS2U3ZzRMU1c3dDZJbXdiWjF4eXp3eXB5SnV5ekxtSmtlenlZUnpEcHRodl9HSUZUUEdLb2FVRUFKOHJsRWNOalBqUmloTDFGSG5jV3AteUVLbG5DZk52MDF3MWJXMkdZeFdHUTE2UjI4RTV0Z0YtbEZhM09LWVZ0VnJRX2gwOHRfbzVHN1JFVzVfRk81WFh5WGJvZjRIOGJPa21OUFhnNXNYQlJ5RnNVTk1sOW5fNTA3YXhOM3ZUb2dCZVNWMW1OM1dsNXF4MV9jTVFMN2N0V2ljZVZpWWVObmphYXA1OWJ5OEU0c2ZuUm80UTh2eVZGbmdpRzRPY0I2dUlTVTVqLVNmaFhSZmxSRnloRFhQUjEybGpEY3B6N2l6cW5JZXEtZVR1Z1NDUGRoblhBbDJpRDZSa3hkUDRxQ1VLeU5STGdXbnlTLWh3RllBM3k2cXdvWkVRb21ZbGthal95dWVabnhR?oc=5\" target=\"_blank\" rel=\"nofollow noopener\">Le choc Toulouse-UBB, Vacherot sacr\u00e9 face \u00e0 son cousin Rinderknech, les fr\u00e8res Lebrun face \u00e0 l\u2019Espagne, les qualifications pour la Coupe du Monde&#8230; Suivez les temps forts sportifs de ce dimanche 12 octobre<\/a>&nbsp;&nbsp;Sud Ouest<\/li>\n<li><a href=\"https:\/\/news.google.com\/rss\/articles\/CBMiiwJBVV95cUxQWnJlM3dkbnJfejM4ZlRMQTE2bWY2Y3VUblVRTjI5eHlzUXEwZ3RRNWhvRDFlYjJ4dTNOR0RTY0twWEJSaS0xMEtLVHhTM3B3Q3VESWZBMkhMTnIweXp0aXRnaUNibDZrYmxFc3loUVI0R2ItTDRCSE14U2VSQ2lWTGMwaEttTjFhSDdIc0E1X1JCa2xfQ0NMNmpOUnRCU2lIb0M1MklQNFhyNGlNSjB6MFNSYjdhWXd1bjFaZFZoWlRISEE2eGlUUlVDdGN3OFZBcFU0Y3d1ZFhFaW53Sko4YUxQZ0x6Mk1UM0hiekl3UGFnWktBblZBQWVqWXJTOU1mRnZldTRRc3o2d28?oc=5\" target=\"_blank\" rel=\"nofollow noopener\">Contre l&rsquo;UBB, Toulouse doit enfin rallumer la flamme : \u00ab\u00a0Si on tra\u00eene trop, on le paiera cher\u00a0\u00bb<\/a>&nbsp;&nbsp;Eurosport<\/li>\n<li><a href=\"https:\/\/news.google.com\/rss\/articles\/CBMi0wFBVV95cUxOMGZ2UkJvOUFuUkFCS2t4MHZ4Sko5RTBQRVViZjdzcjAtWWE1ZXFlMHA5RTVObi1EZGc2TDFNRjZOYlhiU0RKajNSQW5uY0xqZjBxaWw3V0FhR3gtUEhIV3lHaVk5TGM3UTU0elVwd3ZTcG9oNDk3eC04Rk15UEVYNlR2d1pLUXVJWW4tejc3SkIzVXJkQ29SbVNDSWYtNzJmaWIyd1hRX1l1c1Z4Wnh6SkowaUVVRW4zZm00QjlmSkxYVGNvSHljSVhMT1NxVld1YUtj0gHSAUFVX3lxTE1oajdpei1XTG5JV2pQVC04VnVsY2tnMmVvbDR3Q2k0aGZnNVdsdDhldHJBMFg2aGZQblFYQzBPUXNjY3ZYQkhXMnlQZk9mN3lyandJU0g0Y1NPLUFmR1htTjBXRXhWZTBrX1JHMUVTRmRvTDlPRlVTUkxIcjRWczd4U0tWZVRwRDBvM0lYbW9hT195T3Rac2xEbzFJclJUSkpJMmw5d05EcHF2N2RiUkc2V1BqdVNHeWxPRk9mUXQtcUo3blR2S1ZCb1hVXzkzOEc0Zw?oc=5\" target=\"_blank\" rel=\"nofollow noopener\">Toulouse : Jelonch ne juge pas le d\u00e9but de saison \u00ab alarmant \u00bb<\/a>&nbsp;&nbsp;Orange Actualit\u00e9s | Sports<\/li>\n<\/ol>\n","protected":false},"excerpt":{"rendered":"\u00ab Chaque club a ses strat\u00e9gies et ses raisons \u00bb : l&rsquo;UBB \u00e0 Toulouse sans ses stars Bielle-Biarrey&hellip;\n","protected":false},"author":2,"featured_media":457522,"comment_status":"","ping_status":"","sticky":false,"template":"","format":"standard","meta":{"footnotes":""},"categories":[1416],"tags":[1011,27,479,1468,60],"class_list":{"0":"post-457521","1":"post","2":"type-post","3":"status-publish","4":"format-standard","5":"has-post-thumbnail","7":"category-rugby","8":"tag-fr","9":"tag-france","10":"tag-rugby","11":"tag-rugby-football","12":"tag-sports"},"share_on_mastodon":{"url":"https:\/\/pubeurope.com\/@fr\/115361462601095484","error":""},"_links":{"self":[{"href":"https:\/\/www.europesays.com\/fr\/wp-json\/wp\/v2\/posts\/457521","targetHints":{"allow":["GET"]}}],"collection":[{"href":"https:\/\/www.europesays.com\/fr\/wp-json\/wp\/v2\/posts"}],"about":[{"href":"https:\/\/www.europesays.com\/fr\/wp-json\/wp\/v2\/types\/post"}],"author":[{"embeddable":true,"href":"https:\/\/www.europesays.com\/fr\/wp-json\/wp\/v2\/users\/2"}],"replies":[{"embeddable":true,"href":"https:\/\/www.europesays.com\/fr\/wp-json\/wp\/v2\/comments?post=457521"}],"version-history":[{"count":0,"href":"https:\/\/www.europesays.com\/fr\/wp-json\/wp\/v2\/posts\/457521\/revisions"}],"wp:featuredmedia":[{"embeddable":true,"href":"https:\/\/www.europesays.com\/fr\/wp-json\/wp\/v2\/media\/457522"}],"wp:attachment":[{"href":"https:\/\/www.europesays.com\/fr\/wp-json\/wp\/v2\/media?parent=457521"}],"wp:term":[{"taxonomy":"category","embeddable":true,"href":"https:\/\/www.europesays.com\/fr\/wp-json\/wp\/v2\/categories?post=457521"},{"taxonomy":"post_tag","embeddable":true,"href":"https:\/\/www.europesays.com\/fr\/wp-json\/wp\/v2\/tags?post=457521"}],"curies":[{"name":"wp","href":"https:\/\/api.w.org\/{rel}","templated":true}]}}