{"id":457525,"date":"2025-10-12T13:37:11","date_gmt":"2025-10-12T13:37:11","guid":{"rendered":"https:\/\/www.europesays.com\/fr\/457525\/"},"modified":"2025-10-12T13:37:11","modified_gmt":"2025-10-12T13:37:11","slug":"veauche-le-president-de-la-federation-francaise-de-basket-va-venir-au-crap-on-vous-explique-pourquoi","status":"publish","type":"post","link":"https:\/\/www.europesays.com\/fr\/457525\/","title":{"rendered":"Veauche. Le pr\u00e9sident de la f\u00e9d\u00e9ration fran\u00e7aise de basket va venir au Crap\u00a0: on vous explique pourquoi"},"content":{"rendered":"<p>C\u2019est un honneur qui rejaillit sur tout un club. Le 18\u00a0octobre prochain, le Crap de Veauche aura le privil\u00e8ge d\u2019accueillir le pr\u00e9sident de la F\u00e9d\u00e9ration fran\u00e7aise de basket-ball (FFBB), <a href=\"https:\/\/www.leprogres.fr\/sport\/2024\/07\/28\/jean-pierre-hunckler-sur-la-voie-royale\" target=\"_blank\" rel=\"noopener\">Jean-Pierre Hunckler<\/a>.<\/p>\n<p>Un \u00e9v\u00e9nement qui est rare dans une f\u00e9d\u00e9ration qui compte plus de 3800 clubs et 725\u00a0000 licenci\u00e9s. Cette visite vient r\u00e9compenser un travail de l\u2019ombre men\u00e9 depuis plusieurs ann\u00e9es et qui co\u00efncide avec un nouveau d\u00e9part pour le club, d\u00e9sormais pr\u00e9sid\u00e9 par Jean-Marie Thevenoux, qui succ\u00e8de \u00e0 J\u00e9r\u00f4me Levet.<\/p>\n<p>  Le seul club de la Loire \u00e0 avoir tous les labels<\/p>\n<p>Cette reconnaissance nationale n\u2019est pas le fruit du hasard. \u00ab\u00a0Sa venue va honorer tout le travail de fond qui a \u00e9t\u00e9 fait, notamment notre engagement pour obtenir des labels f\u00e9d\u00e9raux\u00a0\u00bb, explique le nouveau pr\u00e9sident. Le Crap est en effet le seul club de la Loire \u00e0 avoir six labels, soit la totalit\u00e9 des s\u00e9sames en jeu. Le symbole d\u2019un travail de qualit\u00e9 depuis des ann\u00e9es.<\/p>\n<p>\u00ab\u00a0C\u2019est bien d\u2019avoir des labels, mais il faut y amener du fond. Cela r\u00e9compense notre engagement sur le mini-basket, avec des jeunes que l\u2019on accueille d\u00e8s 3 ans.\u00a0\u00bb La visite se concentrera d\u2019ailleurs sur les plus jeunes cat\u00e9gories, avec une petite d\u00e9monstration et la r\u00e9alisation d\u2019un clip vid\u00e9o. \u00ab\u00a0C\u2019est la r\u00e9compense du travail des gens qui \u00e9taient d\u00e9j\u00e0 au bureau. On se doit d\u2019honorer le fait qu\u2019il se d\u00e9place en personne\u00a0\u00bb, insiste Jean-Marie Thevenoux.<\/p>\n<p>  Un bureau renouvel\u00e9<\/p>\n<p>Cet \u00e9v\u00e9nement prestigieux vient lancer le mandat d\u2019un bureau renouvel\u00e9 \u00e0 50\u00a0%, qui porte une vision claire pour l\u2019avenir du club. Le nouveau pr\u00e9sident a affich\u00e9 ses priorit\u00e9s lors de la derni\u00e8re assembl\u00e9e g\u00e9n\u00e9rale\u00a0: \u00ab\u00a0Il faut insuffler \u00e0 nouveau de la convivialit\u00e9 et cr\u00e9er du lien entre les filles et les gar\u00e7ons. Le Crap est un club de gar\u00e7ons et de filles, et il le restera. Aucun enfant ne doit se sentir exclu, ce sera l\u2019ADN de cette mandature.\u00a0\u00bb<\/p>\n<p>L\u2019objectif est double\u00a0: \u00ab\u00a0Il faut que ce soit festif sans n\u00e9gliger le sportif. Chacun doit prendre du plaisir\u00a0\u00bb, mart\u00e8le le pr\u00e9sident. Mais il ajoute aussit\u00f4t\u00a0: \u00ab\u00a0L\u2019an prochain, je veux qu\u2019on soit mis en avant sur les titres. Il faut des titres, c\u2019est f\u00e9d\u00e9rateur\u00a0! Organiser un car pour aller sur une finale, c\u2019est \u00e7a qu\u2019on veut vivre.\u00a0\u00bb Une ambition port\u00e9e par une \u00e9quipe qui se d\u00e9finit comme \u00ab\u00a0besogneuse\u00a0\u00bb et d\u00e9termin\u00e9e \u00e0 faire du Crap un acteur majeur de la vie locale, sur et en dehors des parquets.<\/p>\n","protected":false},"excerpt":{"rendered":"C\u2019est un honneur qui rejaillit sur tout un club. Le 18\u00a0octobre prochain, le Crap de Veauche aura le&hellip;\n","protected":false},"author":2,"featured_media":457526,"comment_status":"","ping_status":"","sticky":false,"template":"","format":"standard","meta":{"footnotes":""},"categories":[1414],"tags":[1465,1791,1464,7359,1011,27,17137,104,517,60,30025,1631],"class_list":{"0":"post-457525","1":"post","2":"type-post","3":"status-publish","4":"format-standard","5":"has-post-thumbnail","7":"category-basket","8":"tag-basket","9":"tag-basket-ball","10":"tag-basketball","11":"tag-edition-loire-centre","12":"tag-fr","13":"tag-france","14":"tag-saint-galmier-bassin","15":"tag-societe","16":"tag-sport","17":"tag-sports","18":"tag-veauche","19":"tag-vie-associative"},"share_on_mastodon":{"url":"https:\/\/pubeurope.com\/@fr\/115361470553117074","error":""},"_links":{"self":[{"href":"https:\/\/www.europesays.com\/fr\/wp-json\/wp\/v2\/posts\/457525","targetHints":{"allow":["GET"]}}],"collection":[{"href":"https:\/\/www.europesays.com\/fr\/wp-json\/wp\/v2\/posts"}],"about":[{"href":"https:\/\/www.europesays.com\/fr\/wp-json\/wp\/v2\/types\/post"}],"author":[{"embeddable":true,"href":"https:\/\/www.europesays.com\/fr\/wp-json\/wp\/v2\/users\/2"}],"replies":[{"embeddable":true,"href":"https:\/\/www.europesays.com\/fr\/wp-json\/wp\/v2\/comments?post=457525"}],"version-history":[{"count":0,"href":"https:\/\/www.europesays.com\/fr\/wp-json\/wp\/v2\/posts\/457525\/revisions"}],"wp:featuredmedia":[{"embeddable":true,"href":"https:\/\/www.europesays.com\/fr\/wp-json\/wp\/v2\/media\/457526"}],"wp:attachment":[{"href":"https:\/\/www.europesays.com\/fr\/wp-json\/wp\/v2\/media?parent=457525"}],"wp:term":[{"taxonomy":"category","embeddable":true,"href":"https:\/\/www.europesays.com\/fr\/wp-json\/wp\/v2\/categories?post=457525"},{"taxonomy":"post_tag","embeddable":true,"href":"https:\/\/www.europesays.com\/fr\/wp-json\/wp\/v2\/tags?post=457525"}],"curies":[{"name":"wp","href":"https:\/\/api.w.org\/{rel}","templated":true}]}}