{"id":457533,"date":"2025-10-12T13:41:15","date_gmt":"2025-10-12T13:41:15","guid":{"rendered":"https:\/\/www.europesays.com\/fr\/457533\/"},"modified":"2025-10-12T13:41:15","modified_gmt":"2025-10-12T13:41:15","slug":"dncg-8-semaines-avant-den-savoir-plus-sur-le-futur-mercato","status":"publish","type":"post","link":"https:\/\/www.europesays.com\/fr\/457533\/","title":{"rendered":"DNCG : 8 semaines avant d&rsquo;en savoir plus sur le futur mercato"},"content":{"rendered":"<p>                            <img width=\"770\" height=\"433\" src=\"https:\/\/www.europesays.com\/fr\/wp-content\/uploads\/2025\/10\/AFP__20250709__66BQ3VC__v1__HighRes__FblFraLyon-770x433.jpg\" class=\"attachment-article size-article wp-post-image\" alt=\"Michael Gerlinger, directeur g\u00e9n\u00e9ral de l'OL, et sa pr\u00e9sidente Michele Kang\" decoding=\"async\" fetchpriority=\"high\"  \/><\/p>\n<p>Michael Gerlinger, directeur g\u00e9n\u00e9ral de l\u2019OL, et sa pr\u00e9sidente Michele Kang (Photo by OLIVIER CHASSIGNOLE \/ AFP)<\/p>\n<p>Nouvelle pr\u00e9sidente de l\u2019OL depuis le 30 juin dernier, Michele Kang a permis au club de se maintenir en Ligue 1 lors de l\u2019appel devant la commission de la DNCG. Le club lyonnais se repr\u00e9sentera devant l\u2019instance d\u00e9but d\u00e9cembre, selon sa pr\u00e9sidente.<\/p>\n<p>L\u2019<strong>OL<\/strong>\u00a0lui doit une fi\u00e8re chandelle. Elle avait certes des int\u00e9r\u00eats de ne pas voir le club couler, mais Michele\u00a0<strong>Kang<\/strong>, aid\u00e9e par ses \u00e9quipes et notamment Michael\u00a0<strong><a href=\"https:\/\/www.olympique-et-lyonnais.com\/gerlinger-fait-son-entree-au-conseil-dadministration-de-lol-fondation,382134.html\" target=\"_blank\" rel=\"noopener\">Gerlinger<\/a><\/strong>, a sorti le club d\u2019une sale histoire le 9 juillet dernier. Rel\u00e9gu\u00e9 administrativement par la DNCG le 24 juin dernier, l\u2019OL a finalement valid\u00e9 sa pr\u00e9sence en Ligue 1 gr\u00e2ce \u00e0 un nouveau projet et \u00e0 une certaine cure d\u2019aust\u00e9rit\u00e9. Cela a pouss\u00e9 \u00e0 vendre durant l\u2019\u00e9t\u00e9, avec en pointe d\u2019orgue le d\u00e9part de Georges\u00a0<strong>Mikautadze<\/strong>\u00a0vers\u00a0<strong>Villarreal<\/strong>\u00a0contre un ch\u00e8que de 36 millions d\u2019euros.<\/p>\n<p>Des engagements tenus durant cet \u00e9t\u00e9<\/p>\n<p>Une<a href=\"https:\/\/www.olympique-et-lyonnais.com\/ol-quand-michele-kang-evoque-le-depart-de-georges-mikautadze,382200.html\" target=\"_blank\" rel=\"noopener\">\u00a0obligation financi\u00e8re<\/a>\u00a0pour l\u2019<strong>OL\u00a0<\/strong>afin de rentrer dans les clous de la DNCG et de s\u2019\u00e9viter de nouveaux mois compliqu\u00e9s. En r\u00e9duisant de moiti\u00e9 sa masse salariale, la direction rhodanienne a tenu ses engagements et esp\u00e8re donc que le prochain passage devant le gendarme financier se passera sans encombre. Quand sera-t-il ? Dans l\u2019inside capt\u00e9 sur la fin de l&rsquo;\u00e9t\u00e9 lyonnais par\u00a0OLPlay, Michele\u00a0<strong>Kang<\/strong>\u00a0aurait vendu la m\u00e8che sur cette date avec le lundi 1er d\u00e9cembre comme grand oral. Huit semaines avant d\u2019en savoir plus sur l\u2019avenir \u00e0 court terme de l\u2019<strong>OL<\/strong>, notamment pour le mercato hivernal.<\/p>\n<p>\t\t\t\t\t<a href=\"https:\/\/www.olympique-et-lyonnais.com\/mercato-fofana-plus-haute-valeur-marchande-de-lol,382311.html\" title=\"Mercato : Fofana plus haute valeur marchande de l\u2019OL\" target=\"_blank\" rel=\"noopener\"><img loading=\"lazy\" width=\"580\" height=\"326\" src=\"https:\/\/www.europesays.com\/fr\/wp-content\/uploads\/2025\/10\/AFP__20250823__72B622Z__v1__HighRes__FblFraLigue1LyonMetz-580x326.jpg\" class=\"attachment-actularge size-actularge wp-post-image\" alt=\"Malick Fofana apr\u00e8s son but lors d'OL - Metz\" decoding=\"async\"  \/>\t\t\t\t\t<\/a><\/p>\n","protected":false},"excerpt":{"rendered":"Michael Gerlinger, directeur g\u00e9n\u00e9ral de l\u2019OL, et sa pr\u00e9sidente Michele Kang (Photo by OLIVIER CHASSIGNOLE \/ AFP) Nouvelle&hellip;\n","protected":false},"author":2,"featured_media":457534,"comment_status":"","ping_status":"","sticky":false,"template":"","format":"standard","meta":{"footnotes":""},"categories":[1410],"tags":[63,1011,27,66,1434,241,978,60],"class_list":{"0":"post-457533","1":"post","2":"type-post","3":"status-publish","4":"format-standard","5":"has-post-thumbnail","7":"category-football","8":"tag-football","9":"tag-fr","10":"tag-france","11":"tag-ligue-1","12":"tag-mercato","13":"tag-ol","14":"tag-olympique-lyonnais","15":"tag-sports"},"share_on_mastodon":{"url":"https:\/\/pubeurope.com\/@fr\/115361486801223458","error":""},"_links":{"self":[{"href":"https:\/\/www.europesays.com\/fr\/wp-json\/wp\/v2\/posts\/457533","targetHints":{"allow":["GET"]}}],"collection":[{"href":"https:\/\/www.europesays.com\/fr\/wp-json\/wp\/v2\/posts"}],"about":[{"href":"https:\/\/www.europesays.com\/fr\/wp-json\/wp\/v2\/types\/post"}],"author":[{"embeddable":true,"href":"https:\/\/www.europesays.com\/fr\/wp-json\/wp\/v2\/users\/2"}],"replies":[{"embeddable":true,"href":"https:\/\/www.europesays.com\/fr\/wp-json\/wp\/v2\/comments?post=457533"}],"version-history":[{"count":0,"href":"https:\/\/www.europesays.com\/fr\/wp-json\/wp\/v2\/posts\/457533\/revisions"}],"wp:featuredmedia":[{"embeddable":true,"href":"https:\/\/www.europesays.com\/fr\/wp-json\/wp\/v2\/media\/457534"}],"wp:attachment":[{"href":"https:\/\/www.europesays.com\/fr\/wp-json\/wp\/v2\/media?parent=457533"}],"wp:term":[{"taxonomy":"category","embeddable":true,"href":"https:\/\/www.europesays.com\/fr\/wp-json\/wp\/v2\/categories?post=457533"},{"taxonomy":"post_tag","embeddable":true,"href":"https:\/\/www.europesays.com\/fr\/wp-json\/wp\/v2\/tags?post=457533"}],"curies":[{"name":"wp","href":"https:\/\/api.w.org\/{rel}","templated":true}]}}