{"id":457539,"date":"2025-10-12T13:44:16","date_gmt":"2025-10-12T13:44:16","guid":{"rendered":"https:\/\/www.europesays.com\/fr\/457539\/"},"modified":"2025-10-12T13:44:16","modified_gmt":"2025-10-12T13:44:16","slug":"le-quotidien-edition-beit-al-hikma-expose-ses-publications","status":"publish","type":"post","link":"https:\/\/www.europesays.com\/fr\/457539\/","title":{"rendered":"Le Quotidien &#8211; Edition : Beit al-Hikma expose ses publications"},"content":{"rendered":"<p>\t\t\t<a href=\"https:\/\/www.lequotidien.com.tn\/fr\/culture\" rel=\"nofollow noopener\" target=\"_blank\">Culture<\/a><\/p>\n<p>\t\tdimanche 12 octobre 2025 14:30\t<\/p>\n<p>\t\t\t\t\t\t\t<a href=\"https:\/\/www.lequotidien.com.tn\/fr\/culture\/8627-edition-beit-al-hikma-expose-ses-publications\" rel=\"nofollow noopener\" target=\"_blank\"><img decoding=\"async\" src=\"https:\/\/www.europesays.com\/fr\/wp-content\/uploads\/2025\/10\/Beit_al_hikma_12_10_25.jpg\" alt=\"\"\/><\/a><\/p>\n<p>Une exposition du livre se tiendra du 13 au 19 octobre 2025 au si\u00e8ge de l\u2019Acad\u00e9mie tunisienne des sciences, des lettres et des arts \u00abBeit al-Hikma\u00bb \u00e0 Carthage, a annonc\u00e9 l\u2019institution.<\/p>\n<p>L\u2019\u00e9v\u00e9nement pr\u00e9sentera l\u2019ensemble des publications de l\u2019Acad\u00e9mie, qui b\u00e9n\u00e9ficieront pour l\u2019occasion \u00abd\u2019importantes r\u00e9ductions\u00bb, a pr\u00e9cis\u00e9 le communiqu\u00e9 de presse.<\/p>\n<p class=\"\">Cette exposition fait suite \u00e0 la rentr\u00e9e universitaire 2025-2026, samedi 4 octobre, marqu\u00e9e par une conf\u00e9rence de l\u2019historien fran\u00e7ais Fran\u00e7ois Hartog intitul\u00e9e \u00ab Un temps troubl\u00e9 : du pr\u00e9sent \u00e0 l\u2019\u00e8re de l\u2019Anthropoc\u00e8ne \u00bb.<\/p>\n","protected":false},"excerpt":{"rendered":"Culture dimanche 12 octobre 2025 14:30 Une exposition du livre se tiendra du 13 au 19 octobre 2025&hellip;\n","protected":false},"author":2,"featured_media":457540,"comment_status":"","ping_status":"","sticky":false,"template":"","format":"standard","meta":{"footnotes":""},"categories":[1357],"tags":[1379,58,59,1011,27,1380],"class_list":{"0":"post-457539","1":"post","2":"type-post","3":"status-publish","4":"format-standard","5":"has-post-thumbnail","7":"category-livres","8":"tag-books","9":"tag-divertissement","10":"tag-entertainment","11":"tag-fr","12":"tag-france","13":"tag-livres"},"share_on_mastodon":{"url":"https:\/\/pubeurope.com\/@fr\/115361498207235750","error":""},"_links":{"self":[{"href":"https:\/\/www.europesays.com\/fr\/wp-json\/wp\/v2\/posts\/457539","targetHints":{"allow":["GET"]}}],"collection":[{"href":"https:\/\/www.europesays.com\/fr\/wp-json\/wp\/v2\/posts"}],"about":[{"href":"https:\/\/www.europesays.com\/fr\/wp-json\/wp\/v2\/types\/post"}],"author":[{"embeddable":true,"href":"https:\/\/www.europesays.com\/fr\/wp-json\/wp\/v2\/users\/2"}],"replies":[{"embeddable":true,"href":"https:\/\/www.europesays.com\/fr\/wp-json\/wp\/v2\/comments?post=457539"}],"version-history":[{"count":0,"href":"https:\/\/www.europesays.com\/fr\/wp-json\/wp\/v2\/posts\/457539\/revisions"}],"wp:featuredmedia":[{"embeddable":true,"href":"https:\/\/www.europesays.com\/fr\/wp-json\/wp\/v2\/media\/457540"}],"wp:attachment":[{"href":"https:\/\/www.europesays.com\/fr\/wp-json\/wp\/v2\/media?parent=457539"}],"wp:term":[{"taxonomy":"category","embeddable":true,"href":"https:\/\/www.europesays.com\/fr\/wp-json\/wp\/v2\/categories?post=457539"},{"taxonomy":"post_tag","embeddable":true,"href":"https:\/\/www.europesays.com\/fr\/wp-json\/wp\/v2\/tags?post=457539"}],"curies":[{"name":"wp","href":"https:\/\/api.w.org\/{rel}","templated":true}]}}