{"id":457554,"date":"2025-10-12T13:52:14","date_gmt":"2025-10-12T13:52:14","guid":{"rendered":"https:\/\/www.europesays.com\/fr\/457554\/"},"modified":"2025-10-12T13:52:14","modified_gmt":"2025-10-12T13:52:14","slug":"il-est-condamne-a-verser-3-000e-a-sa-locataire-qui-ne-payait-plus-le-loyer","status":"publish","type":"post","link":"https:\/\/www.europesays.com\/fr\/457554\/","title":{"rendered":"il est condamn\u00e9 \u00e0 verser 3 000\u20ac \u00e0 sa locataire qui ne payait plus le loyer"},"content":{"rendered":"<p>C\u2019est une histoire qui fait grincer bien des dents dans le monde<br \/>\nde la location. Un propri\u00e9taire, persuad\u00e9 d\u2019\u00eatre dans son bon<br \/>\n<a href=\"https:\/\/www.mariefrance.fr\/actualite\/societe\/fini-stress-document-protege-proprietaires-squatteurs-mais-personne-connait-1206039.html\" target=\"_blank\" rel=\"noopener nofollow\">droit face \u00e0 des impay\u00e9s<\/a>, s\u2019est<br \/>\nretrouv\u00e9 \u00e0 devoir indemniser sa locataire. Oui, vous avez bien lu.<br \/>\nMalgr\u00e9 des loyers et des charges non r\u00e9gl\u00e9s, <strong>la justice a<br \/>\nfinalement donn\u00e9 raison \u00e0 la locataire<\/strong>, condamnant le<br \/>\nbailleur \u00e0 lui verser 3 000 euros.<\/p>\n<p>Selon <a href=\"https:\/\/www.capital.fr\/immobilier\/ce-proprietaire-voulait-expulser-sa-locataire-pour-impayes-la-justice-le-condamne-a-lui-verser-3-000-euros-1519377\" target=\"_blank\" rel=\"nofollow noopener\">Capital<\/a>, tout<br \/>\nest parti d\u2019une proc\u00e9dure judiciaire qui devait d\u00e9boucher sur<br \/>\n<strong>la r\u00e9siliation du bail et l\u2019expulsion de la<br \/>\nlocataire<\/strong>. Mais un d\u00e9tail technique, souvent n\u00e9glig\u00e9, a<br \/>\ntout fait basculer. Une erreur administrative qui a co\u00fbt\u00e9 cher \u00e0 ce<br \/>\npropri\u00e9taire.<\/p>\n<p>Quand le propri\u00e9taire croit avoir raison, mais se trompe de<br \/>\nproc\u00e9dure<\/p>\n<p>En 2018, ce propri\u00e9taire d\u00e9cide d\u2019engager une action en justice.<br \/>\nSa locataire, qu\u2019il accuse de ne plus payer ni le loyer ni les<br \/>\ncharges, re\u00e7oit un cong\u00e9 pour \u201cmotif l\u00e9gitime et s\u00e9rieux\u201d. Estimant<br \/>\navoir respect\u00e9 toutes les r\u00e8gles, il saisit le tribunal pour<br \/>\ndemander <a href=\"https:\/\/www.mariefrance.fr\/faits-divers\/expulse-maison-sans-etre-prevenu-par-nouvelle-proprietaire-lamende-record-1185261.html\" target=\"_blank\" rel=\"noopener nofollow\">la r\u00e9siliation du bail et<br \/>\nl\u2019expulsion<\/a>. <strong>Dans un premier temps, la cour d\u2019appel de<br \/>\nParis lui donne raison<\/strong>. Mais la locataire ne s\u2019avoue pas<br \/>\nvaincue et porte l\u2019affaire devant la Cour de cassation. C\u2019est l\u00e0<br \/>\nque le retournement de situation se produit. Les juges rel\u00e8vent un<br \/>\nmanquement fondamental : le bailleur n\u2019a jamais r\u00e9gularis\u00e9 les<br \/>\ncharges locatives, pourtant vers\u00e9es par sa locataire sous forme de<br \/>\nprovisions mensuelles.<\/p>\n<p>Or, la loi du 6 juillet 1989 est claire : ces charges doivent<br \/>\n\u00eatre r\u00e9gularis\u00e9es au moins une fois par an, en comparant les<br \/>\navances pay\u00e9es et les d\u00e9penses r\u00e9elles. Sans cette r\u00e9gularisation,<br \/>\nimpossible de prouver qu\u2019un impay\u00e9 existe r\u00e9ellement.<br \/>\n<strong>R\u00e9sultat, l\u2019argument du propri\u00e9taire s\u2019effondre<\/strong>.<br \/>\nIl ne pouvait pas r\u00e9clamer les arri\u00e9r\u00e9s correspondants ni obtenir<br \/>\nla r\u00e9siliation du bail. Une n\u00e9gligence qui change tout.<\/p>\n<p><img loading=\"lazy\" decoding=\"async\" aria-describedby=\"caption-attachment-863131\" itemprop=\"thumbnailUrl\" class=\"size-full wp-image-863131 img-responsive\" src=\"https:\/\/www.europesays.com\/fr\/wp-content\/uploads\/2025\/10\/design-sans-titre-2023-10-24t102639.086.jpg\" alt=\"Homme au t\u00e9l\u00e9phone\u00a0\" width=\"1200\" height=\"630\"\/><br \/>\n\u00a9<br \/>\nShutterstock<\/p>\n<p id=\"caption-attachment-863131\" class=\"wp-caption-text\">Le<br \/>\npropri\u00e9taire \u00e9tait face \u00e0 des loyers et des provisions de charges<br \/>\nimpay\u00e9s.<\/p>\n<p>Le propri\u00e9taire oublie de r\u00e9gulariser les charges, la locataire<br \/>\ngagne<\/p>\n<p>Dans le d\u00e9tail, <a href=\"https:\/\/www.mariefrance.fr\/actualite\/societe\/retraitee-69-ans-ruinee-cause-locataires-refusent-payer-loyer-1204114.html\" target=\"_blank\" rel=\"noopener nofollow\">la locataire<\/a> payait chaque mois<br \/>\n155 euros de provisions pour charges, soit 1 860 euros par an. Or,<br \/>\n<strong>le propri\u00e9taire n\u2019a jamais compar\u00e9 ces sommes avec les<br \/>\nd\u00e9penses r\u00e9elles<\/strong>. Lors de l\u2019audience, les chiffres parlent<br \/>\nd\u2019eux-m\u00eames. Il r\u00e9clame 1 198 euros pour 2016, 1 438 euros pour<br \/>\n2017 et 1 822 euros pour 2018. Des montants tous inf\u00e9rieurs aux<br \/>\nprovisions d\u00e9j\u00e0 vers\u00e9es. En clair, la locataire avait pay\u00e9 trop.<br \/>\nPourtant, faute de r\u00e9gularisation, elle n\u2019en avait jamais \u00e9t\u00e9<br \/>\ninform\u00e9e.<\/p>\n<p>Pour la Cour de cassation, le raisonnement est limpide : \u00ab<br \/>\nLe bailleur ne peut obtenir la condamnation d\u2019un arri\u00e9r\u00e9 de charges<br \/>\nqu\u2019en prouvant leur r\u00e9gularisation. \u00bb Autrement dit, sans<br \/>\ntransparence sur les comptes, pas de dette \u00e0 r\u00e9clamer. Donc,<br \/>\n<strong>le tribunal a annul\u00e9 la d\u00e9cision d\u2019expulsion et confirm\u00e9 le<br \/>\nmaintien du bail<\/strong>. Pire encore pour le bailleur : il a \u00e9t\u00e9<br \/>\ncondamn\u00e9 \u00e0 verser 3 000 euros \u00e0 sa locataire pour les frais engag\u00e9s<br \/>\ndans la proc\u00e9dure. Une le\u00e7on am\u00e8re pour tout propri\u00e9taire un peu<br \/>\ntrop s\u00fbr de lui.<\/p>\n<p><img loading=\"lazy\" decoding=\"async\" aria-describedby=\"caption-attachment-801148\" class=\"size-large wp-image-801148 img-responsive\" src=\"https:\/\/www.europesays.com\/fr\/wp-content\/uploads\/2025\/10\/7-476-1024x538.jpg\" alt=\"&lt;p&gt;locataire et propri\u00e9taire&lt;\/p&gt;\" width=\"1024\" height=\"538\"\/> \u00a9 Shutterstock<\/p>\n<p id=\"caption-attachment-801148\" class=\"wp-caption-text\">La<br \/>\nlocataire en d\u00e9faut de paiement peut donc rester dans le logement<br \/>\net le propri\u00e9taire doit lui verser 3000\u20ac.<\/p>\n<p>Un rappel \u00e0 l\u2019ordre pour tous les<br \/>\npropri\u00e9taires<\/p>\n<p>Au-del\u00e0 de ce cas pr\u00e9cis, cette affaire sert d\u2019avertissement \u00e0<br \/>\ntous les propri\u00e9taires. En mati\u00e8re de location, la r\u00e9gularisation<br \/>\ndes charges n\u2019est pas une option, mais une obligation l\u00e9gale.<br \/>\nChaque ann\u00e9e, <strong>le bailleur doit fournir au locataire un<br \/>\nd\u00e9compte pr\u00e9cis des d\u00e9penses<\/strong> (eau, entretien, chauffage<br \/>\ncollectif, etc.), accompagn\u00e9 des justificatifs consultables pendant<br \/>\nsix mois. Ce contr\u00f4le prot\u00e8ge les deux parties : il \u00e9vite les<br \/>\nlitiges et garantit la transparence financi\u00e8re. Trop souvent, les<br \/>\nbailleurs n\u00e9gligent cette \u00e9tape, pensant qu\u2019elle est purement<br \/>\nadministrative.<\/p>\n<blockquote class=\"twitter-tweet\"><p><a class=\"twitter-link\" rel=\"noindex, nofollow noopener\" href=\"https:\/\/twitter.com\/mariefrancemag\/status\/1957735911808008548\" target=\"_blank\"><\/p><\/blockquote>\n<p>Pourtant, comme l\u2019a d\u00e9montr\u00e9 la Cour de cassation, un oubli peut<br \/>\ninverser compl\u00e8tement une d\u00e9cision de justice. Pour les locataires,<br \/>\ncette d\u00e9cision rappelle aussi leurs droits : ils peuvent exiger la<br \/>\nr\u00e9gularisation annuelle et contester toute demande de paiement non<br \/>\njustifi\u00e9e. Du c\u00f4t\u00e9 des bailleurs, c\u2019est une piq\u00fbre de rappel :<br \/>\n<strong>poss\u00e9der un bien ne suffit pas \u00e0 \u00eatre un bon<br \/>\npropri\u00e9taire<\/strong>. Il faut \u00e9galement ma\u00eetriser les r\u00e8gles de la<br \/>\nlocation.<\/p>\n<p><script async src=\"https:\/\/platform.twitter.com\/widgets.js\" charset=\"utf-8\"><\/script><\/p>\n","protected":false},"excerpt":{"rendered":"C\u2019est une histoire qui fait grincer bien des dents dans le monde de la location. Un propri\u00e9taire, persuad\u00e9&hellip;\n","protected":false},"author":2,"featured_media":457555,"comment_status":"","ping_status":"","sticky":false,"template":"","format":"standard","meta":{"footnotes":""},"categories":[6],"tags":[35,21303,33,34,1011,27],"class_list":{"0":"post-457554","1":"post","2":"type-post","3":"status-publish","4":"format-standard","5":"has-post-thumbnail","7":"category-economie","8":"tag-business","9":"tag-buzz_nonli","10":"tag-economie","11":"tag-economy","12":"tag-fr","13":"tag-france"},"share_on_mastodon":{"url":"https:\/\/pubeurope.com\/@fr\/115361529631058077","error":""},"_links":{"self":[{"href":"https:\/\/www.europesays.com\/fr\/wp-json\/wp\/v2\/posts\/457554","targetHints":{"allow":["GET"]}}],"collection":[{"href":"https:\/\/www.europesays.com\/fr\/wp-json\/wp\/v2\/posts"}],"about":[{"href":"https:\/\/www.europesays.com\/fr\/wp-json\/wp\/v2\/types\/post"}],"author":[{"embeddable":true,"href":"https:\/\/www.europesays.com\/fr\/wp-json\/wp\/v2\/users\/2"}],"replies":[{"embeddable":true,"href":"https:\/\/www.europesays.com\/fr\/wp-json\/wp\/v2\/comments?post=457554"}],"version-history":[{"count":0,"href":"https:\/\/www.europesays.com\/fr\/wp-json\/wp\/v2\/posts\/457554\/revisions"}],"wp:featuredmedia":[{"embeddable":true,"href":"https:\/\/www.europesays.com\/fr\/wp-json\/wp\/v2\/media\/457555"}],"wp:attachment":[{"href":"https:\/\/www.europesays.com\/fr\/wp-json\/wp\/v2\/media?parent=457554"}],"wp:term":[{"taxonomy":"category","embeddable":true,"href":"https:\/\/www.europesays.com\/fr\/wp-json\/wp\/v2\/categories?post=457554"},{"taxonomy":"post_tag","embeddable":true,"href":"https:\/\/www.europesays.com\/fr\/wp-json\/wp\/v2\/tags?post=457554"}],"curies":[{"name":"wp","href":"https:\/\/api.w.org\/{rel}","templated":true}]}}