{"id":457556,"date":"2025-10-12T13:53:11","date_gmt":"2025-10-12T13:53:11","guid":{"rendered":"https:\/\/www.europesays.com\/fr\/457556\/"},"modified":"2025-10-12T13:53:11","modified_gmt":"2025-10-12T13:53:11","slug":"israel-vive-emotion-apres-le-suicide-dun-survivant-du-7-octobre-liberation","status":"publish","type":"post","link":"https:\/\/www.europesays.com\/fr\/457556\/","title":{"rendered":"Isra\u00ebl : vive \u00e9motion apr\u00e8s le suicide d\u2019un survivant du 7 Octobre &#8211; Lib\u00e9ration"},"content":{"rendered":"<ol>\n<li><a href=\"https:\/\/news.google.com\/rss\/articles\/CBMi6AFBVV95cUxQTFktMkNvWmF3WEthcnBuRWkxWjdmLXJUTTVObm1yQTZVMFpjMWJpWk9iTXBvVzI3bmRUUWVFTHRvX2xIRUZGcTRoWXl5QVFBQ3dhSjk2Ml9rdUlJekdYamNGRnRIdXgzVU5BbG9laWVUVWJXZURIT2NNd1gxMFNBNEd1aHFKV0VZaldXelppWkZIdlYzbkNIYjlWX1MwLXp1ZXMxa2JXbVNQblBsUGZ2TmNKeHpUUFVBcVY4Rm13RTBjejBWQnAwT2twY3QybjRiTDBvZzYwandBc0JoeEdRTGpRSkdpZmo3?oc=5\" target=\"_blank\" rel=\"noopener\">Isra\u00ebl : vive \u00e9motion apr\u00e8s le suicide d\u2019un survivant du 7 Octobre<\/a>&nbsp;&nbsp;Lib\u00e9ration<\/li>\n<li><a href=\"https:\/\/news.google.com\/rss\/articles\/CBMi9wFBVV95cUxQdnkyRWhoWVhzRXU3TzBiU1lyZmVQWXpETi1rODRfeUlIVzRZVlRLZDlzTS1oemc5UnNYSWgzUkFXWmV4eV9yVjh2Z1EtN3lMWEk1MVQyWGZYWk4xNlVVWnpSNXpqaTM2OE91ODZfLVFCUnFQcV9wVEt0eUotTW84OGpDNDFicDVyOFBRYzhZaTFzU19IdmFjQTNVUWl2QzF4aHJ6NTdqa09rWlhKRVhnS2VJVDZZMzNKNXF5WHBNd05KamcwUF82VGFwQ1hiWXAxSGpzVy12SGtkUEQxaS1DTk1QZWtyVFBDR3ItN205dzZJVlFVZ2g4?oc=5\" target=\"_blank\" rel=\"noopener\">Attaque du 7-Octobre : Roei Shalev, survivant du festival Nova, a mis fin \u00e0 ses jours<\/a>&nbsp;&nbsp;TF1 Info<\/li>\n<li><a href=\"https:\/\/news.google.com\/rss\/articles\/CBMi7gFBVV95cUxNaEVSMS0wbUEtYTJ2X0dRM21QYTZvdUUtMjVOcXp1VF9RZ2ZCdjFQaGV5bG9QY2FrSzRtOEFzUmZJX0NDazBzbHo0XzZlWDFpNTFHUzFlTDMxbFRscjhFQUxzY1dtZnN1UVRYdTBXTzU2TC11LXM5dlBYaG5oM19xOHR5SGd3cWcwZmtlOVU1TzRvLUFteFg3dFpuMWsyZ3VTYUhRWUp4ak1tOFRTZFRXZUpxc0w0cVVpelN4UHBFWEU3b0p1YXNSaFlvYzFTbTdDRzBIUnpvSzE4dTQ3dDAyVTVrYUZSc0xNM21nQXBn?oc=5\" target=\"_blank\" rel=\"noopener\">Isra\u00ebl : un survivant du 7 octobre, qui avait vu sa compagne et son meilleur ami tu\u00e9s sous ses yeux, s\u2019est suicid\u00e9<\/a>&nbsp;&nbsp;Le Figaro<\/li>\n<li><a href=\"https:\/\/news.google.com\/rss\/articles\/CBMi7wFBVV95cUxNNGUwOWlNR0FublVRaTVBUGk5ZTNVeWVWcnJocFhHanhWZmRkNEYtMGMxV28xR05ac19lR0NkNkpXcDRjemVORFJwVWdmNlhQblhvQmdaQ21rUU5NSXVraFpwMnJxRGdzMWl1YU54TlN5aUpTano2elJYU1p2Q1MycU1pVk9WZ09ZWEMtdjhQMFczQ1dHVnpjbHJfb01mY0FfWDY5UmNUaDlZWnRMbm5fLWRVR0kwZmdHTnVLbGR3Y3JjTDJfSTZwYUZzd2RJXzE1dFZUcGU4b3VOZmRZb1VJT01aMjlrc1JwX1BZWHlYYw?oc=5\" target=\"_blank\" rel=\"noopener\">Guerre \u00e0 Gaza : il voulait \u00ab\u00a0juste que cette souffrance cesse\u00a0\u00bb, un survivant de l\u2019attaque du 7 octobre retrouv\u00e9 mort<\/a>&nbsp;&nbsp;Midi Libre<\/li>\n<li><a href=\"https:\/\/news.google.com\/rss\/articles\/CBMilwJBVV95cUxOYzVUUW9kOGR6T3lUcjVuVk5aQVpxSGtvNEN4RjVER0pkb0N6ejdBSHJNTFZOcm1fbEhoT0hjUmJKaGNvRC1kVDBTOVU2d2lUb3kyeFdJRGxyNnNLVl81bWFwTnU1aE5oV0tFMHB1ekxQejVfX1daZkhLN0lRQkk1NkVZRl9RYV9lY3kwNGRaeEZlaDk5MzlnNWhlVjlqUTJ5VG5jSk9sTTBNc2N6cGVhT3pxWWJzY0VTLWU3enVkeHpDdTVFVUVZSEVQV2E4ZTZDLXJ0a0tLd0liSVl3Q3JkNUVaMDMyYUluNnRHU082OWpCWHpaLUR5WjZmcWV2UWFkcWN4S0RGbHhNN1k1ZTlkanYwZC03aEk?oc=5\" target=\"_blank\" rel=\"noopener\">\u00ab\u00a0Je ne peux plus supporter cette douleur\u00a0\u00bb: un survivant du 7-Octobre retrouv\u00e9 mort, la piste du suicide privil\u00e9gi\u00e9e<\/a>&nbsp;&nbsp;BFMTV<\/li>\n<\/ol>\n","protected":false},"excerpt":{"rendered":"Isra\u00ebl : vive \u00e9motion apr\u00e8s le suicide d\u2019un survivant du 7 Octobre&nbsp;&nbsp;Lib\u00e9ration Attaque du 7-Octobre : Roei Shalev,&hellip;\n","protected":false},"author":2,"featured_media":457557,"comment_status":"","ping_status":"","sticky":false,"template":"","format":"standard","meta":{"footnotes":""},"categories":[5],"tags":[11,10350,1011,27,1227,14,12,58257,57496,58258,4932,28],"class_list":{"0":"post-457556","1":"post","2":"type-post","3":"status-publish","4":"format-standard","5":"has-post-thumbnail","7":"category-international","8":"tag-actualites","9":"tag-conflict","10":"tag-fr","11":"tag-france","12":"tag-horizontal","13":"tag-international","14":"tag-news","15":"tag-riots","16":"tag-terrorism","17":"tag-unrest","18":"tag-war","19":"tag-world"},"share_on_mastodon":{"url":"https:\/\/pubeurope.com\/@fr\/115361533503907550","error":""},"_links":{"self":[{"href":"https:\/\/www.europesays.com\/fr\/wp-json\/wp\/v2\/posts\/457556","targetHints":{"allow":["GET"]}}],"collection":[{"href":"https:\/\/www.europesays.com\/fr\/wp-json\/wp\/v2\/posts"}],"about":[{"href":"https:\/\/www.europesays.com\/fr\/wp-json\/wp\/v2\/types\/post"}],"author":[{"embeddable":true,"href":"https:\/\/www.europesays.com\/fr\/wp-json\/wp\/v2\/users\/2"}],"replies":[{"embeddable":true,"href":"https:\/\/www.europesays.com\/fr\/wp-json\/wp\/v2\/comments?post=457556"}],"version-history":[{"count":0,"href":"https:\/\/www.europesays.com\/fr\/wp-json\/wp\/v2\/posts\/457556\/revisions"}],"wp:featuredmedia":[{"embeddable":true,"href":"https:\/\/www.europesays.com\/fr\/wp-json\/wp\/v2\/media\/457557"}],"wp:attachment":[{"href":"https:\/\/www.europesays.com\/fr\/wp-json\/wp\/v2\/media?parent=457556"}],"wp:term":[{"taxonomy":"category","embeddable":true,"href":"https:\/\/www.europesays.com\/fr\/wp-json\/wp\/v2\/categories?post=457556"},{"taxonomy":"post_tag","embeddable":true,"href":"https:\/\/www.europesays.com\/fr\/wp-json\/wp\/v2\/tags?post=457556"}],"curies":[{"name":"wp","href":"https:\/\/api.w.org\/{rel}","templated":true}]}}