{"id":457558,"date":"2025-10-12T13:54:12","date_gmt":"2025-10-12T13:54:12","guid":{"rendered":"https:\/\/www.europesays.com\/fr\/457558\/"},"modified":"2025-10-12T13:54:12","modified_gmt":"2025-10-12T13:54:12","slug":"annie-genevard-lr-ministre-de-lagriculture-demissionnaire-compte-rester-au-gouvernement-lecornu-2","status":"publish","type":"post","link":"https:\/\/www.europesays.com\/fr\/457558\/","title":{"rendered":"Annie Genevard (LR), ministre de l\u2019Agriculture d\u00e9missionnaire, compte rester au gouvernement Lecornu 2"},"content":{"rendered":"<p>\n    <strong>INFO LE FIGARO &#8211;<\/strong> Alors que le parti des R\u00e9publicains a vot\u00e9 pour un soutien sans participation, de premiers \u00abd\u00e9bauchages\u00bb se mat\u00e9rialisent.<\/p>\n<p class=\"fig-paragraph\">La crainte qui germait chez Les R\u00e9publicains (LR) se confirme\u00a0:\u00a0<a href=\"http:\/\/www.lefigaro.fr\/politique\/apres-avoir-opte-pour-un-soutien-sans-participation-au-gouvernement-lecornu-2-la-droite-va-consulter-ses-militants-20251011\" target=\"_blank\" data-fig-type=\"NewsFlash\" rel=\"noopener\" data-gtm-custom-categorie=\"navigation\" data-gtm-custom-action=\"crossclick\" data-gtm-custom-label=\"Contextuel\" data-gtm-event=\"customEventSPE\" data-fig-domain=\"LEFIGARO\">alors que le Bureau politique a largement vot\u00e9 samedi pour un soutien de la droite sans participation au gouvernement<\/a>, des premiers d\u00e9bauchages se mat\u00e9rialisent.<\/p>\n<p class=\"fig-paragraph\">Selon nos informations,\u00a0<a href=\"http:\/\/www.lefigaro.fr\/politique\/municipales-2026-annie-genevard-lr-lance-la-reconquete-des-grandes-villes-et-veut-deloger-la-gauche-partout-20250731\" target=\"_blank\" data-fig-type=\"Article\" rel=\"noopener\" data-gtm-custom-categorie=\"navigation\" data-gtm-custom-action=\"crossclick\" data-gtm-custom-label=\"Contextuel\" data-gtm-event=\"customEventSPE\" data-fig-domain=\"LEFIGARO\">Annie Genevard<\/a>, actuelle ministre de l\u2019Agriculture d\u00e9missionnaire, compte bien rester au gouvernement Lecornu 2. Les bruits de son h\u00e9sitation couraient tout le week-end et jusqu\u2019\u00e0 hier soir. Contact\u00e9, l\u2019entourage de Bruno Retailleau confirme avoir \u00e9t\u00e9 inform\u00e9 du choix de celle qui est \u00e9galement pr\u00e9sidente de la tr\u00e8s strat\u00e9gique commission nationale d\u2019investiture (CNI) des R\u00e9publicains. L\u2019entourage du Vend\u00e9en avait anticip\u00e9 cette issue et r\u00e9fl\u00e9chit \u00e0 un changement de la pr\u00e9sidence de la CNI.<\/p>\n<p class=\"fig-paragraph\">S\u00e9bastien Lecornu et Bruno Retailleau ont par ailleurs r\u00e9cemment \u00e9chang\u00e9. Le premier ministre a inform\u00e9 le pr\u00e9sident du parti qu\u2019il comptait inclure dans son futur gouvernement de \u00abjeunes \u00e9lus\u00bb LR. Comprendre\u00a0: qu\u2019il comptait lorgner du c\u00f4t\u00e9 de l\u2019Assembl\u00e9e\u2026<\/p>\n<p class=\"fig-premium-paywall__infos\">\n        Cet article est r\u00e9serv\u00e9 aux abonn\u00e9s.        Il vous reste 35% \u00e0 d\u00e9couvrir.\n    <\/p>\n<p>                <img  data- alt=\"Le Figaro\" class=\"fig-img--complete fig-img\"\/><\/p>\n<p class=\"fig-premium-paywall__title\">J-100, Le Figaro f\u00eate ses 200 ans<\/p>\n<p class=\"fig-premium-paywall__subtitle\">Offre anniversaire : 2\u20ac\/mois pendant 200 semaines<\/p>\n<p class=\"fig-premium-paywall__connect\">\n                D\u00e9j\u00e0 abonn\u00e9\u00a0?                <a class=\"fig-premium-paywall__connect-link\" href=\"https:\/\/connect.lefigaro.fr\/login?client=horizon_web&amp;type=main&amp;redirect_uri=https%3A%2F%2Fwww.lefigaro.fr%2Fpolitique%2Fannie-genevard-lr-ministre-de-l-agriculture-demissionnaire-compte-rester-au-gouvernement-lecornu-2-20251012\" data-js-gtm=\"{&quot;customCategorie&quot;: &quot;conversion&quot;, &quot;customAction&quot;: &quot;before_Landing_Connexion_paywall_auto&quot;, &quot;customLabel&quot;: &quot;bGVmaWdhcm8uZnJfXzFmMGE3NjhkLWM4ZTEtNjkzOC1hNGI4LTdiZjI2MGZmZThjZF9fTmV3c0ZsYXNo_Annie Genevard (LR), ministre de l\u2019Agriculture d\u00e9missionnaire, compte rester au gouvernement Lecornu 2_251&quot;, &quot;customIDSPE&quot;: &quot;bGVmaWdhcm8uZnJfXzFmMGE3NjhkLWM4ZTEtNjkzOC1hNGI4LTdiZjI2MGZmZThjZF9fTmV3c0ZsYXNo&quot;, &quot;event&quot;: &quot;customEventSPE&quot;}\" target=\"_blank\" rel=\"noopener\"><br \/>\n                    Connectez-vous<br \/>\n                <\/a>\n            <\/p>\n","protected":false},"excerpt":{"rendered":"INFO LE FIGARO &#8211; Alors que le parti des R\u00e9publicains a vot\u00e9 pour un soutien sans participation, de&hellip;\n","protected":false},"author":2,"featured_media":457559,"comment_status":"","ping_status":"","sticky":false,"template":"","format":"standard","meta":{"footnotes":""},"categories":[4],"tags":[11,40857,1013,1011,27,6319,12,25],"class_list":{"0":"post-457558","1":"post","2":"type-post","3":"status-publish","4":"format-standard","5":"has-post-thumbnail","7":"category-france","8":"tag-actualites","9":"tag-annie-genevard","10":"tag-bruno-retailleau","11":"tag-fr","12":"tag-france","13":"tag-les-republicains","14":"tag-news","15":"tag-republique-francaise"},"share_on_mastodon":{"url":"https:\/\/pubeurope.com\/@fr\/115361537680773476","error":""},"_links":{"self":[{"href":"https:\/\/www.europesays.com\/fr\/wp-json\/wp\/v2\/posts\/457558","targetHints":{"allow":["GET"]}}],"collection":[{"href":"https:\/\/www.europesays.com\/fr\/wp-json\/wp\/v2\/posts"}],"about":[{"href":"https:\/\/www.europesays.com\/fr\/wp-json\/wp\/v2\/types\/post"}],"author":[{"embeddable":true,"href":"https:\/\/www.europesays.com\/fr\/wp-json\/wp\/v2\/users\/2"}],"replies":[{"embeddable":true,"href":"https:\/\/www.europesays.com\/fr\/wp-json\/wp\/v2\/comments?post=457558"}],"version-history":[{"count":0,"href":"https:\/\/www.europesays.com\/fr\/wp-json\/wp\/v2\/posts\/457558\/revisions"}],"wp:featuredmedia":[{"embeddable":true,"href":"https:\/\/www.europesays.com\/fr\/wp-json\/wp\/v2\/media\/457559"}],"wp:attachment":[{"href":"https:\/\/www.europesays.com\/fr\/wp-json\/wp\/v2\/media?parent=457558"}],"wp:term":[{"taxonomy":"category","embeddable":true,"href":"https:\/\/www.europesays.com\/fr\/wp-json\/wp\/v2\/categories?post=457558"},{"taxonomy":"post_tag","embeddable":true,"href":"https:\/\/www.europesays.com\/fr\/wp-json\/wp\/v2\/tags?post=457558"}],"curies":[{"name":"wp","href":"https:\/\/api.w.org\/{rel}","templated":true}]}}