{"id":457560,"date":"2025-10-12T13:55:16","date_gmt":"2025-10-12T13:55:16","guid":{"rendered":"https:\/\/www.europesays.com\/fr\/457560\/"},"modified":"2025-10-12T13:55:16","modified_gmt":"2025-10-12T13:55:16","slug":"le-pakistan-promet-une-reponse-musclee-a-loperation-menee-par-lafghanistan-a-sa-frontiere-liberation","status":"publish","type":"post","link":"https:\/\/www.europesays.com\/fr\/457560\/","title":{"rendered":"Le Pakistan promet une r\u00e9ponse \u00abmuscl\u00e9e\u00bb \u00e0 l\u2019op\u00e9ration men\u00e9e par l\u2019Afghanistan \u00e0 sa fronti\u00e8re \u2013 Lib\u00e9ration"},"content":{"rendered":"<p class=\"sc-cPiKLX AiZTS text-element\">La situation s\u2019enflamme, en Asie centrale, \u00e0 la fronti\u00e8re entre le Pakistan et l\u2019Afghanistan. Derni\u00e8re menace en date : Islamabad, qui promet ce dimanche 12 octobre \u00abune r\u00e9ponse muscl\u00e9e\u00bb \u00e0 une pr\u00e9c\u00e9dente op\u00e9ration de repr\u00e9sailles men\u00e9e par Kaboul contre ses forces dans la nuit. <\/p>\n<p class=\"sc-cPiKLX AiZTS text-element\">Samedi soir, le minist\u00e8re taliban de la D\u00e9fense avait indiqu\u00e9 avoir men\u00e9 \u00abavec succ\u00e8s\u00bb une op\u00e9ration arm\u00e9e \u00abde repr\u00e9sailles\u00bb contre les forces de s\u00e9curit\u00e9 pakistanaises \u00aben r\u00e9ponse \u00e0 des violations r\u00e9p\u00e9t\u00e9es et frappes a\u00e9riennes sur le territoire afghan par l\u2019arm\u00e9e pakistanaise\u00bb. Ce dimanche, le gouvernement taliban a surench\u00e9ri, affirmant avoir tu\u00e9 58 soldats pakistanais dans des affrontements frontaliers. Islamabad a par la suite assur\u00e9 que 23 de ses soldats et 200 c\u00f4t\u00e9 afghan avaient \u00e9t\u00e9 tu\u00e9s dans des affrontements. <\/p>\n<p class=\"sc-cPiKLX sc-crhfPb ka-DgwP kxwMat\">D\u00e9j\u00e0 l&rsquo;ann\u00e9e derni\u00e8re<\/p>\n<p class=\"sc-cPiKLX AiZTS text-element\">\u00abIl n\u2019y aura aucun compromis sur la d\u00e9fense du Pakistan, et chaque provocation sera suivie d\u2019une r\u00e9ponse muscl\u00e9e et efficace\u00bb, a ainsi pr\u00e9venu dimanche le Premier ministre pakistanais Shehbaz Sharif dans un communiqu\u00e9, accusant Kaboul d\u2019abriter des \u00ab\u00e9l\u00e9ments terroristes\u00bb. <\/p>\n<p class=\"sc-cPiKLX AiZTS text-element\">\u00abL\u2019Afghanistan joue avec le feu et le sang\u00bb, a aussi mis en garde le ministre de l\u2019Int\u00e9rieur Mohsin Naqvi, assurant que son voisin recevra \u00abcomme l\u2019Inde, une r\u00e9ponse \u00e9crasante afin qu\u2019il n\u2019ose plus jeter ne serait-ce qu\u2019un regard hostile sur le Pakistan\u00bb. Le ministre faisait ici r\u00e9f\u00e9rence <a href=\"https:\/\/www.liberation.fr\/international\/asie-pacifique\/au-cachemire-les-raisons-de-la-surenchere-guerriere-entre-linde-et-le-pakistan-20250430_VPFJLPMBRFG4TDRJOILQGL5KS4\/\" target=\"_blank\" rel=\"noreferrer noopener\" title=\"https:\/\/www.liberation.fr\/international\/asie-pacifique\/au-cachemire-les-raisons-de-la-surenchere-guerriere-entre-linde-et-le-pakistan-20250430_VPFJLPMBRFG4TDRJOILQGL5KS4\/\">\u00e0 la pire confrontation depuis des d\u00e9cennies avec son voisin indien<\/a>, survenue en mai et dans laquelle les deux ennemis historiques avaient \u00e9chang\u00e9 tirs de missiles, envois de drones et barrages d\u2019artillerie. <\/p>\n<p class=\"sc-cPiKLX AiZTS text-element\">Islamabad n\u2019a pas confirm\u00e9 \u00eatre \u00e0 l\u2019origine des bombardements sur la capitale afghane Kaboul et dans le sud-est du pays qui ont \u00e9t\u00e9 lanc\u00e9s jeudi 9 octobre. Mais elle a indiqu\u00e9 samedi soir avoir r\u00e9pliqu\u00e9 \u00e0 des affrontements arm\u00e9s depuis les provinces afghanes de Kunar, Nangarhar, Paktia, Khost et Helmand, <a href=\"https:\/\/www.liberation.fr\/planete\/2007\/10\/31\/dans-la-province-de-kandahar-entre-bavures-de-l-otan-et-joug-des-talibans_105133\/\" target=\"_blank\" rel=\"noreferrer noopener\" title=\"https:\/\/www.liberation.fr\/planete\/2007\/10\/31\/dans-la-province-de-kandahar-entre-bavures-de-l-otan-et-joug-des-talibans_105133\/\">tout le long de la ligne Durand<\/a>, qui divise les deux pays. L\u2019Afghanistan avait finalement annonc\u00e9, autour de minuit heure locale, la fin de son op\u00e9ration. <\/p>\n<p class=\"sc-cPiKLX AiZTS text-element\">Au petit matin, deux points de passage cl\u00e9s entre le Pakistan et l\u2019Afghanistan, Torkham et Spin Boldak, o\u00f9 transitent <a href=\"https:\/\/www.liberation.fr\/international\/asie-pacifique\/au-pakistan-17-million-dafghans-menaces-dexpulsion-dans-deux-jours-20231030_VDKXC3RVYFANNA3HGLEGEGJFX4\/\" target=\"_blank\" rel=\"noreferrer noopener\" title=\"https:\/\/www.liberation.fr\/international\/asie-pacifique\/au-pakistan-17-million-dafghans-menaces-dexpulsion-dans-deux-jours-20231030_VDKXC3RVYFANNA3HGLEGEGJFX4\/\">notamment des milliers d\u2019Afghans expuls\u00e9s ces derniers mois par le Pakistan<\/a>, \u00e9taient ferm\u00e9s, ont indiqu\u00e9 \u00e0 l\u2019AFP des hauts responsables afghans et pakistanais. <\/p>\n<p class=\"sc-cPiKLX AiZTS text-element\">\u00abLe poste-fronti\u00e8re de Torkham a \u00e9t\u00e9 compl\u00e8tement ferm\u00e9 et le personnel civil \u00e0 la fronti\u00e8re retir\u00e9, afin qu\u2019il n\u2019y ait pas de bless\u00e9s en cas de nouveaux tirs\u00bb, a d\u00e9clar\u00e9 \u00e0 l\u2019AFP un haut responsable pakistanais sous couvert d\u2019anonymat indiquant que des troupes paramilitaires suppl\u00e9mentaires ont \u00e9t\u00e9 d\u00e9ploy\u00e9es. <\/p>\n<p class=\"sc-cPiKLX AiZTS text-element\">\u00abLe poste-fronti\u00e8re de Chaman a \u00e9t\u00e9 ferm\u00e9 pour tous types de passages, douaniers ou humains par le Pakistan\u00bb, a de son c\u00f4t\u00e9 indiqu\u00e9 Mohammad Haqmal, responsable du d\u00e9partement Information et Culture \u00e0 la fronti\u00e8re de Spin Boldak, en Afghanistan. <\/p>\n<p class=\"sc-cPiKLX AiZTS text-element\">Les relations entre les deux pays sont en dent de scie depuis <a href=\"https:\/\/www.liberation.fr\/international\/afghanistan-six-semaines-de-conquete-expeditive-des-talibans-20210816_GKVCVPDBVNDV5ASNW5OXQI7SD4\/\" target=\"_blank\" rel=\"noreferrer noopener\" title=\"https:\/\/www.liberation.fr\/international\/afghanistan-six-semaines-de-conquete-expeditive-des-talibans-20210816_GKVCVPDBVNDV5ASNW5OXQI7SD4\/\">le retour au pouvoir des talibans afghans<\/a> \u00e0 l\u2019\u00e9t\u00e9 2021, le Pakistan <a href=\"https:\/\/www.liberation.fr\/international\/le-pakistan-accuse-les-talibans-afghans-de-laisser-des-groupes-jihadistes-le-frapper-20231108_ADKEP64E5VBT7IH7ANS6LUME7E\/\" target=\"_blank\" rel=\"noreferrer noopener\" title=\"https:\/\/www.liberation.fr\/international\/le-pakistan-accuse-les-talibans-afghans-de-laisser-des-groupes-jihadistes-le-frapper-20231108_ADKEP64E5VBT7IH7ANS6LUME7E\/\">accusant son voisin \u00abd\u2019abriter\u00bb des talibans pakistanais (TTP)<\/a>. Ce mouvement \u2013 form\u00e9 au combat en Afghanistan et qui se revendique de la m\u00eame id\u00e9ologie que les talibans afghans \u2013 est accus\u00e9 par Islamabad d\u2019avoir tu\u00e9 des centaines de ses soldats depuis 2021. <\/p>\n<p class=\"sc-cPiKLX AiZTS text-element\">Plus t\u00f4t samedi, le TTP a revendiqu\u00e9 des attaques meurtri\u00e8res dans le nord-ouest du pays qui ont caus\u00e9 la mort de 23 personnes dont trois civils. Elles ont eu lieu vendredi non loin de la fronti\u00e8re avec l\u2019Afghanistan, dans la province du Khyber Pakhtunkhwa. Pour le Pakistan, ce sont les talibans afghans, de retour au pouvoir \u00e0 Kaboul depuis l\u2019\u00e9t\u00e9 2021, qui favorisent cette r\u00e9surgence du TTP.<\/p>\n<p class=\"sc-cPiKLX AiZTS text-element\">Un rapport du Conseil de s\u00e9curit\u00e9 des Nations unies publi\u00e9 plus t\u00f4t cette ann\u00e9e estimait que le TTP \u00aba sans doute \u00e9t\u00e9 le groupe extr\u00e9miste \u00e9tranger en Afghanistan qui a le plus profit\u00e9\u00bb du retour des talibans afghans, \u00abqui ont accueilli et activement soutenu\u00bb le mouvement. Mais Kaboul d\u00e9ment fermement et renvoie l\u2019accusation \u00e0 Islamabad, assurant que le Pakistan soutient des groupes \u00abterroristes\u00bb, notamment la branche r\u00e9gionale de l\u2019Etat islamique (EI). <\/p>\n<p class=\"sc-cPiKLX AiZTS text-element\">Jeudi, le ministre pakistanais de la D\u00e9fense, Khawaja Muhammad Asif, a d\u00e9clar\u00e9 au Parlement que les multiples tentatives pour convaincre les talibans afghans de cesser de soutenir le TTP avaient \u00e9chou\u00e9. \u00abNous ne tol\u00e9rerons plus cela. Unis, nous devons s\u00e9vir contre ceux qui les aident, que leurs cachettes se trouvent sur notre sol ou bien sur le sol afghan\u00bb, a-t-il martel\u00e9. <\/p>\n<p class=\"sc-cPiKLX AiZTS text-element\">L\u2019ann\u00e9e 2024 a \u00e9t\u00e9 la plus meurtri\u00e8re pour le Pakistan en pr\u00e8s d\u2019une d\u00e9cennie, avec plus de 1 600 morts dans ces violences, principalement des soldats.<\/p>\n<p class=\"sc-cPiKLX AiZTS text-element\"><b>Mise \u00e0 jour<\/b> \u00e0 13 h 12 avec le bilan du Pakistan. <\/p>\n","protected":false},"excerpt":{"rendered":"La situation s\u2019enflamme, en Asie centrale, \u00e0 la fronti\u00e8re entre le Pakistan et l\u2019Afghanistan. Derni\u00e8re menace en date&hellip;\n","protected":false},"author":2,"featured_media":457561,"comment_status":"","ping_status":"","sticky":false,"template":"","format":"standard","meta":{"footnotes":""},"categories":[2],"tags":[11,598,1011,27,19049,12,14488,19982],"class_list":{"0":"post-457560","1":"post","2":"type-post","3":"status-publish","4":"format-standard","5":"has-post-thumbnail","7":"category-actualites","8":"tag-actualites","9":"tag-afghanistan","10":"tag-fr","11":"tag-france","12":"tag-inde-pakistan-conflit","13":"tag-news","14":"tag-pakistan","15":"tag-talibans"},"share_on_mastodon":{"url":"https:\/\/pubeurope.com\/@fr\/115361541352650256","error":""},"_links":{"self":[{"href":"https:\/\/www.europesays.com\/fr\/wp-json\/wp\/v2\/posts\/457560","targetHints":{"allow":["GET"]}}],"collection":[{"href":"https:\/\/www.europesays.com\/fr\/wp-json\/wp\/v2\/posts"}],"about":[{"href":"https:\/\/www.europesays.com\/fr\/wp-json\/wp\/v2\/types\/post"}],"author":[{"embeddable":true,"href":"https:\/\/www.europesays.com\/fr\/wp-json\/wp\/v2\/users\/2"}],"replies":[{"embeddable":true,"href":"https:\/\/www.europesays.com\/fr\/wp-json\/wp\/v2\/comments?post=457560"}],"version-history":[{"count":0,"href":"https:\/\/www.europesays.com\/fr\/wp-json\/wp\/v2\/posts\/457560\/revisions"}],"wp:featuredmedia":[{"embeddable":true,"href":"https:\/\/www.europesays.com\/fr\/wp-json\/wp\/v2\/media\/457561"}],"wp:attachment":[{"href":"https:\/\/www.europesays.com\/fr\/wp-json\/wp\/v2\/media?parent=457560"}],"wp:term":[{"taxonomy":"category","embeddable":true,"href":"https:\/\/www.europesays.com\/fr\/wp-json\/wp\/v2\/categories?post=457560"},{"taxonomy":"post_tag","embeddable":true,"href":"https:\/\/www.europesays.com\/fr\/wp-json\/wp\/v2\/tags?post=457560"}],"curies":[{"name":"wp","href":"https:\/\/api.w.org\/{rel}","templated":true}]}}