{"id":457562,"date":"2025-10-12T13:56:20","date_gmt":"2025-10-12T13:56:20","guid":{"rendered":"https:\/\/www.europesays.com\/fr\/457562\/"},"modified":"2025-10-12T13:56:20","modified_gmt":"2025-10-12T13:56:20","slug":"une-maison-partagee-par-des-seniors-ouvrira-en-2026-a-montaud","status":"publish","type":"post","link":"https:\/\/www.europesays.com\/fr\/457562\/","title":{"rendered":"une maison partag\u00e9e par des seniors ouvrira en 2026 \u00e0 Montaud"},"content":{"rendered":"<p>Les administrateurs de la Fondation pour le logement social (FLS) ont convi\u00e9, ce jeudi, leurs investisseurs, ainsi que tous les acteurs du projet, \u00e0 la pose de la premi\u00e8re pierre de la r\u00e9novation du deuxi\u00e8me b\u00e2timent de la maison Saint-Antoine, qui va abriter des appartements de vie et de partage pour seniors.<\/p>\n<p>\u00ab\u00a0L\u2019objectif est de rompre l\u2019isolement, qui est un fl\u00e9au\u00a0\u00bb, a soulign\u00e9 son pr\u00e9sident Michel R\u00e9cipon. Sous la ma\u00eetrise d\u2019\u0153uvre du cabinet st\u00e9phanois Tassin-R\u00e9ocreux, 10 logements vont \u00eatre am\u00e9nag\u00e9s d\u2019ici l\u2019\u00e9t\u00e9 2026, sur deux niveaux, de type T2 et T3, avec des espaces de vie communs.<\/p>\n<p>Les futurs locataires seront autonomes et b\u00e9n\u00e9ficieront de loyers adapt\u00e9s. \u00ab\u00a0La premi\u00e8re condition sera d\u2019adh\u00e9rer \u00e0 ce projet de vie\u00a0\u00bb, souligne Reine-Lise Orfelle, responsable du p\u00f4le immobilier, qui a r\u00e9sum\u00e9 les int\u00e9r\u00eats de ce concept de b\u00e9guinage\u00a0: \u00ab\u00a0Faire ressortir les forces des uns et des autres\u00a0\u00bb.<\/p>\n<p>  L\u2019ensemble de l\u2019op\u00e9ration (achat et travaux) se chiffre \u00e0 4\u00a0millions d\u2019euros<\/p>\n<p>La r\u00e9alisation de cette restauration n\u2019est toutefois que l\u2019une des pi\u00e8ces de ce vaste ensemble qui va peu \u00e0 peu reprendre vie, apr\u00e8s son rachat au dioc\u00e8se de Saint-\u00c9tienne en 2020.<\/p>\n<p>Les travaux de la maison la plus ancienne viennent d\u2019\u00eatre termin\u00e9s. <a href=\"https:\/\/www.leprogres.fr\/societe\/2024\/02\/15\/la-maison-saint-antoine-accueillera-une-unite-de-vie-pour-adultes-handicapes\" target=\"_blank\" rel=\"nofollow noopener\">Elle accueille d\u00e9j\u00e0 plusieurs adultes porteurs de handicap<\/a>, h\u00e9berg\u00e9s par l\u2019association Parm (Permanenciers auxiliaires de r\u00e9gulation m\u00e9dicale).<\/p>\n<p>Des activit\u00e9s pour l\u2019insertion des jeunes devraient venir occuper l\u2019ancienne biblioth\u00e8que Roublev. Le parc bois\u00e9 de 12\u00a0000 m2 qui entoure ces trois entit\u00e9s fait l\u2019objet d\u2019une valorisation et aucun des arbres n\u2019a \u00e9t\u00e9 coup\u00e9.<\/p>\n<p>L\u2019ensemble de l\u2019op\u00e9ration (achat et travaux) se chiffre \u00e0 4\u00a0millions d\u2019euros, financ\u00e9s par les fonds propres de la Fondation pour le logement social, des subventions, notamment du fonds vert europ\u00e9en, et un emprunt.<\/p>\n<p>Afin d\u2019accompagner le lancement de ce programme innovant et ambitieux, la Fondation avait convi\u00e9 <a href=\"https:\/\/www.leprogres.fr\/p\/dominique-rocheteau\" target=\"_blank\" rel=\"nofollow noopener\">Dominique Rocheteau<\/a> pour en assurer le parrainage. L\u2019ancien footballeur vedette de l\u2019\u00e9pop\u00e9e des Verts des ann\u00e9es 1970 a partag\u00e9 ses encouragements\u00a0: \u00ab\u00a0C\u2019est un projet qui m\u2019a parl\u00e9. J\u2019y retrouve les valeurs de coh\u00e9sion et les valeurs humaines qui permettent de renverser les montagnes.\u00a0\u00bb<\/p>\n","protected":false},"excerpt":{"rendered":"Les administrateurs de la Fondation pour le logement social (FLS) ont convi\u00e9, ce jeudi, leurs investisseurs, ainsi que&hellip;\n","protected":false},"author":2,"featured_media":457563,"comment_status":"","ping_status":"","sticky":false,"template":"","format":"standard","meta":{"footnotes":""},"categories":[9653],"tags":[1111,11,2430,33,7539,1777,674,1011,27,1116,12,25,4001,7538],"class_list":{"0":"post-457562","1":"post","2":"type-post","3":"status-publish","4":"format-standard","5":"has-post-thumbnail","7":"category-saint-etienne","8":"tag-actu","9":"tag-actualites","10":"tag-auvergne-rhone-alpes","11":"tag-economie","12":"tag-edition-loire-sud","13":"tag-eu","14":"tag-europe","15":"tag-fr","16":"tag-france","17":"tag-immobilier","18":"tag-news","19":"tag-republique-francaise","20":"tag-saint-etienne","21":"tag-saint-etienne-ville"},"share_on_mastodon":{"url":"https:\/\/pubeurope.com\/@fr\/115361545371230212","error":""},"_links":{"self":[{"href":"https:\/\/www.europesays.com\/fr\/wp-json\/wp\/v2\/posts\/457562","targetHints":{"allow":["GET"]}}],"collection":[{"href":"https:\/\/www.europesays.com\/fr\/wp-json\/wp\/v2\/posts"}],"about":[{"href":"https:\/\/www.europesays.com\/fr\/wp-json\/wp\/v2\/types\/post"}],"author":[{"embeddable":true,"href":"https:\/\/www.europesays.com\/fr\/wp-json\/wp\/v2\/users\/2"}],"replies":[{"embeddable":true,"href":"https:\/\/www.europesays.com\/fr\/wp-json\/wp\/v2\/comments?post=457562"}],"version-history":[{"count":0,"href":"https:\/\/www.europesays.com\/fr\/wp-json\/wp\/v2\/posts\/457562\/revisions"}],"wp:featuredmedia":[{"embeddable":true,"href":"https:\/\/www.europesays.com\/fr\/wp-json\/wp\/v2\/media\/457563"}],"wp:attachment":[{"href":"https:\/\/www.europesays.com\/fr\/wp-json\/wp\/v2\/media?parent=457562"}],"wp:term":[{"taxonomy":"category","embeddable":true,"href":"https:\/\/www.europesays.com\/fr\/wp-json\/wp\/v2\/categories?post=457562"},{"taxonomy":"post_tag","embeddable":true,"href":"https:\/\/www.europesays.com\/fr\/wp-json\/wp\/v2\/tags?post=457562"}],"curies":[{"name":"wp","href":"https:\/\/api.w.org\/{rel}","templated":true}]}}