{"id":457568,"date":"2025-10-12T14:04:11","date_gmt":"2025-10-12T14:04:11","guid":{"rendered":"https:\/\/www.europesays.com\/fr\/457568\/"},"modified":"2025-10-12T14:04:11","modified_gmt":"2025-10-12T14:04:11","slug":"video-top-14-ce-nest-pas-dans-nos-habitudes-on-est-un-peu-vexes-regrette-pierre-mignoni-apres-la-defaite-de-toulon-a-clermont","status":"publish","type":"post","link":"https:\/\/www.europesays.com\/fr\/457568\/","title":{"rendered":"Vid\u00e9o. Top 14 \u2013 \u00ab\u00a0Ce n\u2019est pas dans nos habitudes, on est un peu vex\u00e9s\u00a0\u00bb regrette Pierre Mignoni apr\u00e8s la d\u00e9faite de Toulon \u00e0 Clermont"},"content":{"rendered":"<p>\n                Pierre Mignoni \u00e9tait d\u00e9\u00e7u de l\u2019indiscipline de ses hommes face \u00e0 Clermont. Apr\u00e8s cette d\u00e9faite \u00e0 z\u00e9ro point, le manager de Toulon souhaite une remise en question express avant de recevoir le Racing 92 dans une semaine.\n            <\/p>\n<p><strong>Pierre, c\u2019est la premi\u00e8re d\u00e9faite \u00e0 z\u00e9ro point cette saison pour votre \u00e9quipe, qu\u2019est-ce qui a manqu\u00e9\u00a0?<\/strong><\/p>\n<p>D\u00e9j\u00e0, il faut f\u00e9liciter Clermont pour le match. Ils s\u2019\u00e9taient bien pr\u00e9par\u00e9s, ils l\u2019avaient dit, bravo. Nous concernant, <a href=\"https:\/\/www.rugbyrama.fr\/2025\/10\/11\/top-14-clermont-montre-les-muscles-contre-toulon-et-enchaine-un-deuxieme-succes-consecutif-a-domicile-12986850.php\" target=\"_self\" rel=\"nofollow noopener\"><strong>on a conc\u00e9d\u00e9 trop de cartons jaunes.<\/strong><\/a> C\u2019est \u00e9galement dommage qu\u2019on refuse cet essai (NDLR\u00a0: de Mathis Fert\u00e9 \u00e0 la 16\u00e8me minute). Il y a certainement faute. Donc, c\u2019est vrai qu\u2019\u00e0 partir de l\u00e0 nous n\u2019\u00e9tions pas dans une bonne dynamique. On prend des cartons derri\u00e8re, on prend essai de p\u00e9nalit\u00e9 sur la m\u00eame action. C\u2019est beaucoup. On peut dire qu\u2019ils nous attendaient devant, ils ont r\u00e9pondu pr\u00e9sent devant. Ce n\u2019est pas trop dans nos habitudes, mais voil\u00e0, on est un peu vex\u00e9s ce soir.<\/p>\n<p><strong>Est-ce un coup d\u2019arr\u00eat dans la construction de votre saison\u00a0?<\/strong><\/p>\n<p>C\u2019est un coup d\u2019arr\u00eat, une remise \u00e0 l\u2019heure et une remise en question. Ce n\u2019est pas la fin du monde, mais on va vite se remettre en question et vite repartir de l\u2019avant. Parce que des d\u00e9faites \u00e0 z\u00e9ro point, on n\u2019aime pas trop \u00e7a.<\/p>\n<p><strong>Vous aviez effectu\u00e9 beaucoup de rotations avant la rencontre, <a href=\"https:\/\/www.rugbyrama.fr\/2025\/10\/11\/top-14-les-notes-de-clermont-toulon-thomas-ceyte-a-regne-sur-le-match-dany-priso-dans-le-dur-12984946.php\" target=\"_self\" rel=\"nofollow noopener\">\u00eates-vous d\u00e9\u00e7u de la prestation de certains joueurs face \u00e0 Clermont\u00a0?<\/a><\/strong><\/p>\n<p>On a fait des rotations mais ce sont tous des gar\u00e7ons qui jouent \u00e0 part L\u00e9o Ametlla qui a fait une tr\u00e8s bonne entr\u00e9e et qui est vraiment quelqu\u2019un qui va pointer le bout du nez encore plus. Le reste, ce sont des joueurs qui sont dans l\u2019effectif. Donc oui, il y a eu quelques rotations, mais il faut bien que je manage un peu mon groupe. Et il faut le constater, cela n\u2019a pas \u00e9t\u00e9 efficace.<\/p>\n<blockquote data-class=\"twitter-tweet\">\n<p lang=\"fr\" dir=\"ltr\">Avec autorit\u00e9, Clermont s&rsquo;est impos\u00e9 contre Toulon dans un choc qui a tenu toutes ses promesses. Solides et s\u00e9duisants durant plus d&rsquo;une mi-temps, les Auvergnats ont n\u00e9anmoins laiss\u00e9 filer le bonus offensif. <\/p>\n<p>Le compte rendu &gt; <a href=\"https:\/\/t.co\/aNEuK2zfCj\" rel=\"nofollow\">https:\/\/t.co\/aNEuK2zfCj<\/a> <a href=\"https:\/\/t.co\/sLPQoUh3iK\" rel=\"nofollow\">pic.twitter.com\/sLPQoUh3iK<\/a><\/p>\n<p>\u2014 RUGBYRAMA (@RugbyramaFR) <a href=\"https:\/\/twitter.com\/RugbyramaFR\/status\/1977120328263385251?ref_src=twsrc%5Etfw\" rel=\"nofollow noopener\" target=\"_blank\">October 11, 2025<\/a><\/p><\/blockquote>\n<p><strong>Est-ce que les trois cartons jaunes conc\u00e9d\u00e9s (Priso, Tuifua, Jaminet) vous ont fait le plus de mal\u00a0?<\/strong><\/p>\n<p>Entre l\u2019indiscipline et les petites fautes de main, on ne peut pas avoir le momentum du match, c\u2019est tr\u00e8s compliqu\u00e9. Ils sont plut\u00f4t dominateurs sur les phases de conqu\u00eate, donc c\u2019est difficile \u00e0 arr\u00eater.<\/p>\n<p><strong>Y a-t-il des points positifs que vous arrivez \u00e0 sortir malgr\u00e9 tout\u00a0?<\/strong><\/p>\n<p>Oui, il y a des choses positives. Sur les ballons de r\u00e9cup\u00e9ration, j\u2019ai trouv\u00e9 qu\u2019on amenait quand m\u00eame beaucoup d\u2019intention, beaucoup de danger, notamment en premi\u00e8re p\u00e9riode. Un peu aussi en deuxi\u00e8me mi-temps, mais pas assez, parce qu\u2019on n\u2019a pas eu assez le ballon. On l\u2019a perdu quand on \u00e9tait \u00e0 cinq m\u00e8tres de la ligne, \u00e0 part l\u2019essai qu\u2019on marque. Mais globalement, on ne les a pas trop mis sous pression. On a reperdu le ballon trop facilement. Entre \u00e7a, les fautes de main et les fautes d\u2019indiscipline, on ne peut pas avoir le contr\u00f4le du match, tout simplement.<\/p>\n<p><strong>En attaque, est-ce que vous avez la sensation que votre \u00e9quipe a un peu tap\u00e9 dans un mur, avec quelques pertes de balles, notamment pr\u00e8s des lignes\u00a0?<\/strong><\/p>\n<p>Quand on tape dans un mur, c\u2019est normal. Je crois qu\u2019ils ont aussi tap\u00e9 dans un mur, mais ils ont \u00e9t\u00e9 plus patients, je crois. On a manqu\u00e9 de patience, c\u2019est ce que j\u2019ai dit tout \u00e0 l\u2019heure, o\u00f9 on perd deux ou trois ballons \u00e0 cinq m\u00e8tres de leur ligne, voire moins de 5 m\u00e8tres. Donc on n\u2019a pas pu revenir au score et les faire douter. Ils sont arriv\u00e9s \u00e0 nous maintenit \u00e0 une distance qui \u00e9tait plut\u00f4t bonne pour eux. Donc bravo \u00e0 eux.<\/p>\n<p>                    <script async src=\"https:\/\/platform.twitter.com\/widgets.js\" charset=\"utf-8\"><\/script><\/p>\n","protected":false},"excerpt":{"rendered":"Pierre Mignoni \u00e9tait d\u00e9\u00e7u de l\u2019indiscipline de ses hommes face \u00e0 Clermont. Apr\u00e8s cette d\u00e9faite \u00e0 z\u00e9ro point,&hellip;\n","protected":false},"author":2,"featured_media":457569,"comment_status":"","ping_status":"","sticky":false,"template":"","format":"standard","meta":{"footnotes":""},"categories":[9619],"tags":[1111,11,1777,674,1011,27,12,882,25,2310],"class_list":{"0":"post-457568","1":"post","2":"type-post","3":"status-publish","4":"format-standard","5":"has-post-thumbnail","7":"category-toulon","8":"tag-actu","9":"tag-actualites","10":"tag-eu","11":"tag-europe","12":"tag-fr","13":"tag-france","14":"tag-news","15":"tag-provence-alpes-cote-dazur","16":"tag-republique-francaise","17":"tag-toulon"},"share_on_mastodon":{"url":"https:\/\/pubeurope.com\/@fr\/115361576678783188","error":""},"_links":{"self":[{"href":"https:\/\/www.europesays.com\/fr\/wp-json\/wp\/v2\/posts\/457568","targetHints":{"allow":["GET"]}}],"collection":[{"href":"https:\/\/www.europesays.com\/fr\/wp-json\/wp\/v2\/posts"}],"about":[{"href":"https:\/\/www.europesays.com\/fr\/wp-json\/wp\/v2\/types\/post"}],"author":[{"embeddable":true,"href":"https:\/\/www.europesays.com\/fr\/wp-json\/wp\/v2\/users\/2"}],"replies":[{"embeddable":true,"href":"https:\/\/www.europesays.com\/fr\/wp-json\/wp\/v2\/comments?post=457568"}],"version-history":[{"count":0,"href":"https:\/\/www.europesays.com\/fr\/wp-json\/wp\/v2\/posts\/457568\/revisions"}],"wp:featuredmedia":[{"embeddable":true,"href":"https:\/\/www.europesays.com\/fr\/wp-json\/wp\/v2\/media\/457569"}],"wp:attachment":[{"href":"https:\/\/www.europesays.com\/fr\/wp-json\/wp\/v2\/media?parent=457568"}],"wp:term":[{"taxonomy":"category","embeddable":true,"href":"https:\/\/www.europesays.com\/fr\/wp-json\/wp\/v2\/categories?post=457568"},{"taxonomy":"post_tag","embeddable":true,"href":"https:\/\/www.europesays.com\/fr\/wp-json\/wp\/v2\/tags?post=457568"}],"curies":[{"name":"wp","href":"https:\/\/api.w.org\/{rel}","templated":true}]}}