{"id":457570,"date":"2025-10-12T14:05:18","date_gmt":"2025-10-12T14:05:18","guid":{"rendered":"https:\/\/www.europesays.com\/fr\/457570\/"},"modified":"2025-10-12T14:05:18","modified_gmt":"2025-10-12T14:05:18","slug":"montpellier-poursuit-ses-rappels-a-lordre-pour-inciter-au-civisme","status":"publish","type":"post","link":"https:\/\/www.europesays.com\/fr\/457570\/","title":{"rendered":"Montpellier poursuit ses rappels \u00e0 l\u2019ordre pour inciter au civisme"},"content":{"rendered":"<p>Depuis la mise en place du dispositif en octobre 2020, la Ville de Montpellier a organis\u00e9 30 s\u00e9ances de rappel \u00e0 l\u2019ordre, concernant 152 personnes (111 majeurs et 41 mineurs). Ce dispositif, qualifi\u00e9 de proximit\u00e9, rapide et \u00e9ducatif, s\u2019inscrit dans la politique municipale de pr\u00e9vention de la d\u00e9linquance et de promotion du vivre-ensemble, en compl\u00e9ment des actions judiciaires.<\/p>\n","protected":false},"excerpt":{"rendered":"Depuis la mise en place du dispositif en octobre 2020, la Ville de Montpellier a organis\u00e9 30 s\u00e9ances&hellip;\n","protected":false},"author":2,"featured_media":457571,"comment_status":"","ping_status":"","sticky":false,"template":"","format":"standard","meta":{"footnotes":""},"categories":[9599],"tags":[1111,11,1777,674,1011,27,2208,12,2680,25],"class_list":{"0":"post-457570","1":"post","2":"type-post","3":"status-publish","4":"format-standard","5":"has-post-thumbnail","7":"category-montpellier","8":"tag-actu","9":"tag-actualites","10":"tag-eu","11":"tag-europe","12":"tag-fr","13":"tag-france","14":"tag-montpellier","15":"tag-news","16":"tag-occitanie","17":"tag-republique-francaise"},"share_on_mastodon":{"url":"https:\/\/pubeurope.com\/@fr\/115361580598246360","error":""},"_links":{"self":[{"href":"https:\/\/www.europesays.com\/fr\/wp-json\/wp\/v2\/posts\/457570","targetHints":{"allow":["GET"]}}],"collection":[{"href":"https:\/\/www.europesays.com\/fr\/wp-json\/wp\/v2\/posts"}],"about":[{"href":"https:\/\/www.europesays.com\/fr\/wp-json\/wp\/v2\/types\/post"}],"author":[{"embeddable":true,"href":"https:\/\/www.europesays.com\/fr\/wp-json\/wp\/v2\/users\/2"}],"replies":[{"embeddable":true,"href":"https:\/\/www.europesays.com\/fr\/wp-json\/wp\/v2\/comments?post=457570"}],"version-history":[{"count":0,"href":"https:\/\/www.europesays.com\/fr\/wp-json\/wp\/v2\/posts\/457570\/revisions"}],"wp:featuredmedia":[{"embeddable":true,"href":"https:\/\/www.europesays.com\/fr\/wp-json\/wp\/v2\/media\/457571"}],"wp:attachment":[{"href":"https:\/\/www.europesays.com\/fr\/wp-json\/wp\/v2\/media?parent=457570"}],"wp:term":[{"taxonomy":"category","embeddable":true,"href":"https:\/\/www.europesays.com\/fr\/wp-json\/wp\/v2\/categories?post=457570"},{"taxonomy":"post_tag","embeddable":true,"href":"https:\/\/www.europesays.com\/fr\/wp-json\/wp\/v2\/tags?post=457570"}],"curies":[{"name":"wp","href":"https:\/\/api.w.org\/{rel}","templated":true}]}}