{"id":457578,"date":"2025-10-12T14:12:10","date_gmt":"2025-10-12T14:12:10","guid":{"rendered":"https:\/\/www.europesays.com\/fr\/457578\/"},"modified":"2025-10-12T14:12:10","modified_gmt":"2025-10-12T14:12:10","slug":"une-femme-attaque-en-justice-le-chu-de-rennes-pour-pouvoir-disposer-du-sperme-de-son-mari-decede","status":"publish","type":"post","link":"https:\/\/www.europesays.com\/fr\/457578\/","title":{"rendered":"Une femme attaque en justice le CHU de Rennes pour pouvoir \u00ab\u00a0disposer\u00a0\u00bb du sperme de son mari d\u00e9c\u00e9d\u00e9"},"content":{"rendered":"<p>            Par<br \/>\n        <strong><br \/>\n            <a href=\"https:\/\/actu.fr\/auteur\/redaction-rennes\" title=\"Consulter tous les articles de R\u00e9daction Rennes\" target=\"_blank\" rel=\"noopener\">R\u00e9daction Rennes<\/a><br \/>\n        <\/strong><\/p>\n<p>        Publi\u00e9 le<\/p>\n<p>            12 oct. 2025 \u00e0 15h24        <\/p>\n<p>Une veuve a demand\u00e9 \u00e0 la cour administrative d\u2019appel de Nantes, jeudi 9\u00a0octobre 2025, de condamner le <a href=\"https:\/\/actu.fr\/tag\/chu-de-rennes\" target=\"_blank\" rel=\"noopener\">centre hospitalier universitaire (CHU) de Rennes<\/a> pour avoir <strong>refus\u00e9 en octobre\u00a02022 de \u00ab\u2009prolonger la conservation des gam\u00e8tes\u2009\u00bb<\/strong> qui avait \u00e9t\u00e9 d\u00e9pos\u00e9s en 2019 par <strong>son d\u00e9funt \u00e9poux<\/strong> au Centre d\u2019\u00e9tude et de conservation des \u0153ufs et du sperme humain (Cecos).<\/p>\n<p class=\" wall-content\">Rosine<strong> souhaite en effet \u00ab\u2009en disposer\u2009\u00bb,<\/strong> mais avait \u00e9t\u00e9 <strong>d\u00e9bout\u00e9e en premi\u00e8re instance<\/strong> par le tribunal administratif de Rennes, en avril\u00a02024. Elle avait alors fait appel pour faire censurer cette \u00ab\u2009atteinte disproportionn\u00e9e\u2009\u00bb \u00e0 son \u00ab\u2009droit au respect de la vie priv\u00e9e et familiale\u2009\u00bb, consacr\u00e9 par la Convention europ\u00e9enne de sauvegarde des droits de l\u2019Homme et des libert\u00e9s fondamentales.<\/p>\n<p>Le d\u00e9c\u00e8s survenu un mois avant l\u2019implantation<\/p>\n<p class=\" wall-content\">Rosine voulait en particulier qu\u2019il soit fait \u00ab\u2009injonction\u2009\u00bb au Cecos de \u00ab\u2009prendre toutes mesures utiles pour conserver les paillettes\u2009\u00bb de son mari d\u00e9c\u00e9d\u00e9 et <strong>\u00ab\u2009permettre l\u2019exportation vers un \u00e9tablissement de l\u2019Union europ\u00e9enne<\/strong> qui accepterait de pratiquer une procr\u00e9ation m\u00e9dicalement assist\u00e9e\u2009\u00bb.<\/p>\n<p class=\" wall-content\">Cet homme \u00ab\u2009en soins palliatifs\u2009\u00bb \u00e9tait <strong>d\u00e9c\u00e9d\u00e9<\/strong> le 12\u00a0mai 2021 <strong>alors qu\u2019une \u00ab\u2009implantation\u2009\u00bb \u00e9tait pr\u00e9vue<\/strong> \u00ab\u2009au mois de juin\u00a02021\u2009\u00bb dans le cadre d\u2019un \u00ab\u2009projet parental\u2009\u00bb.<\/p>\n<p class=\" wall-content\">\u00ab\u2009L\u2019assistance m\u00e9dicale \u00e0 la procr\u00e9ation est destin\u00e9e \u00e0 r\u00e9pondre \u00e0 un projet parental\u2009\u00bb, encadre le code de la sant\u00e9 publique.<strong> \u00ab\u2009Tout couple<\/strong> form\u00e9 d\u2019un homme et d\u2019une femme, ou de deux femmes ou toute femme non mari\u00e9e, <strong>ont acc\u00e8s \u00e0 l\u2019assistance m\u00e9dicale \u00e0 la procr\u00e9ation.\u2009\u00bb<\/strong><\/p>\n<p>Le d\u00e9c\u00e8s fait \u00ab\u2009obstacle\u2009\u00bb \u00e0 l\u2019ins\u00e9mination<\/p>\n<p class=\" wall-content\">\u00ab\u2009Cet acc\u00e8s ne peut faire l\u2019objet d\u2019aucune diff\u00e9rence de traitement, notamment au regard du statut matrimonial ou de l\u2019orientation sexuelle des demandeurs\u2009\u00bb, prend bien soin de pr\u00e9ciser la loi.<\/p>\n<p>Votre r\u00e9gion, votre actu !<\/p>\n<p>Recevez chaque jour les infos qui comptent pour vous.<\/p>\n<p>\t<a href=\"https:\/\/actu.fr\/newsletter\" class=\"ac-btn ac-btn--corner ac-btn--medium ac-btn--blue800\" target=\"_blank\" rel=\"noopener\">S&rsquo;incrire<\/a><\/p>\n<p class=\" wall-content\">\u00ab\u2009Les deux membres du couple [\u2026] doivent <strong>consentir pr\u00e9alablement<\/strong> \u00e0 l\u2019ins\u00e9mination artificielle ou au transfert des embryons.\u2009\u00bb <strong>Le \u00ab\u2009d\u00e9c\u00e8s d\u2019un des membres du couple\u2009\u00bb fait \u00ab\u2009obstacle\u2009\u00bb \u00e0 toute \u00ab\u2009ins\u00e9mination\u2009\u00bb<\/strong> ou \u00e0 tout \u00ab\u2009transfert des embryons\u2009\u00bb, souligne encore le code de la sant\u00e9 publique.<\/p>\n<p class=\" wall-content\">\u00ab\u2009La personne dont les gam\u00e8tes ont \u00e9t\u00e9 [\u2026] conserv\u00e9s dans le cadre d\u2019un [\u2026] projet parental [\u2026] est consult\u00e9e chaque ann\u00e9e [\u2026] sur le point de savoir si elle souhaite maintenir cette modalit\u00e9 de conservation\u2009\u00bb, ajoute le texte.<\/p>\n<p class=\" wall-content\">\u00ab\u2009Si elle ne souhaite plus la maintenir, ou si elle ne remplit plus les conditions d\u2019\u00e2ge [\u2026] elle peut consentir [\u2026] \u00e0 ce que ses gam\u00e8tes fassent l\u2019objet d\u2019un don. [\u2026] Il est <strong>mis fin \u00e0 la conservation [\u2026] en cas de d\u00e9c\u00e8s de la personne<\/strong> si elle n\u2019a pas exprim\u00e9, avant son d\u00e9c\u00e8s, le consentement.\u2009\u00bb<\/p>\n<p class=\" wall-content\">\u00ab\u2009L\u2019importation et l\u2019exportation de gam\u00e8tes [\u2026] sont soumises \u00e0 une autorisation d\u00e9livr\u00e9e par l\u2019Agence de biom\u00e9decine, conclut enfin le code de la sant\u00e9 publique. Elles sont exclusivement destin\u00e9es \u00e0 permettre la poursuite d\u2019un projet parental, [\u2026] \u00e0 l\u2019exclusion de toute finalit\u00e9 commerciale.\u2009\u00bb<\/p>\n<p class=\" wall-content\">\u00ab\u2009L\u2019<strong>exportation de gam\u00e8tes d\u00e9pos\u00e9es en France [\u2026] est interdite<\/strong> si elles sont destin\u00e9es \u00e0 \u00eatre utilis\u00e9es, \u00e0 l\u2019\u00e9tranger, \u00e0 des fins qui sont prohib\u00e9es sur le territoire national\u2009\u00bb, avait ainsi reformul\u00e9 en premi\u00e8re instance le tribunal administratif de Rennes.<\/p>\n<p class=\" wall-content\">\u00ab\u2009Est notamment<strong> interdite en France l\u2019ins\u00e9mination artificielle, en cas de d\u00e9c\u00e8s du conjoint ayant proc\u00e9d\u00e9 \u00e0 la conservation de ses gam\u00e8tes<\/strong> en vue d\u2019une procr\u00e9ation artificielle, [\u2026] par le membre du couple survivant.\u2009\u00bb<\/p>\n<p>Une r\u00e9glementation \u00ab\u2009incoh\u00e9rente\u2009\u00bb<\/p>\n<p class=\" wall-content\">\u00ab\u2009Si Mme X. justifie d\u2019un projet parental, les attestations des proches et m\u00e9decins produites <strong>ne permettent pas d\u2019\u00e9tablir que son d\u00e9funt \u00e9poux avait explicitement consenti<\/strong> \u00e0 l\u2019utilisation de ses gam\u00e8tes apr\u00e8s son d\u00e9c\u00e8s\u2009\u00bb, avait-il conclu.<\/p>\n<p class=\" wall-content\">\u00ab\u2009En outre, Mme X. est de nationalit\u00e9 fran\u00e7aise et n\u2019entretient aucun lien avec un pays \u00e9tranger dont elle envisagerait qu\u2019il soit importateur des gam\u00e8tes. [\u2026] La d\u00e9cision [\u2026] ne porte pas une atteinte manifestement excessive au droit au respect de la vie priv\u00e9e et familiale de la requ\u00e9rante.\u2009\u00bb<\/p>\n<p class=\" wall-content\">Jeudi 9\u00a0octobre 2025, le rapporteur public a propos\u00e9 \u00e0 la cour administrative d\u2019appel de Nantes d\u2019enfoncer le clou\u2009: <strong>le \u00ab\u2009consentement\u2009\u00bb du mari de Rosine n\u2019est \u00ab\u2009pas \u00e9tabli\u2009\u00bb<\/strong> par les pi\u00e8ces du dossier, a-t-il r\u00e9p\u00e9t\u00e9. Il n\u2019avait par ailleurs \u00ab\u2009pas conscience de l\u2019imminence de son d\u00e9c\u00e8s\u2009\u00bb lorsqu\u2019il a renouvel\u00e9 sa demande de conservation de ses gam\u00e8tes, selon lui.<\/p>\n<p class=\" wall-content\">L\u2019avocate de Rosine s\u2019est dit \u00ab\u00a0consciente du probl\u00e8me juridique\u00a0\u00bb pos\u00e9 aux juges nantais par ce dossier, mais les a appel\u00e9s \u00e0 tenir compte de la \u00ab\u00a0situation humaine\u00a0\u00bb de cette femme \u00ab\u00a0soumise \u00e0 l\u2019incoh\u00e9rence de la r\u00e9glementation\u00a0\u00bb fran\u00e7aise\u2009: <strong>la loi l\u2019autorise en effet \u00e0 \u00e9lever seule un enfant \u00a0\u00bb d\u2019un \u00ab\u00a0donneur inconnu\u00a0\u00bb, mais pas de son d\u00e9funt mari.<\/strong><\/p>\n<p class=\" wall-content\">L\u2019avocat du CHU de Rennes s\u2019est quant \u00e0 lui simplement \u00ab\u2009rapport\u00e9\u2009\u00bb aux m\u00e9moires \u00e9crits d\u00e9j\u00e0 d\u00e9pos\u00e9s dans cette affaire. La cour administrative d\u2019appel de Nantes, qui a mis sa <strong>d\u00e9cision en d\u00e9lib\u00e9r\u00e9,<\/strong> rendra son arr\u00eat dans quinze jours environ.<\/p>\n<p class=\" wall-content\"><strong>GF (PressPepper)<\/strong><\/p>\n<p class=\" wall-content\">Personnalisez votre actualit\u00e9 en ajoutant vos villes et m\u00e9dias en favori avec <a href=\"https:\/\/moncompte.actu.fr\" title=\"D\u00e9couvez Mon Actu\" rel=\"nofollow noopener\" data-trk=\"{&quot;cta&quot;:{&quot;action&quot;:&quot;https:\\\/\\\/moncompte.actu.fr&quot;,&quot;category&quot;:&quot;mon compte&quot;,&quot;from&quot;:&quot;article footer&quot;,&quot;name&quot;:&quot;Mon actu&quot;,&quot;type&quot;:&quot;cta&quot;}}\" target=\"_blank\">Mon Actu<\/a>.<\/p>\n","protected":false},"excerpt":{"rendered":"Par R\u00e9daction Rennes Publi\u00e9 le 12 oct. 2025 \u00e0 15h24 Une veuve a demand\u00e9 \u00e0 la cour administrative&hellip;\n","protected":false},"author":2,"featured_media":457579,"comment_status":"","ping_status":"","sticky":false,"template":"","format":"standard","meta":{"footnotes":""},"categories":[2821],"tags":[1111,11,829,7513,1777,674,118,1011,27,303,12,584,25],"class_list":{"0":"post-457578","1":"post","2":"type-post","3":"status-publish","4":"format-standard","5":"has-post-thumbnail","7":"category-rennes","8":"tag-actu","9":"tag-actualites","10":"tag-bretagne","11":"tag-chu-de-rennes","12":"tag-eu","13":"tag-europe","14":"tag-faits-divers","15":"tag-fr","16":"tag-france","17":"tag-justice","18":"tag-news","19":"tag-rennes","20":"tag-republique-francaise"},"share_on_mastodon":{"url":"https:\/\/pubeurope.com\/@fr\/115361608170050045","error":""},"_links":{"self":[{"href":"https:\/\/www.europesays.com\/fr\/wp-json\/wp\/v2\/posts\/457578","targetHints":{"allow":["GET"]}}],"collection":[{"href":"https:\/\/www.europesays.com\/fr\/wp-json\/wp\/v2\/posts"}],"about":[{"href":"https:\/\/www.europesays.com\/fr\/wp-json\/wp\/v2\/types\/post"}],"author":[{"embeddable":true,"href":"https:\/\/www.europesays.com\/fr\/wp-json\/wp\/v2\/users\/2"}],"replies":[{"embeddable":true,"href":"https:\/\/www.europesays.com\/fr\/wp-json\/wp\/v2\/comments?post=457578"}],"version-history":[{"count":0,"href":"https:\/\/www.europesays.com\/fr\/wp-json\/wp\/v2\/posts\/457578\/revisions"}],"wp:featuredmedia":[{"embeddable":true,"href":"https:\/\/www.europesays.com\/fr\/wp-json\/wp\/v2\/media\/457579"}],"wp:attachment":[{"href":"https:\/\/www.europesays.com\/fr\/wp-json\/wp\/v2\/media?parent=457578"}],"wp:term":[{"taxonomy":"category","embeddable":true,"href":"https:\/\/www.europesays.com\/fr\/wp-json\/wp\/v2\/categories?post=457578"},{"taxonomy":"post_tag","embeddable":true,"href":"https:\/\/www.europesays.com\/fr\/wp-json\/wp\/v2\/tags?post=457578"}],"curies":[{"name":"wp","href":"https:\/\/api.w.org\/{rel}","templated":true}]}}