{"id":457596,"date":"2025-10-12T14:24:22","date_gmt":"2025-10-12T14:24:22","guid":{"rendered":"https:\/\/www.europesays.com\/fr\/457596\/"},"modified":"2025-10-12T14:24:22","modified_gmt":"2025-10-12T14:24:22","slug":"a-croix-une-residence-autonomie-renovee-pour-maintenir-des-seniors-a-domicile","status":"publish","type":"post","link":"https:\/\/www.europesays.com\/fr\/457596\/","title":{"rendered":"\u00c0 Croix, une \u00ab r\u00e9sidence autonomie \u00bb r\u00e9nov\u00e9e pour maintenir des seniors \u00e0 domicile"},"content":{"rendered":"<p>            Par<br \/>\n        <strong><br \/>\n            <a href=\"https:\/\/actu.fr\/auteur\/amandine-vachez\" title=\"Consulter tous les articles de Amandine Vachez\" target=\"_blank\" rel=\"noopener\">Amandine Vachez<\/a><br \/>\n        <\/strong><\/p>\n<p>        Publi\u00e9 le<\/p>\n<p>            12 oct. 2025 \u00e0 15h26        <\/p>\n<p>C\u2019est l\u2019une des nombreuses casquettes de l\u2019<a href=\"https:\/\/www.alefpa.fr\/\" target=\"_blank\" rel=\"noopener\">association Alefpa<\/a>\u2009: <b>accompagner les seniors<\/b> dans une \u00e9tape cl\u00e9 de leur vie, pour leur permettre de <b>rester \u00e0 domicile.<\/b> Pour ce faire, une <b>r\u00e9sidence de logements<\/b>, avec des<b> espaces et activit\u00e9s communes<\/b>, est r\u00e9nov\u00e9e \u00e0 <a href=\"https:\/\/actu.fr\/hauts-de-france\/croix_59163\" target=\"_blank\" rel=\"noopener\">Croix<\/a> (Nord). Cet ancien parc de <a href=\"https:\/\/actu.fr\/tag\/logement\" target=\"_blank\" rel=\"noopener\">logements<\/a> sociaux datant de <b>1982<\/b>, a \u00e9t\u00e9 rachet\u00e9 par l\u2019association nordiste, qui d\u00e9voile lors d\u2019une <b>\u00e9tape <\/b><b>du chantier d\u00e9but octobre\u00a02025<\/b>, le premier <b>appartement t\u00e9moin <\/b>termin\u00e9.<\/p>\n<p>Plus d\u2019appartements, plus modernes, pour un loyer dit mod\u00e9r\u00e9<\/p>\n<p class=\" wall-content\">Depuis novembre\u00a02024, la r\u00e9sidence situ\u00e9e au 135, rue Louis Seigneur \u00e0 Croix, est en travaux. Le chantier s\u2019\u00e9tale sur deux ans. Cette rentr\u00e9e, un premier appartement t\u00e9moin a \u00e9t\u00e9 livr\u00e9 dans une aile de la r\u00e9sidence, qui sera termin\u00e9e en janvier\u00a02026. L\u2019occasion pour l\u2019association propri\u00e9taire de pr\u00e9senter le projet de la r\u00e9sidence Van Gogh.<\/p>\n<p class=\" wall-content\">Il s\u2019agit de la premi\u00e8re \u00ab\u2009r\u00e9sidence autonomie\u2009\u00bb de l\u2019Alefpa, avec des <b>appartements adapt\u00e9s pour favoriser le maintien \u00e0 domicile <\/b>de <b>locataires de plus de 60\u00a0ans\u2009: des T1 bis et T2<\/b>, avec tous les services inclus pour environ 800\u00a0euros par mois (35m2) et 1\u2009100 (50m2).<\/p>\n<p class=\" wall-content\">Dans les charges on trouve les \u00ab\u2009classiques\u2009\u00bb comme le chauffage, mais aussi d\u2019autres services pens\u00e9s pour les r\u00e9sidents. C\u00e9cile Dubreux, directrice de la structure, pr\u00e9cise\u2009: \u00ab\u2009Chaque r\u00e9sident a un bracelet et b\u00e9n\u00e9ficie de la <a href=\"https:\/\/actu.fr\/societe\/seniors-comment-la-teleassistance-favorise-le-maintien-a-domicile-en-toute-securite_45153427.html\" target=\"_blank\" rel=\"noopener\">t\u00e9l\u00e9assistance<\/a>. Une fois par semaine, un van emm\u00e8ne ceux qui le souhaitent faire des courses. Nous proposons aussi r\u00e9guli\u00e8rement des activit\u00e9s, sur la base du volontariat.\u2009\u00bb<\/p>\n<p class=\" wall-content\">Une pr\u00e9sence est assur\u00e9e en journ\u00e9e la semaine, et un t\u00e9l\u00e9phone de permanence reste actif le week-end en cas de besoin. Cette r\u00e9sidence n\u2019est pas m\u00e9dicalis\u00e9e. \u00ab\u2009Les r\u00e9sidents vont et viennent comme ils le souhaitent. Ils peuvent faire venir une infirmi\u00e8re, un kin\u00e9\u2026\u2009\u00bb, appuie la C\u00e9cile Dubreux.<\/p>\n<p>    <img   decoding=\"async\" loading=\"lazy\" class=\"size-large\" src=\"https:\/\/www.europesays.com\/fr\/wp-content\/uploads\/2025\/10\/66745494d8e865a745494d8e82e745v-960x640.jpeg\" alt=\"cc\" width=\"960\" height=\"640\"\/><br \/>\n    Un appartement t\u00e9moin de la r\u00e9sidence de Croix (Nord) de l\u2019Alefpa, en pleins travaux, a \u00e9t\u00e9 d\u00e9voil\u00e9 d\u00e9but octobre\u00a02025. Cette aile sera termin\u00e9e en janvier prochain. \u00a9Amandine Vachez<br \/>\n    <img   decoding=\"async\" loading=\"lazy\" class=\"size-large\" src=\"https:\/\/www.europesays.com\/fr\/wp-content\/uploads\/2025\/10\/a1775494d8e8636775494d8e8bb775v-960x640.jpeg\" alt=\"cc\" width=\"960\" height=\"640\"\/><br \/>\n    Plus de 80 logements r\u00e9nov\u00e9s seront bient\u00f4t en location, dans cette r\u00e9sidence g\u00e9r\u00e9e par l\u2019association Alefpa. \u00a9Amandine Vachez<\/p>\n<p>Votre r\u00e9gion, votre actu !<\/p>\n<p>Recevez chaque jour les infos qui comptent pour vous.<\/p>\n<p>\t<a href=\"https:\/\/actu.fr\/newsletter\" class=\"ac-btn ac-btn--corner ac-btn--medium ac-btn--blue800\" target=\"_blank\" rel=\"noopener\">S&rsquo;incrire<\/a><br \/>\nSe rencontrer, \u00e9changer, partager<\/p>\n<p class=\" wall-content\">Gr\u00e2ce aux activit\u00e9s qui animent la r\u00e9sidence, les locataires sont encourag\u00e9s \u00e0<b> bouger, se rencontrer, \u00e9changer, partager\u2026<\/b> Entre eux, mais aussi avec des habitants du quartier.<\/p>\n<p class=\" wall-content\">Lors de notre passage un mardi, un <b>atelier d\u2019art floral<\/b> se tenait dans une salle commune. <b>Loto, chorale<\/b> et m\u00eame\u2026<b> soir\u00e9e stand up<\/b> sont au programme\u2009! C\u00e9cile Dubreux garde un tr\u00e8s bon souvenir de cette derni\u00e8re\u2009: \u00ab\u2009On s\u2019est tous bien amus\u00e9s. Ce qu\u2019on veut ici c\u2019est cr\u00e9er du lien, maintenir l\u2019entrain des r\u00e9sidents qui n\u2019en manquent pas\u2009!\u2009\u00bb<\/p>\n<p class=\" wall-content\">La r\u00e9sidence, qui<b> comptait 80 logements, en comptera 85 demain<\/b>, avec d\u2019anciens logements de fonction transform\u00e9s en logements PMR, au rez-de-chauss\u00e9e d\u2019une des ailes. Dans ce projet in\u00e9dit, l\u2019association veut aussi int\u00e9grer la dimension interg\u00e9n\u00e9rationnelle. D\u2019ailleurs, elle peut accueillir <b>jusqu\u2019\u00e0 15\u2009% de jeunes actifs ou \u00e9tudiants<\/b> dans la r\u00e9sidence. Contre un loyer attractif, les plus jeunes seront invit\u00e9s \u00e0 donner du temps pour les r\u00e9sidents \u00e2g\u00e9s. Un essai a \u00e9t\u00e9 fait de mani\u00e8re ponctuelle avec des mineurs non accompagn\u00e9s, autre public suivi par l\u2019association. \u00ab\u2009Il y avait un peu d\u2019appr\u00e9hension, mais \u00e7a s\u2019est tr\u00e8s bien pass\u00e9\u2009\u00bb, relate la directrice de la r\u00e9sidence. \u00ab\u2009On a qu\u2019une envie\u2009: recommencer\u2009!\u2009\u00bb<\/p>\n<p>    <img   decoding=\"async\" loading=\"lazy\" class=\"size-large\" src=\"https:\/\/www.europesays.com\/fr\/wp-content\/uploads\/2025\/10\/09245494d8e861d245494d8e801345v-960x640.jpeg\" alt=\"ccc\" width=\"960\" height=\"640\"\/><br \/>\n    Des ateliers (d\u2019art floral, par exemple) sont r\u00e9guli\u00e8rement propos\u00e9s aux r\u00e9sidents, parfois rejoints par des habitants de la ville. \u00a9Amandine VachezLes valeurs de l\u2019association refl\u00e9t\u00e9es dans ce projet<\/p>\n<p class=\" wall-content\">Pour vous situer, l\u2019Alefpa (Association la\u00efque pour l\u2019\u00c9ducation, la Formation, la Pr\u00e9vention et l\u2019Autonomie) \u0153uvre depuis plus de 60\u00a0ans pour<b> \u00ab\u2009accompagner dans leur projet toutes les personnes vuln\u00e9rables\u2009\u00bb. <\/b>\u00c0 la base cr\u00e9\u00e9e \u00e0 Lille pour la protection de l\u2019enfance, elle a \u00e9largi son champ d\u2019activit\u00e9 au fil des besoins et des appels \u00e0 projets sur le territoire. \u00ab\u2009Aujourd\u2019hui, la plus jeune personne que nous accompagnons a six mois, la plus ancienne a 101\u00a0ans\u2009\u00bb, illustre le Directeur g\u00e9n\u00e9ral Olivier Baron. En 2024, <b>20\u2009000\u00a0personnes ont \u00e9t\u00e9 accompagn\u00e9es <\/b>par l\u2019association, en France m\u00e9tropolitaine et dans les Dom-Tom, au sein de pr\u00e8s de 250 \u00e9tablissements, avec le concours de <b>plus de 4\u2009200 salari\u00e9s.<\/b><\/p>\n<p>Bient\u00f4t d\u2019autres r\u00e9sidences de ce type en France<\/p>\n<p class=\" wall-content\">Cette r\u00e9sidence, premi\u00e8re du genre de l\u2019Alefpa, va ouvrir la voie \u00e0 d\u2019autres. <b>Sept autorisations d\u2019ouverture ont \u00e9t\u00e9 rendues <\/b>sur le territoire national en 2024. Plus qu\u2019une solution d\u2019h\u00e9bergement pour des personnes sans famille autour ou veuves notamment, ces r\u00e9sidences offrent un nouveau souffle de vie.<\/p>\n<p class=\" wall-content\">Personnalisez votre actualit\u00e9 en ajoutant vos villes et m\u00e9dias en favori avec <a href=\"https:\/\/moncompte.actu.fr\" title=\"D\u00e9couvez Mon Actu\" rel=\"nofollow noopener\" data-trk=\"{&quot;cta&quot;:{&quot;action&quot;:&quot;https:\\\/\\\/moncompte.actu.fr&quot;,&quot;category&quot;:&quot;mon compte&quot;,&quot;from&quot;:&quot;article footer&quot;,&quot;name&quot;:&quot;Mon actu&quot;,&quot;type&quot;:&quot;cta&quot;}}\" target=\"_blank\">Mon Actu<\/a>.<\/p>\n","protected":false},"excerpt":{"rendered":"Par Amandine Vachez Publi\u00e9 le 12 oct. 2025 \u00e0 15h26 C\u2019est l\u2019une des nombreuses casquettes de l\u2019association Alefpa\u2009:&hellip;\n","protected":false},"author":2,"featured_media":457597,"comment_status":"","ping_status":"","sticky":false,"template":"","format":"standard","meta":{"footnotes":""},"categories":[2815],"tags":[1111,11,1777,674,1011,27,811,1307,1908,12,25,3552,104],"class_list":{"0":"post-457596","1":"post","2":"type-post","3":"status-publish","4":"format-standard","5":"has-post-thumbnail","7":"category-lille","8":"tag-actu","9":"tag-actualites","10":"tag-eu","11":"tag-europe","12":"tag-fr","13":"tag-france","14":"tag-hauts-de-france","15":"tag-lille","16":"tag-logement","17":"tag-news","18":"tag-republique-francaise","19":"tag-seniors","20":"tag-societe"},"share_on_mastodon":{"url":"https:\/\/pubeurope.com\/@fr\/115361655633884741","error":""},"_links":{"self":[{"href":"https:\/\/www.europesays.com\/fr\/wp-json\/wp\/v2\/posts\/457596","targetHints":{"allow":["GET"]}}],"collection":[{"href":"https:\/\/www.europesays.com\/fr\/wp-json\/wp\/v2\/posts"}],"about":[{"href":"https:\/\/www.europesays.com\/fr\/wp-json\/wp\/v2\/types\/post"}],"author":[{"embeddable":true,"href":"https:\/\/www.europesays.com\/fr\/wp-json\/wp\/v2\/users\/2"}],"replies":[{"embeddable":true,"href":"https:\/\/www.europesays.com\/fr\/wp-json\/wp\/v2\/comments?post=457596"}],"version-history":[{"count":0,"href":"https:\/\/www.europesays.com\/fr\/wp-json\/wp\/v2\/posts\/457596\/revisions"}],"wp:featuredmedia":[{"embeddable":true,"href":"https:\/\/www.europesays.com\/fr\/wp-json\/wp\/v2\/media\/457597"}],"wp:attachment":[{"href":"https:\/\/www.europesays.com\/fr\/wp-json\/wp\/v2\/media?parent=457596"}],"wp:term":[{"taxonomy":"category","embeddable":true,"href":"https:\/\/www.europesays.com\/fr\/wp-json\/wp\/v2\/categories?post=457596"},{"taxonomy":"post_tag","embeddable":true,"href":"https:\/\/www.europesays.com\/fr\/wp-json\/wp\/v2\/tags?post=457596"}],"curies":[{"name":"wp","href":"https:\/\/api.w.org\/{rel}","templated":true}]}}