{"id":457602,"date":"2025-10-12T14:27:11","date_gmt":"2025-10-12T14:27:11","guid":{"rendered":"https:\/\/www.europesays.com\/fr\/457602\/"},"modified":"2025-10-12T14:27:11","modified_gmt":"2025-10-12T14:27:11","slug":"marseille-la-mosquee-des-bleuets-geree-par-un-imam-accuse-de-legitimer-le-djihad-reste-ouverte","status":"publish","type":"post","link":"https:\/\/www.europesays.com\/fr\/457602\/","title":{"rendered":"Marseille : la mosqu\u00e9e des Bleuets g\u00e9r\u00e9e par un imam accus\u00e9 de \u00ab\u00a0l\u00e9gitimer le djihad\u00a0\u00bb reste ouverte"},"content":{"rendered":"<p>\tMarseille : la mosqu\u00e9e des Bleuets g\u00e9r\u00e9e par un imam accus\u00e9 de \u00ab\u00a0l\u00e9gitimer le djihad\u00a0\u00bb reste ouverte &#8211; Valeurs actuelles<\/p>\n<p><a href=\"https:\/\/www.valeursactuelles.com\/\" target=\"_blank\" rel=\"noopener\">Accueil<\/a> \u00bb <a href=\"https:\/\/www.valeursactuelles.com\/societe\" target=\"_blank\" rel=\"noopener\">Soci\u00e9t\u00e9<\/a> \u00bb Marseille : la mosqu\u00e9e des Bleuets g\u00e9r\u00e9e par un imam accus\u00e9 de \u00ab\u00a0l\u00e9gitimer le djihad\u00a0\u00bb reste ouverte<\/p>\n","protected":false},"excerpt":{"rendered":"Marseille : la mosqu\u00e9e des Bleuets g\u00e9r\u00e9e par un imam accus\u00e9 de \u00ab\u00a0l\u00e9gitimer le djihad\u00a0\u00bb reste ouverte &#8211;&hellip;\n","protected":false},"author":2,"featured_media":457603,"comment_status":"","ping_status":"","sticky":false,"template":"","format":"standard","meta":{"footnotes":""},"categories":[2814],"tags":[1111,11,14630,1777,674,1011,27,8872,1253,884,14577,12,882,25],"class_list":{"0":"post-457602","1":"post","2":"type-post","3":"status-publish","4":"format-standard","5":"has-post-thumbnail","7":"category-marseille","8":"tag-actu","9":"tag-actualites","10":"tag-djihadisme","11":"tag-eu","12":"tag-europe","13":"tag-fr","14":"tag-france","15":"tag-islam-politique","16":"tag-islamisme","17":"tag-marseille","18":"tag-mosquee","19":"tag-news","20":"tag-provence-alpes-cote-dazur","21":"tag-republique-francaise"},"share_on_mastodon":{"url":"https:\/\/pubeurope.com\/@fr\/115361667146351826","error":""},"_links":{"self":[{"href":"https:\/\/www.europesays.com\/fr\/wp-json\/wp\/v2\/posts\/457602","targetHints":{"allow":["GET"]}}],"collection":[{"href":"https:\/\/www.europesays.com\/fr\/wp-json\/wp\/v2\/posts"}],"about":[{"href":"https:\/\/www.europesays.com\/fr\/wp-json\/wp\/v2\/types\/post"}],"author":[{"embeddable":true,"href":"https:\/\/www.europesays.com\/fr\/wp-json\/wp\/v2\/users\/2"}],"replies":[{"embeddable":true,"href":"https:\/\/www.europesays.com\/fr\/wp-json\/wp\/v2\/comments?post=457602"}],"version-history":[{"count":0,"href":"https:\/\/www.europesays.com\/fr\/wp-json\/wp\/v2\/posts\/457602\/revisions"}],"wp:featuredmedia":[{"embeddable":true,"href":"https:\/\/www.europesays.com\/fr\/wp-json\/wp\/v2\/media\/457603"}],"wp:attachment":[{"href":"https:\/\/www.europesays.com\/fr\/wp-json\/wp\/v2\/media?parent=457602"}],"wp:term":[{"taxonomy":"category","embeddable":true,"href":"https:\/\/www.europesays.com\/fr\/wp-json\/wp\/v2\/categories?post=457602"},{"taxonomy":"post_tag","embeddable":true,"href":"https:\/\/www.europesays.com\/fr\/wp-json\/wp\/v2\/tags?post=457602"}],"curies":[{"name":"wp","href":"https:\/\/api.w.org\/{rel}","templated":true}]}}