{"id":457608,"date":"2025-10-12T14:31:13","date_gmt":"2025-10-12T14:31:13","guid":{"rendered":"https:\/\/www.europesays.com\/fr\/457608\/"},"modified":"2025-10-12T14:31:13","modified_gmt":"2025-10-12T14:31:13","slug":"la-mairie-de-paris-va-simuler-une-crue-de-la-seine-afin-de-mettre-a-lepreuve-les-habitants","status":"publish","type":"post","link":"https:\/\/www.europesays.com\/fr\/457608\/","title":{"rendered":"La Mairie de Paris va simuler une crue de la Seine afin de mettre \u00e0 l\u2019\u00e9preuve les habitants"},"content":{"rendered":"<p>\u00ab\u00a0Renforcer la culture du risque en \u00cele-de-France.\u00a0\u00bb Tel est le but affich\u00e9 par la <a class=\"Link\" href=\"https:\/\/www.prefecturedepolice.interieur.gouv.fr\/hydros-25\" target=\"_blank\" title=\"\" data-gtm=\"click:capsule\" data-capsule=\"Lien\" rel=\"noopener\">pr\u00e9fecture de police de Paris<\/a> \u00e0 travers un exercice \u00ab\u00a0grandeur nature\u00a0\u00bb, qui se tient du lundi\u00a013 au vendredi 17\u00a0octobre\u00a0et qui vise \u00e0 simuler un \u00e9pisode de crue importante de la Seine dans la r\u00e9gion \u00cele-de-France. Il s&rsquo;agit d&rsquo;un risque naturel \u2013 \u00ab\u00a0le plus important \u00e0 <a class=\"Link\" href=\"https:\/\/www.lepoint.fr\/tags\/paris\" data-gtm=\"click:capsule\" data-capsule=\"Lien\" target=\"_blank\" rel=\"noopener\">Paris<\/a>\u00a0\u00bb \u2013 qui pourrait impacter jusqu&rsquo;\u00e0 700\u00a0000 personnes s&rsquo;il venait \u00e0 se produire, ou plut\u00f4t se reproduire, comme ce fut le cas au cours de l&rsquo;hiver 1910.<\/p>\n<p>Le point du soir<\/p>\n<p class=\"period\">Tous les soirs \u00e0 partir de 18h<\/p>\n<p>Recevez l\u2019information analys\u00e9e et d\u00e9crypt\u00e9e par la r\u00e9daction du Point.<\/p>\n<p>Merci !<br \/>Votre inscription a bien \u00e9t\u00e9 prise en compte avec l&rsquo;adresse email :<\/p>\n<p>Pour d\u00e9couvrir toutes nos autres newsletters, rendez-vous ici : <a href=\"https:\/\/moncompte.lepoint.fr\/\" title=\"\" target=\"_blank\" rel=\"noopener\">MonCompte<\/a><\/p>\n<p>En vous inscrivant, vous acceptez les <a href=\"https:\/\/www.lepoint.fr\/html\/cgu\/\" title=\"Conditions g\u00e9n\u00e9rales d&#039;utilisation\" target=\"_blank\" rel=\"noopener\">conditions g\u00e9n\u00e9rales d\u2019utilisations<\/a> et notre <a href=\"https:\/\/www.lepoint.fr\/html\/politique-de-protection-donnees-personnelles\/\" title=\"Politique de confidentialit\u00e9\" target=\"_blank\" rel=\"noopener\">politique de confidentialit\u00e9<\/a>.<\/p>\n<p>Celui-ci avait vu la Seine atteindre un niveau historique de 8,62 m\u00e8tres au niveau du pont d&rsquo;Austerlitz, qui relie le XIIe arrondissement aux Ve et XIIIe arrondissements de la capitale, et l&rsquo;avait plac\u00e9e en \u00e9tat de l\u00e9thargie plusieurs semaines durant. Un tel \u00e9v\u00e9nement a une chance sur cent de se produire chaque ann\u00e9e. Si aucune crue n&rsquo;a pu se comparer \u00e0 celle de\u00a01910\u00a0depuis, les ann\u00e9es\u00a02016 et\u00a02018 ont tout de m\u00eame enregistr\u00e9 une mont\u00e9e du fleuve comprise entre six et sept m\u00e8tres \u00e0 l&rsquo;\u00e9chelle d&rsquo;Austerlitz.<\/p>\n<p>Immersion dans un sc\u00e9nario catastrophe<\/p>\n<p>C&rsquo;est le secr\u00e9tariat g\u00e9n\u00e9ral de la zone de d\u00e9fense et de s\u00e9curit\u00e9 de Paris (SGZDS) de la pr\u00e9fecture de police qui est \u00e0 l&rsquo;initiative de cet exercice nomm\u00e9 \u00ab\u00a0Hydros 25\u00a0\u00bb. \u00c0 Paris, l&rsquo;exercice a lieu le lundi 13\u00a0octobre \u00e0 l&rsquo;occasion de la Journ\u00e9e nationale de la r\u00e9silience (JNR), instaur\u00e9e en 2022. Il concernera une soixantaine d&rsquo;habitants de la Ville Lumi\u00e8re qui vont se pr\u00eater au \u00ab\u00a0jeu\u00a0\u00bb, bien que ce terme semble ici en d\u00e9calage avec la mission de pr\u00e9vention qui lui incombe. Ce groupe se constituera ainsi d&rsquo;une classe de CM2, d&rsquo;habitants d&rsquo;un immeuble et de commer\u00e7ants, rapporte <a class=\"Link\" href=\"https:\/\/www.bfmtv.com\/paris\/paris-sous-les-eaux-une-crue-de-la-seine-comme-en-1910-peut-elle-se-reproduire_AN-202510120025.html\" target=\"_blank\" title=\"\" data-gtm=\"click:capsule\" data-capsule=\"Lien\" rel=\"noopener\">BFMTV<\/a>.<\/p>\n<p> Le sc\u00e9nario est le suivant\u00a0: les participants se verront projet\u00e9s\u00a0un matin de mars\u00a02026 dans le r\u00f4le d&rsquo;habitants du quartier du Marais dans les \u00ab\u00a0conditions r\u00e9elles\u00a0\u00bb d&rsquo;un d\u00e9bordement de la Seine depuis deux mois, provoqu\u00e9 par de forts \u00e9pisodes orageux. Les infrastructures comme le m\u00e9tro sont paralys\u00e9es, la p\u00e9nurie alimentaire guette et il n&rsquo;y a plus d&rsquo;acc\u00e8s au gaz ou \u00e0 l&rsquo;\u00e9lectricit\u00e9 alors que des centaines de milliers de personnes doivent \u00eatre \u00e9vacu\u00e9es, explique <a class=\"Link\" href=\"https:\/\/www.lefigaro.fr\/actualite-france\/paris-va-simuler-une-inondation-comme-celle-de-1910-pour-tester-ses-habitants-20251012\" target=\"_blank\" title=\"\" data-gtm=\"click:capsule\" data-capsule=\"Lien\" rel=\"noopener\">Le Figaro<\/a>, qui cite l&rsquo;Agence France-Presse.Une sensibilisation jug\u00e9e n\u00e9cessaire<\/p>\n<p>\n\u00c0 D\u00e9couvrir<br \/>\n<strong class=\"discover-kangourou__line\"><br \/>\n<img decoding=\"async\" class=\"discover-kangourou__img\" src=\"https:\/\/static.lpnt.fr\/static\/img\/kangourou\/kangourou_filled.svg\"\/><br \/>\n<strong class=\"discover-kangourou__txt\"><br \/>\n<strong>Le Kangourou du jour<\/strong><br \/>\n<a href=\"https:\/\/kangourou.lepoint.fr\" title=\"kangourou\" data-gtm-cta=\"kangourou_article\" class=\"discover-kangourou__lnk\" target=\"_blank\" rel=\"noopener\"><br \/>\nR\u00e9pondre<br \/>\n<\/a><br \/>\n<\/strong><br \/>\n<\/strong><br \/>\nB\u00e9n\u00e9dicte Cadalen, du service de gestion de crise de la Ville de Paris, estime cette pr\u00e9vention d&rsquo;un risque de crue centennale (entendre une crue qui a une chance sur cent de se produire) plus que n\u00e9cessaire. \u00ab\u00a0\u00c0 Paris, beaucoup se croient \u00e9pargn\u00e9s parce qu&rsquo;ils habitent loin de la Seine, ou en hauteur. Sauf qu&rsquo;une crue exceptionnelle comme celle de\u00a01910\u00a0peut affecter tous les quartiers, par effet de cascade\u00a0\u00bb, explique-t-elle ainsi.<\/p>\n<p>Cet exercice sera \u00e9galement l&rsquo;occasion de mettre \u00e0 l&rsquo;\u00e9preuve l&rsquo;outil FR-Alert, qui sera test\u00e9 en conditions r\u00e9elles dans un p\u00e9rim\u00e8tre d\u00e9fini pour informer en temps r\u00e9el toute personne pr\u00e9sente en zone de danger. \u00c0 noter que la pr\u00e9fecture de police de Paris assure qu&rsquo;il \u00ab\u00a0s&rsquo;agit d&rsquo;un exercice pour mieux prot\u00e9ger les Franciliens et Franciliennes, et qu&rsquo;Hydros\u00a025\u00a0ne g\u00e9n\u00e9rera aucun risque pour la population\u00a0\u00bb.<\/p>\n<p>Toute l\u2019actualit\u00e9 \u00e0 1\u20ac le premier mois<\/p>\n<p><a href=\"https:\/\/abo.lepoint.fr\/?provenance=21EDI020098\" class=\"btn\" title=\"S&#039;abonner\" data-gtm=\"click:abo|display:abo\" data-campaign=\"paywall_maison\" target=\"_blank\" rel=\"noopener\">S&rsquo;abonner<\/a><\/p>\n<p>ou<\/p>\n","protected":false},"excerpt":{"rendered":"\u00ab\u00a0Renforcer la culture du risque en \u00cele-de-France.\u00a0\u00bb Tel est le but affich\u00e9 par la pr\u00e9fecture de police de&hellip;\n","protected":false},"author":2,"featured_media":457609,"comment_status":"","ping_status":"","sticky":false,"template":"","format":"standard","meta":{"footnotes":""},"categories":[1592],"tags":[1111,11,1777,674,1011,27,662,4458,12,626,25],"class_list":{"0":"post-457608","1":"post","2":"type-post","3":"status-publish","4":"format-standard","5":"has-post-thumbnail","7":"category-ile-de-france","8":"tag-actu","9":"tag-actualites","10":"tag-eu","11":"tag-europe","12":"tag-fr","13":"tag-france","14":"tag-ile-de-france","15":"tag-inondation","16":"tag-news","17":"tag-paris","18":"tag-republique-francaise"},"share_on_mastodon":{"url":"https:\/\/pubeurope.com\/@fr\/115361682926405352","error":""},"_links":{"self":[{"href":"https:\/\/www.europesays.com\/fr\/wp-json\/wp\/v2\/posts\/457608","targetHints":{"allow":["GET"]}}],"collection":[{"href":"https:\/\/www.europesays.com\/fr\/wp-json\/wp\/v2\/posts"}],"about":[{"href":"https:\/\/www.europesays.com\/fr\/wp-json\/wp\/v2\/types\/post"}],"author":[{"embeddable":true,"href":"https:\/\/www.europesays.com\/fr\/wp-json\/wp\/v2\/users\/2"}],"replies":[{"embeddable":true,"href":"https:\/\/www.europesays.com\/fr\/wp-json\/wp\/v2\/comments?post=457608"}],"version-history":[{"count":0,"href":"https:\/\/www.europesays.com\/fr\/wp-json\/wp\/v2\/posts\/457608\/revisions"}],"wp:featuredmedia":[{"embeddable":true,"href":"https:\/\/www.europesays.com\/fr\/wp-json\/wp\/v2\/media\/457609"}],"wp:attachment":[{"href":"https:\/\/www.europesays.com\/fr\/wp-json\/wp\/v2\/media?parent=457608"}],"wp:term":[{"taxonomy":"category","embeddable":true,"href":"https:\/\/www.europesays.com\/fr\/wp-json\/wp\/v2\/categories?post=457608"},{"taxonomy":"post_tag","embeddable":true,"href":"https:\/\/www.europesays.com\/fr\/wp-json\/wp\/v2\/tags?post=457608"}],"curies":[{"name":"wp","href":"https:\/\/api.w.org\/{rel}","templated":true}]}}