{"id":457610,"date":"2025-10-12T14:32:13","date_gmt":"2025-10-12T14:32:13","guid":{"rendered":"https:\/\/www.europesays.com\/fr\/457610\/"},"modified":"2025-10-12T14:32:13","modified_gmt":"2025-10-12T14:32:13","slug":"air-france-annonce-suspendre-ses-vols-entre-paris-et-antananarivo","status":"publish","type":"post","link":"https:\/\/www.europesays.com\/fr\/457610\/","title":{"rendered":"Air France annonce suspendre ses vols entre Paris et Antananarivo"},"content":{"rendered":"<p class=\"article-p mdl\">Les <strong>vols d&rsquo;Air France<\/strong> entre l&rsquo;a\u00e9roport Paris-Charles de Gaulle et Antananarivo <strong>ont \u00e9t\u00e9 suspendus<\/strong> ce samedi 11 octobre 2025 a annonc\u00e9 la compagnie fran\u00e7aise ce dimanche \u00e0 l&rsquo;AFP. Les liaisons seront <strong>interrompues jusqu&rsquo;\u00e0 ce lundi 13 octobre<\/strong> inclus en \u00ab\u00a0<strong>en raison de la situation s\u00e9curitaire<\/strong>\u00a0\u00bb sur l&rsquo;\u00eele, secou\u00e9e par des manifestations antigouvernementales.<\/p>\n<p class=\"article-p mdl\">La reprise des op\u00e9rations \u00ab\u00a0<strong>restera soumise \u00e0 une \u00e9valuation quotidienne de la situation<\/strong> sur place\u00a0\u00bb, a pr\u00e9cis\u00e9 Air France. De son c\u00f4t\u00e9, la compagnie Air Austral &#8211; qui op\u00e8re entre l&rsquo;Ile de la R\u00e9union et Madagascar &#8211; a indiqu\u00e9 qu&rsquo;elle avait annul\u00e9 une rotation samedi mais que ses vols \u00e9taient \u00ab\u00a0maintenus\u00a0\u00bb pour la journ\u00e9e de dimanche.<\/p>\n<p class=\"article-p mdl\">\u00c0 l&rsquo;instar du Maroc, l&rsquo;\u00eele de Madagascar voit <strong>sa jeunesse sortir dans les rues<\/strong> depuis fin septembre. Lanc\u00e9es par le mouvement Gen Z,\u00a0<a class=\"link\" href=\"https:\/\/www.rtl.fr\/actu\/international\/madagascar-les-images-des-protestations-contre-les-coupures-d-eau-et-d-electricite-7900545440\" rel=\"nofollow noopener\" target=\"_blank\">les contestations visent en premier lieu le gouvernement du pr\u00e9sident Andry Raojelina<\/a>, notamment la gestion des coupures d&rsquo;eau et d&rsquo;\u00e9lectricit\u00e9 par l&rsquo;\u00c9tat.<\/p>\n<p>            22 manifestants tu\u00e9s<\/p>\n<p class=\"article-p mdl\">Ce dimanche 12 octobre, <strong>une unit\u00e9 de l&rsquo;arm\u00e9e malgache<\/strong>, qui a appel\u00e9 \u00e0 la d\u00e9sob\u00e9issance, a dit <strong>prendre le contr\u00f4le de l&rsquo;arm\u00e9e<\/strong>. De son c\u00f4t\u00e9, le pr\u00e9sident Andry Rajoelina a d\u00e9nonc\u00e9 une \u00ab\u00a0tentative de prise de pouvoir ill\u00e9gale\u00a0\u00bb.<\/p>\n<p class=\"article-p mdl\">Le nouveau Premier ministre, le g\u00e9n\u00e9ral Ruphin Zafisambo, a assur\u00e9, ce samedi 11 octobre, que le gouvernement, \u00ab\u00a0qui se maintient fermement\u00a0\u00bb, \u00e9tait \u00ab\u00a0pr\u00eat \u00e0 collaborer et \u00e0 \u00e9couter toutes les forces: les jeunes, les syndicats et l&rsquo;arm\u00e9e\u00a0\u00bb.<br \/>\u00a0<br \/>Au moins <strong>22 personnes ont \u00e9t\u00e9 tu\u00e9es<\/strong> depuis le d\u00e9but des manifestations et plus d&rsquo;une centaine bless\u00e9es, d&rsquo;apr\u00e8s un bilan des Nations unies. Une information <strong>contest\u00e9e par la pr\u00e9sidence<\/strong> estimant les \u00ab\u00a0pertes de vies\u00a0\u00bb \u00e0 12, tous \u00ab\u00a0des pilleurs, des casseurs\u00a0\u00bb, selon lui.\u00a0<\/p>\n<p class=\"article-p mdl\">Pays parmi les plus pauvres du monde, <strong>Madagascar a connu de fr\u00e9quents soul\u00e8vements<\/strong> populaires\u00a0<a class=\"link\" href=\"https:\/\/www.rtl.fr\/actu\/international\/la-france-se-trouve-vraiment-a-la-traine-quel-est-ce-nouveau-projet-de-restitution-des-oeuvres-pillees-en-afrique-vote-elysee-7900527196\" rel=\"nofollow noopener\" target=\"_blank\">depuis son ind\u00e9pendance de la France en 1960<\/a>, notamment des manifestations de masse en 2009 qui avaient contraint le pr\u00e9sident de l&rsquo;\u00e9poque, Marc Ravalomanana, \u00e0 quitter le pouvoir, tandis que l&rsquo;arm\u00e9e installait M. Rajoelina pour son premier mandat. Ce dernier a \u00e9t\u00e9 r\u00e9\u00e9lu en 2018, puis en 2023, lors d&rsquo;\u00e9lections contest\u00e9es et boycott\u00e9es par l&rsquo;opposition.<\/p>\n<p>    La r\u00e9daction vous recommande<\/p>\n<p class=\"s-newsletter__title\">\n                L\u2019actualit\u00e9 par la r\u00e9daction de RTL dans votre bo\u00eete mail.\n            <\/p>\n<p class=\"s-newsletter__subtitle\">\n                Gr\u00e2ce \u00e0 votre compte RTL abonnez-vous \u00e0 la newsletter RTL info pour suivre toute l&rsquo;actualit\u00e9 au quotidien\n            <\/p>\n<p>\n                                    Lire la suite\n                                <\/p>\n","protected":false},"excerpt":{"rendered":"Les vols d&rsquo;Air France entre l&rsquo;a\u00e9roport Paris-Charles de Gaulle et Antananarivo ont \u00e9t\u00e9 suspendus ce samedi 11 octobre&hellip;\n","protected":false},"author":2,"featured_media":457611,"comment_status":"","ping_status":"","sticky":false,"template":"","format":"standard","meta":{"footnotes":""},"categories":[1888],"tags":[1111,1928,11,1927,1816,13796,10199,1777,674,107,1011,27,8459,12,1926,626,1925,25,656],"class_list":{"0":"post-457610","1":"post","2":"type-post","3":"status-publish","4":"format-standard","5":"has-post-thumbnail","7":"category-paris","8":"tag-actu","9":"tag-actu-paris","10":"tag-actualites","11":"tag-actualites-paris","12":"tag-air-france","13":"tag-avions","14":"tag-crise-politique","15":"tag-eu","16":"tag-europe","17":"tag-fil-info","18":"tag-fr","19":"tag-france","20":"tag-madagascar","21":"tag-news","22":"tag-news-paris","23":"tag-paris","24":"tag-paris-news","25":"tag-republique-francaise","26":"tag-securite"},"share_on_mastodon":{"url":"https:\/\/pubeurope.com\/@fr\/115361686902389015","error":""},"_links":{"self":[{"href":"https:\/\/www.europesays.com\/fr\/wp-json\/wp\/v2\/posts\/457610","targetHints":{"allow":["GET"]}}],"collection":[{"href":"https:\/\/www.europesays.com\/fr\/wp-json\/wp\/v2\/posts"}],"about":[{"href":"https:\/\/www.europesays.com\/fr\/wp-json\/wp\/v2\/types\/post"}],"author":[{"embeddable":true,"href":"https:\/\/www.europesays.com\/fr\/wp-json\/wp\/v2\/users\/2"}],"replies":[{"embeddable":true,"href":"https:\/\/www.europesays.com\/fr\/wp-json\/wp\/v2\/comments?post=457610"}],"version-history":[{"count":0,"href":"https:\/\/www.europesays.com\/fr\/wp-json\/wp\/v2\/posts\/457610\/revisions"}],"wp:featuredmedia":[{"embeddable":true,"href":"https:\/\/www.europesays.com\/fr\/wp-json\/wp\/v2\/media\/457611"}],"wp:attachment":[{"href":"https:\/\/www.europesays.com\/fr\/wp-json\/wp\/v2\/media?parent=457610"}],"wp:term":[{"taxonomy":"category","embeddable":true,"href":"https:\/\/www.europesays.com\/fr\/wp-json\/wp\/v2\/categories?post=457610"},{"taxonomy":"post_tag","embeddable":true,"href":"https:\/\/www.europesays.com\/fr\/wp-json\/wp\/v2\/tags?post=457610"}],"curies":[{"name":"wp","href":"https:\/\/api.w.org\/{rel}","templated":true}]}}