{"id":457616,"date":"2025-10-12T14:35:17","date_gmt":"2025-10-12T14:35:17","guid":{"rendered":"https:\/\/www.europesays.com\/fr\/457616\/"},"modified":"2025-10-12T14:35:17","modified_gmt":"2025-10-12T14:35:17","slug":"air-france-annonce-suspendre-ses-vols-entre-paris-et-antananarivo-jusqua-lundi-inclus-2","status":"publish","type":"post","link":"https:\/\/www.europesays.com\/fr\/457616\/","title":{"rendered":"Air France annonce suspendre ses vols entre Paris et Antananarivo jusqu\u2019\u00e0 lundi inclus"},"content":{"rendered":"<p class=\"fs-5 \">La reprise des op\u00e9rations \u00ab\u00a0restera soumise \u00e0 une \u00e9valuation quotidienne de la situation sur place\u00a0\u00bb, a pr\u00e9cis\u00e9 la compagnie qui \u00ab\u00a0suit l\u2019\u00e9volution de la situation en temps r\u00e9el en lien avec les autorit\u00e9s\u00a0\u00bb.<\/p>\n<p class=\"fs-5 \">\u00ab\u00a0Les clients concern\u00e9s seront avis\u00e9s individuellement et des solutions de report ou de remboursement leur seront propos\u00e9es\u00a0\u00bb, a-t-elle ajout\u00e9, en soulignant que \u00ab\u00a0la s\u00e9curit\u00e9 de ses clients et de ses \u00e9quipages est sa priorit\u00e9 absolue\u00a0\u00bb.<\/p>\n<p class=\"fs-5 \">De son c\u00f4t\u00e9, la compagnie fran\u00e7aise Air Austral qui op\u00e8re entre l\u2019Ile de la R\u00e9union et Madagascar a indiqu\u00e9 \u00e0 l\u2019AFP qu\u2019elle avait annul\u00e9 une rotation samedi mais que ses vols \u00e9taient \u00ab\u00a0maintenus\u00a0\u00bb pour la journ\u00e9e de dimanche.<\/p>\n<p class=\"fs-5 \">Une unit\u00e9 de l\u2019arm\u00e9e malgache, qui a appel\u00e9 \u00e0 la d\u00e9sob\u00e9issance, a dit dimanche prendre le contr\u00f4le de l\u2019arm\u00e9e dans un pays secou\u00e9 par des manifestations antigouvernementales, le pr\u00e9sident Andry Rajoelina ayant d\u00e9nonc\u00e9 une \u00ab\u00a0tentative de prise de pouvoir ill\u00e9gale\u00a0\u00bb.<\/p>\n<p class=\"fs-5 \">Dans un message d\u2019information sur son site internet, l\u2019a\u00e9roport international d\u2019Antananarivo a pr\u00e9venu que \u00ab\u00a0certains vols peuvent \u00eatre sujets \u00e0 des perturbations\u00a0\u00bb. Des vols pr\u00e9vus \u00e0 destination de provinces malgaches, de l\u2019Ethiopie et de l\u2019Afrique du Sud ont pu d\u00e9coller, dimanche, tandis qu\u2019un vol vers les Seychelles\/Duba\u00ef est annonc\u00e9 comme annul\u00e9 pour cette journ\u00e9e.<\/p>\n<p class=\"fs-5 \">\u00ab\u00a0En raison des \u00e9v\u00e9nements qui se d\u00e9roulent actuellement \u00e0 Tananarive, il est vivement conseill\u00e9 d\u2019\u00e9viter tout d\u00e9placement et de rester \u00e0 son domicile\u00a0\u00bb, a pr\u00e9venu samedi l\u2019ambassade de France \u00e0 Madagascar dans un message \u00e0 ses ressortissants.<\/p>\n","protected":false},"excerpt":{"rendered":"La reprise des op\u00e9rations \u00ab\u00a0restera soumise \u00e0 une \u00e9valuation quotidienne de la situation sur place\u00a0\u00bb, a pr\u00e9cis\u00e9 la&hellip;\n","protected":false},"author":2,"featured_media":457617,"comment_status":"","ping_status":"","sticky":false,"template":"","format":"standard","meta":{"footnotes":""},"categories":[1888],"tags":[11,1777,674,1011,27,12,626,25],"class_list":{"0":"post-457616","1":"post","2":"type-post","3":"status-publish","4":"format-standard","5":"has-post-thumbnail","7":"category-paris","8":"tag-actualites","9":"tag-eu","10":"tag-europe","11":"tag-fr","12":"tag-france","13":"tag-news","14":"tag-paris","15":"tag-republique-francaise"},"share_on_mastodon":{"url":"https:\/\/pubeurope.com\/@fr\/115361698575026427","error":""},"_links":{"self":[{"href":"https:\/\/www.europesays.com\/fr\/wp-json\/wp\/v2\/posts\/457616","targetHints":{"allow":["GET"]}}],"collection":[{"href":"https:\/\/www.europesays.com\/fr\/wp-json\/wp\/v2\/posts"}],"about":[{"href":"https:\/\/www.europesays.com\/fr\/wp-json\/wp\/v2\/types\/post"}],"author":[{"embeddable":true,"href":"https:\/\/www.europesays.com\/fr\/wp-json\/wp\/v2\/users\/2"}],"replies":[{"embeddable":true,"href":"https:\/\/www.europesays.com\/fr\/wp-json\/wp\/v2\/comments?post=457616"}],"version-history":[{"count":0,"href":"https:\/\/www.europesays.com\/fr\/wp-json\/wp\/v2\/posts\/457616\/revisions"}],"wp:featuredmedia":[{"embeddable":true,"href":"https:\/\/www.europesays.com\/fr\/wp-json\/wp\/v2\/media\/457617"}],"wp:attachment":[{"href":"https:\/\/www.europesays.com\/fr\/wp-json\/wp\/v2\/media?parent=457616"}],"wp:term":[{"taxonomy":"category","embeddable":true,"href":"https:\/\/www.europesays.com\/fr\/wp-json\/wp\/v2\/categories?post=457616"},{"taxonomy":"post_tag","embeddable":true,"href":"https:\/\/www.europesays.com\/fr\/wp-json\/wp\/v2\/tags?post=457616"}],"curies":[{"name":"wp","href":"https:\/\/api.w.org\/{rel}","templated":true}]}}