{"id":457622,"date":"2025-10-12T14:38:12","date_gmt":"2025-10-12T14:38:12","guid":{"rendered":"https:\/\/www.europesays.com\/fr\/457622\/"},"modified":"2025-10-12T14:38:12","modified_gmt":"2025-10-12T14:38:12","slug":"une-pression-constante-des-etats-unis-sera-necessaire-pour-la-stabilite-a-gaza-estime-le-vice-president-americain-jd-vance","status":"publish","type":"post","link":"https:\/\/www.europesays.com\/fr\/457622\/","title":{"rendered":"Une \u00ab\u00a0pression constante\u00a0\u00bb des Etats-Unis sera n\u00e9cessaire pour la stabilit\u00e9 \u00e0 Gaza, estime le vice-pr\u00e9sident am\u00e9ricain JD Vance"},"content":{"rendered":"<p class=\"fs-5 \">Dans une interview \u00e0 NBC News, le vice-pr\u00e9sident a soulign\u00e9 qu\u2019il \u00e9tait impossible de savoir le moment exact o\u00f9 ces otages seront lib\u00e9r\u00e9s.<\/p>\n<p class=\"fs-5 \">\u00ab\u00a0Mais nous avons de grands espoirs &#8211; c\u2019est pour \u00e7a que le pr\u00e9sident (Trump) s\u2019y rend &#8211; qu\u2019il accueillera les otages en d\u00e9but de semaine prochaine\u00a0\u00bb, a ajout\u00e9 JD Vance.<\/p>\n<p class=\"fs-5 \">Donald Trump va quitter Washington dimanche apr\u00e8s-midi pour se rendre dans un premier temps \u00e0 Tel-Aviv.<\/p>\n<p class=\"fs-5 \">Selon les termes de l\u2019accord entre Isra\u00ebl et le Hamas, les 48 otages ou d\u00e9pouilles d\u2019otages encore dans Gaza doivent \u00eatre rendus \u00e0 Isra\u00ebl avant lundi \u00e0 09H00 GMT.<\/p>\n<p class=\"fs-5 \">JD Vance a affirm\u00e9 dans une autre interview dimanche \u00e0 CBS News qu\u2019\u00ab\u00a0une pression constante\u00a0\u00bb des Etats-Unis sera n\u00e9cessaire pour assurer la stabilit\u00e9 de Gaza.<\/p>\n<p class=\"fs-5 \">Le vice-pr\u00e9sident a assur\u00e9 que les 200 soldats am\u00e9ricains qui seront pr\u00e9sents dans la r\u00e9gion \u00ab\u00a0surveilleront les termes du cessez-le feu\u00a0\u00bb.<\/p>\n<p class=\"fs-5 \">\u00ab\u00a0Cela va de s\u2019assurer que les troupes isra\u00e9liennes sont \u00e0 la ligne de d\u00e9marcation convenue, \u00e0 s\u2019assurer que le Hamas n\u2019attaque pas des Isra\u00e9liens innocents, \u00e0 faire tout ce qu\u2019ils peuvent pour s\u2019assurer que la paix que nous avons cr\u00e9\u00e9e dure et perdure\u00a0\u00bb, a-t-il d\u00e9clar\u00e9, cette fois \u00e0 ABC News.<\/p>\n<p class=\"fs-5 \">\u00ab\u00a0Mais l\u2019id\u00e9e que nous allons avoir des troupes au sol \u00e0 Gaza, en Isra\u00ebl, ce n\u2019est pas notre intention\u00a0\u00bb, a rejet\u00e9 JD Vance.<\/p>\n<p class=\"fs-5 \">Apr\u00e8s Tel-Aviv, Donald Trump se rendra en Egypte o\u00f9 il pr\u00e9sidera avec son homologue \u00e9gyptien Abdel Fattah al-Sissi un \u00ab\u00a0sommet pour la paix\u00a0\u00bb \u00e0 Charm el-Cheikh, en pr\u00e9sence de dirigeants de plus de 20 pays et du secr\u00e9taire g\u00e9n\u00e9ral de l\u2019ONU Antonio Guterres.<\/p>\n<p class=\"fs-5 \">Aucun repr\u00e9sentant du gouvernement isra\u00e9lien ou du Hamas ne sera pr\u00e9sent en revanche pour la signature d\u2019un \u00ab\u00a0document mettant fin \u00e0 la guerre dans la bande de Gaza\u00a0\u00bb.<\/p>\n","protected":false},"excerpt":{"rendered":"Dans une interview \u00e0 NBC News, le vice-pr\u00e9sident a soulign\u00e9 qu\u2019il \u00e9tait impossible de savoir le moment exact&hellip;\n","protected":false},"author":2,"featured_media":457623,"comment_status":"","ping_status":"","sticky":false,"template":"","format":"standard","meta":{"footnotes":""},"categories":[1589],"tags":[11,73,1866,12,1864,1865,1863,308],"class_list":{"0":"post-457622","1":"post","2":"type-post","3":"status-publish","4":"format-standard","5":"has-post-thumbnail","7":"category-etats-unis","8":"tag-actualites","9":"tag-etats-unis","10":"tag-etats-unis-damerique","11":"tag-news","12":"tag-united-states","13":"tag-united-states-of-america","14":"tag-us","15":"tag-usa"},"share_on_mastodon":{"url":"https:\/\/pubeurope.com\/@fr\/115361710469476496","error":""},"_links":{"self":[{"href":"https:\/\/www.europesays.com\/fr\/wp-json\/wp\/v2\/posts\/457622","targetHints":{"allow":["GET"]}}],"collection":[{"href":"https:\/\/www.europesays.com\/fr\/wp-json\/wp\/v2\/posts"}],"about":[{"href":"https:\/\/www.europesays.com\/fr\/wp-json\/wp\/v2\/types\/post"}],"author":[{"embeddable":true,"href":"https:\/\/www.europesays.com\/fr\/wp-json\/wp\/v2\/users\/2"}],"replies":[{"embeddable":true,"href":"https:\/\/www.europesays.com\/fr\/wp-json\/wp\/v2\/comments?post=457622"}],"version-history":[{"count":0,"href":"https:\/\/www.europesays.com\/fr\/wp-json\/wp\/v2\/posts\/457622\/revisions"}],"wp:featuredmedia":[{"embeddable":true,"href":"https:\/\/www.europesays.com\/fr\/wp-json\/wp\/v2\/media\/457623"}],"wp:attachment":[{"href":"https:\/\/www.europesays.com\/fr\/wp-json\/wp\/v2\/media?parent=457622"}],"wp:term":[{"taxonomy":"category","embeddable":true,"href":"https:\/\/www.europesays.com\/fr\/wp-json\/wp\/v2\/categories?post=457622"},{"taxonomy":"post_tag","embeddable":true,"href":"https:\/\/www.europesays.com\/fr\/wp-json\/wp\/v2\/tags?post=457622"}],"curies":[{"name":"wp","href":"https:\/\/api.w.org\/{rel}","templated":true}]}}