{"id":457647,"date":"2025-10-12T14:52:10","date_gmt":"2025-10-12T14:52:10","guid":{"rendered":"https:\/\/www.europesays.com\/fr\/457647\/"},"modified":"2025-10-12T14:52:10","modified_gmt":"2025-10-12T14:52:10","slug":"en-marge-de-la-f1-audi-va-vraiment-casser-des-briques","status":"publish","type":"post","link":"https:\/\/www.europesays.com\/fr\/457647\/","title":{"rendered":"En marge de la F1, Audi va vraiment casser des briques !"},"content":{"rendered":"<p>Une nouvelle alliance strat\u00e9gique m\u00ealant le g\u00e9ant du jouet Mattel, sa branche de construction Mattel Brick Sho, la marque de voitures miniatures Hot Wheels, et les filiales de l\u2019industriel allemand Audi AG, \u00e0 savoir quattro GmbH et Auto Union GmbH vient d\u2019\u00eatre r\u00e9v\u00e9l\u00e9e. L\u2019objectif : produire une s\u00e9rie limit\u00e9e de kits de construction repr\u00e9sentant deux mod\u00e8les l\u00e9gendaires de la marque aux quatre anneaux, Audi.<\/p>\n<p>Ce partenariat ne constitue pas une premi\u00e8re. La relation entre Hot Wheels et <a href=\"https:\/\/lemagsportauto.ouest-france.fr\/tag\/audi\" target=\"_blank\" rel=\"noopener nofollow\">Audi<\/a> remonte \u00e0 1993, ann\u00e9e o\u00f9 ils ont lanc\u00e9 leur tout premier mod\u00e8le officiel commun. Ce nouvel \u00e9pisode s\u2019inscrit dans une logique de renouvellement et d\u2019expansion de leur collaboration, en int\u00e9grant une nouvelle plateforme de construction et de collection.<\/p>\n<p>\u00ab La collaboration entre Mattel Brick Shop et la marque Hot Wheels offre aux collectionneurs adultes et aux passionn\u00e9s d\u2019automobile une nouvelle fa\u00e7on d\u2019interagir avec leurs v\u00e9hicules pr\u00e9f\u00e9r\u00e9s, comme ces mod\u00e8les embl\u00e9matiques d\u2019Audi, en les construisant eux-m\u00eames. Hot Wheels et Audi ont uni leurs forces pour la premi\u00e8re fois en 1993 avec un tout premier mod\u00e8le officiel. Aujourd\u2019hui, nous sommes fiers d\u2019\u00e9largir ce partenariat au sein de l\u2019une des toutes nouvelles marques du groupe dans l\u2019univers de la construction : Mattel Brick Shop \u00bbd\u00e9clare\u00a0Ted Wu, le responsable mondial des gammes V\u00e9hicules et Jeux de construction chez Mattel.<\/p>\n<blockquote class=\"instagram-media\" style=\"background: #FFF; border: 0; border-radius: 3px; box-shadow: 0 0 1px 0 rgba(0,0,0,0.5),0 1px 10px 0 rgba(0,0,0,0.15); margin: 1px; max-width: 540px; min-width: 326px; padding: 0; width: calc(100% - 2px);\" data-instgrm-captioned=\"\" data-instgrm-permalink=\"https:\/\/www.instagram.com\/p\/DPEQar_gKaw\/?utm_source=ig_embed&amp;utm_campaign=loading\" data-instgrm-version=\"14\">\n<\/blockquote>\n<p>Des mod\u00e8les \u00e0 l\u2019\u00e9preuve de la reproduction<\/p>\n<p>Aussi, les deux v\u00e9hicules s\u00e9lectionn\u00e9s illustrent \u00e0 la fois le design distinctif d\u2019Audi et leur importance dans l\u2019histoire de la marque. La premi\u00e8re pi\u00e8ce, une Audi Avant RS2 \u00e0 l\u2019\u00e9chelle 1:32, est une \u00e9dition limit\u00e9e sortie entre 1994 et 1995. Elle a marqu\u00e9 une \u00e9tape cl\u00e9 de la gamme, notamment gr\u00e2ce \u00e0 son moteur turbo 5 cylindres et sa transmission manuelle \u00e0 six rapports. Le kit de construction reproduit fid\u00e8lement ses lignes, avec un toit amovible permettant d\u2019acc\u00e9der \u00e0 l\u2019int\u00e9rieur, ainsi que des portes et pare-brises fonctionnels, une caract\u00e9ristique innovante pour cette \u00e9chelle chez Mattel.<\/p>\n<p><a href=\"https:\/\/lemagsportauto.ouest-france.fr\/wp-content\/uploads\/2025\/10\/mattel_brick_shop_audi_HighRes_sRGB_MB-5-1-1.jpg\" rel=\"nofollow noopener\" target=\"_blank\"><img loading=\"lazy\" decoding=\"async\" class=\"aligncenter size-large wp-image-109647 lazyload\" alt=\"\" width=\"683\" height=\"1024\" src=\"https:\/\/www.europesays.com\/fr\/wp-content\/uploads\/2025\/10\/mattel_brick_shop_audi_HighRes_sRGB_MB-5-1-1-683x1024.jpg\"  data- data-eio-rwidth=\"683\" data-eio-rheight=\"1024\"\/><\/a><\/p>\n<p>Concernan la seconde, il s\u2019agit d\u2019une Audi R8 LMS \u00e0 l\u2019\u00e9chelle 1:16, c\u00e9l\u00e8bre son h\u00e9ritage en comp\u00e9tition. Lanc\u00e9e en 2009, cette voiture de course, \u00e9quip\u00e9e d\u2019un moteur V10, a brill\u00e9 dans les courses d\u2019endurance FIA GT3, notamment aux 24 Heures du N\u00fcrburgring, o\u00f9 elle a inscrit sept victoires. En outre, la version propos\u00e9e par Mattel s\u2019inspire de la deuxi\u00e8me g\u00e9n\u00e9ration (2015-2024), avec un int\u00e9rieur d\u00e9taill\u00e9, des \u00e9l\u00e9ments mobiles (portes, capot, toit amovible) et la possibilit\u00e9 de personnalisation via autocollants et pi\u00e8ces additionnelles. D\u2019autre part, elle se distingue \u00e9galement par son r\u00e9alisme, notamment gr\u00e2ce \u00e0 ses jantes m\u00e9talliques et ses d\u00e9tails de sponsors.<\/p>\n<p>Une offre pens\u00e9e pour les passionn\u00e9s et collectionneurs<\/p>\n<p>Les kits sont destin\u00e9s aux amateurs de 10 ans et plus, avec un prix conseill\u00e9 de respectivement 24,99 \u20ac pour l\u2019Audi Avant RS2 et 49,99 \u20ac pour l\u2019Audi R8 LMS. La disponibilit\u00e9 est pr\u00e9vue \u00e0 partir d\u2019octobre, via le site officiel de Mattel, o\u00f9 les collectionneurs peuvent suivre l\u2019\u00e9volution de leur disponibilit\u00e9.<\/p>\n<p>De plus, ces mod\u00e8les offrent une exp\u00e9rience de construction fid\u00e8le \u00e0 l\u2019original, avec des d\u00e9tails pr\u00e9cis et la possibilit\u00e9 de personnaliser chaque v\u00e9hicule. La d\u00e9marche s\u2019inscrit dans une tendance plus large de valorisation de la culture automobile \u00e0 travers des objets de collection et de loisir.<\/p>\n<p>Perspectives futures : Audi en F1 \u00e0 partir de 2026<\/p>\n<p>En toile de fond de cette actualit\u00e9, il est int\u00e9ressant de noter qu\u2019Audi a r\u00e9cemment annonc\u00e9 son entr\u00e9e en Formule 1 \u00e0 partir de la saison 2026, suite \u00e0 l\u2019acquisition de l\u2019\u00e9quipe actuellement connue sous le nom de Sauber. Cette d\u00e9marche s\u2019inscrit dans une strat\u00e9gie de d\u00e9veloppement technologique et de repositionnement dans le sport automobile de haut niveau, visant \u00e0 renforcer la visibilit\u00e9 de la marque sur la sc\u00e8ne mondiale.<\/p>\n<p>A noter que ce partenariat avec Mattel et Hot Wheels s\u2019inscrit ainsi dans une logique plus large de valorisation de l\u2019image d\u2019Audi, tant dans le domaine du loisir que dans celui de la comp\u00e9tition automobile, o\u00f9 la marque entend laisser une empreinte durable.<\/p>\n<p>Conclusion<\/p>\n<p>Ce projet de collaboration marque une \u00e9tape suppl\u00e9mentaire dans la valorisation de l\u2019h\u00e9ritage d\u2019Audi, en rapprochant ses mod\u00e8les embl\u00e9matiques du public \u00e0 travers des objets de collection et de construction. La participation d\u2019Audi \u00e0 la F1 d\u00e8s 2026, via l\u2019acquisition de Sauber, t\u00e9moigne de l\u2019engagement de la marque dans le sport automobile de haute performance, visant \u00e0 renforcer sa visibilit\u00e9 et son innovation dans un secteur en constante \u00e9volution.<\/p>\n<\/p>\n<p>Article publi\u00e9 le 12\/10\/2025 \u00e0 16h05<\/p>\n<p>                                                            <script async src=\"\/\/www.instagram.com\/embed.js\"><\/script><\/p>\n","protected":false},"excerpt":{"rendered":"Une nouvelle alliance strat\u00e9gique m\u00ealant le g\u00e9ant du jouet Mattel, sa branche de construction Mattel Brick Sho, la&hellip;\n","protected":false},"author":2,"featured_media":457648,"comment_status":"","ping_status":"","sticky":false,"template":"","format":"standard","meta":{"footnotes":""},"categories":[1412],"tags":[6712,1451,1452,1453,1454,1455,1011,27,60],"class_list":{"0":"post-457647","1":"post","2":"type-post","3":"status-publish","4":"format-standard","5":"has-post-thumbnail","7":"category-f1","8":"tag-audi","9":"tag-f1","10":"tag-formula-1","11":"tag-formula1","12":"tag-formule-1","13":"tag-formule1","14":"tag-fr","15":"tag-france","16":"tag-sports"},"share_on_mastodon":{"url":"https:\/\/pubeurope.com\/@fr\/115361765481784068","error":""},"_links":{"self":[{"href":"https:\/\/www.europesays.com\/fr\/wp-json\/wp\/v2\/posts\/457647","targetHints":{"allow":["GET"]}}],"collection":[{"href":"https:\/\/www.europesays.com\/fr\/wp-json\/wp\/v2\/posts"}],"about":[{"href":"https:\/\/www.europesays.com\/fr\/wp-json\/wp\/v2\/types\/post"}],"author":[{"embeddable":true,"href":"https:\/\/www.europesays.com\/fr\/wp-json\/wp\/v2\/users\/2"}],"replies":[{"embeddable":true,"href":"https:\/\/www.europesays.com\/fr\/wp-json\/wp\/v2\/comments?post=457647"}],"version-history":[{"count":0,"href":"https:\/\/www.europesays.com\/fr\/wp-json\/wp\/v2\/posts\/457647\/revisions"}],"wp:featuredmedia":[{"embeddable":true,"href":"https:\/\/www.europesays.com\/fr\/wp-json\/wp\/v2\/media\/457648"}],"wp:attachment":[{"href":"https:\/\/www.europesays.com\/fr\/wp-json\/wp\/v2\/media?parent=457647"}],"wp:term":[{"taxonomy":"category","embeddable":true,"href":"https:\/\/www.europesays.com\/fr\/wp-json\/wp\/v2\/categories?post=457647"},{"taxonomy":"post_tag","embeddable":true,"href":"https:\/\/www.europesays.com\/fr\/wp-json\/wp\/v2\/tags?post=457647"}],"curies":[{"name":"wp","href":"https:\/\/api.w.org\/{rel}","templated":true}]}}