{"id":457651,"date":"2025-10-12T14:54:11","date_gmt":"2025-10-12T14:54:11","guid":{"rendered":"https:\/\/www.europesays.com\/fr\/457651\/"},"modified":"2025-10-12T14:54:11","modified_gmt":"2025-10-12T14:54:11","slug":"maignan-capitaine-face-a-lislande","status":"publish","type":"post","link":"https:\/\/www.europesays.com\/fr\/457651\/","title":{"rendered":"Maignan capitaine face \u00e0 l&rsquo;Islande"},"content":{"rendered":"<p class=\"date\">\n                                                            Cl\u00e9ment Baudouin, Media365, publi\u00e9 le dimanche 12 octobre 2025 \u00e0 14h19\n                                                    <\/p>\n<p>En l&rsquo;absence de Kylian Mbapp\u00e9, c&rsquo;est le portier de l&rsquo;\u00c9quipe de France, Mike Maignan qui portera le brassard de capitaine ce lundi contre l&rsquo;Islande.<\/p>\n<p>Auteur d&rsquo;un but et d&rsquo;une passe d\u00e9cisive, mais surtout sorti sur blessure \u00e0 la 83e minute de la victoire de l&rsquo;\u00c9quipe de France contre l&rsquo;Azerba\u00efdjan, Kylian Mbapp\u00e9 a d\u00fb d\u00e9clarer forfait pour la fin de ce rassemblement automnale de l&rsquo;\u00c9quipe de France. Touch\u00e9 \u00e0 la cheville et remplac\u00e9 par Florian Thauvin, le capitaine des Bleus qui a c\u00e9d\u00e9 le brassard sur le coup \u00e0 Mike Maignan, laissait donc le poste vacant en marge du match contre l&rsquo;Islande de ce lundi.<\/p>\n<p>La logique Maignan<\/p>\n<p>Ce dimanche matin, c&rsquo;est sur TF1, dans l&rsquo;\u00e9mission T\u00e9l\u00e9foot que Didier Deschamps a r\u00e9v\u00e9l\u00e9 le nom du joueur qui portera le brassard ce lundi : \u00ab Mike sera capitaine. Il a pris le relais quand Kylian est sorti \u00bb. Taulier de l&rsquo;AC Milan depuis son arriv\u00e9e \u00e0 l&rsquo;\u00e9t\u00e9 2021, Mike Maignan fait office de choix logique pour le s\u00e9lectionneur fran\u00e7ais. International \u00e0 35 reprises, le portier pass\u00e9 par Lille est un capitaine incontournable dans son club. En \u00c9quipe de France, Mike Maignan n&rsquo;a encore jamais d\u00e9but\u00e9 avec le brassard autour du bras.<\/p>\n<p>Le portier de 30 ans r\u00e9alisera donc sa premi\u00e8re en tant que capitaine des Bleus d\u00e8s le d\u00e9but d&rsquo;un match ce lundi, \u00e0 l&rsquo;occasion de sa 36e s\u00e9lection en terre islandaise, lors du quatri\u00e8me match de qualifications des Bleus pour le Mondial 2026. Un poste rassurant aussi pour Didier Deschamps qui depuis son arriv\u00e9e \u00e0 la t\u00eate des Bleus en 2012 avait, hormis en de rares occasions, toujours confi\u00e9 cette responsabilit\u00e9 \u00e0 Hugo Lloris, qui portait d\u00e9j\u00e0 le brassard depuis 2010. Quoiqu&rsquo;il en soit, et malgr\u00e9 les nombreuses absences, Didier Deschamps a expliqu\u00e9 compter sur ses joueurs \u00ab pour ce match difficile, de par le contexte et la qualit\u00e9 de l&rsquo;\u00e9quipe d&rsquo;Islande. C&rsquo;est une \u00e9quipe qui nous avait cr\u00e9\u00e9 des probl\u00e8mes au Parc quand on les avait re\u00e7us \u00bb. Une rencontre qui d\u00e9butera \u00e0 20h45 pour les Bleus qui auront \u00e0 c\u0153ur de continuer leur sans-faute dans ces \u00e9liminatoires.<\/p>\n","protected":false},"excerpt":{"rendered":"Cl\u00e9ment Baudouin, Media365, publi\u00e9 le dimanche 12 octobre 2025 \u00e0 14h19 En l&rsquo;absence de Kylian Mbapp\u00e9, c&rsquo;est le&hellip;\n","protected":false},"author":2,"featured_media":457652,"comment_status":"","ping_status":"","sticky":false,"template":"","format":"standard","meta":{"footnotes":""},"categories":[1410],"tags":[63,1011,27,60],"class_list":{"0":"post-457651","1":"post","2":"type-post","3":"status-publish","4":"format-standard","5":"has-post-thumbnail","7":"category-football","8":"tag-football","9":"tag-fr","10":"tag-france","11":"tag-sports"},"share_on_mastodon":{"url":"https:\/\/pubeurope.com\/@fr\/115361773293467591","error":""},"_links":{"self":[{"href":"https:\/\/www.europesays.com\/fr\/wp-json\/wp\/v2\/posts\/457651","targetHints":{"allow":["GET"]}}],"collection":[{"href":"https:\/\/www.europesays.com\/fr\/wp-json\/wp\/v2\/posts"}],"about":[{"href":"https:\/\/www.europesays.com\/fr\/wp-json\/wp\/v2\/types\/post"}],"author":[{"embeddable":true,"href":"https:\/\/www.europesays.com\/fr\/wp-json\/wp\/v2\/users\/2"}],"replies":[{"embeddable":true,"href":"https:\/\/www.europesays.com\/fr\/wp-json\/wp\/v2\/comments?post=457651"}],"version-history":[{"count":0,"href":"https:\/\/www.europesays.com\/fr\/wp-json\/wp\/v2\/posts\/457651\/revisions"}],"wp:featuredmedia":[{"embeddable":true,"href":"https:\/\/www.europesays.com\/fr\/wp-json\/wp\/v2\/media\/457652"}],"wp:attachment":[{"href":"https:\/\/www.europesays.com\/fr\/wp-json\/wp\/v2\/media?parent=457651"}],"wp:term":[{"taxonomy":"category","embeddable":true,"href":"https:\/\/www.europesays.com\/fr\/wp-json\/wp\/v2\/categories?post=457651"},{"taxonomy":"post_tag","embeddable":true,"href":"https:\/\/www.europesays.com\/fr\/wp-json\/wp\/v2\/tags?post=457651"}],"curies":[{"name":"wp","href":"https:\/\/api.w.org\/{rel}","templated":true}]}}