{"id":457655,"date":"2025-10-12T14:56:11","date_gmt":"2025-10-12T14:56:11","guid":{"rendered":"https:\/\/www.europesays.com\/fr\/457655\/"},"modified":"2025-10-12T14:56:11","modified_gmt":"2025-10-12T14:56:11","slug":"lartiste-jean-francois-gandon-raconte-ghisoni-a-travers-une-immense-fresque","status":"publish","type":"post","link":"https:\/\/www.europesays.com\/fr\/457655\/","title":{"rendered":"L&rsquo;artiste Jean-Fran\u00e7ois Gandon raconte Ghisoni \u00e0 travers une immense fresque"},"content":{"rendered":"<p>\u00ab\u00a0C&rsquo;\u00e9tait au mois de mai, se souvient Jean-Fran\u00e7ois Gandon. Le maire, Don Marc Albertini, savait que je dessine. Le conseil municipal a vot\u00e9 pour embellir un local technique, celui de la fibre et d&rsquo;EDF, juste \u00e0 l&rsquo;ext\u00e9rieur du village, sur la route du col de Verde. Et automatiquement, ils ont pens\u00e9 \u00e0 moi.\u00a0\u00bb<\/p>\n<p>L&rsquo;artiste, originaire de Bastelica a aussit\u00f4t accept\u00e9 le d\u00e9fi\u00a0: r\u00e9aliser une fresque de trois m\u00e8tres sur six, sa plus grande \u00e0 ce jour.<\/p>\n<p>\u00a0\u00bb J&rsquo;en avais d\u00e9j\u00e0 fait, mais jamais \u00e0 cette \u00e9chelle. C&rsquo;\u00e9tait un vrai challenge.\u00a0\u00bb<\/p>\n<p>Le peintre s&rsquo;est vu offrir quartier libre. \u00a0\u00bb J&rsquo;ai tout de m\u00eame montr\u00e9 mes esquisses au maire. Il m&rsquo;a fait confiance. J&rsquo;ai cherch\u00e9 \u00e0 comprendre ce qu&rsquo;est Ghisoni\u00a0: son \u00e2me, son paysage, son histoire. \u00ab\u00a0<\/p>\n<p>De l\u00e0 est n\u00e9e une composition foisonnante\u00a0: le d\u00e9fil\u00e9 de l&rsquo;Inzecca, la statue de Neptune, le mont Kyrie Eleison, et un pont g\u00e9nois qui relie les \u00e9poques et les hommes. \u00a0\u00bb Cette statue de Neptune, je l&rsquo;aime particuli\u00e8rement, confie-t-il. C&rsquo;est le m\u00eame sculpteur qui a fait la statue de Sampieru Corsu \u00e0 Bastelica, mon village. C&rsquo;est une sorte de fil entre nos deux communes. \u00ab\u00a0<\/p>\n<p>Une ode \u00e0 l&rsquo;eau et \u00e0 la transmission<\/p>\n<p>\u00a0\u00bb Ce qui est pr\u00e9gnant \u00e0 Ghisoni, c&rsquo;est l&rsquo;eau, explique-t-il. Une vra&#8230;<\/p>\n","protected":false},"excerpt":{"rendered":"\u00ab\u00a0C&rsquo;\u00e9tait au mois de mai, se souvient Jean-Fran\u00e7ois Gandon. Le maire, Don Marc Albertini, savait que je dessine.&hellip;\n","protected":false},"author":2,"featured_media":457656,"comment_status":"","ping_status":"","sticky":false,"template":"","format":"standard","meta":{"footnotes":""},"categories":[1358],"tags":[17,1348,1384,1385,1687,1386,58,59,1011,27,58261,58262,58260,12420,9068,20087,96],"class_list":{"0":"post-457655","1":"post","2":"type-post","3":"status-publish","4":"format-standard","5":"has-post-thumbnail","7":"category-arts-et-design","8":"tag-17","9":"tag-arts","10":"tag-arts-and-design","11":"tag-arts-et-design","12":"tag-culture-loisirs","13":"tag-design","14":"tag-divertissement","15":"tag-entertainment","16":"tag-fr","17":"tag-france","18":"tag-gandon","19":"tag-ghisoni","20":"tag-jean-francois","21":"tag-lartiste","22":"tag-raconte","23":"tag-travers","24":"tag-une"},"share_on_mastodon":{"url":"https:\/\/pubeurope.com\/@fr\/115361781185824674","error":""},"_links":{"self":[{"href":"https:\/\/www.europesays.com\/fr\/wp-json\/wp\/v2\/posts\/457655","targetHints":{"allow":["GET"]}}],"collection":[{"href":"https:\/\/www.europesays.com\/fr\/wp-json\/wp\/v2\/posts"}],"about":[{"href":"https:\/\/www.europesays.com\/fr\/wp-json\/wp\/v2\/types\/post"}],"author":[{"embeddable":true,"href":"https:\/\/www.europesays.com\/fr\/wp-json\/wp\/v2\/users\/2"}],"replies":[{"embeddable":true,"href":"https:\/\/www.europesays.com\/fr\/wp-json\/wp\/v2\/comments?post=457655"}],"version-history":[{"count":0,"href":"https:\/\/www.europesays.com\/fr\/wp-json\/wp\/v2\/posts\/457655\/revisions"}],"wp:featuredmedia":[{"embeddable":true,"href":"https:\/\/www.europesays.com\/fr\/wp-json\/wp\/v2\/media\/457656"}],"wp:attachment":[{"href":"https:\/\/www.europesays.com\/fr\/wp-json\/wp\/v2\/media?parent=457655"}],"wp:term":[{"taxonomy":"category","embeddable":true,"href":"https:\/\/www.europesays.com\/fr\/wp-json\/wp\/v2\/categories?post=457655"},{"taxonomy":"post_tag","embeddable":true,"href":"https:\/\/www.europesays.com\/fr\/wp-json\/wp\/v2\/tags?post=457655"}],"curies":[{"name":"wp","href":"https:\/\/api.w.org\/{rel}","templated":true}]}}