{"id":457668,"date":"2025-10-12T15:03:10","date_gmt":"2025-10-12T15:03:10","guid":{"rendered":"https:\/\/www.europesays.com\/fr\/457668\/"},"modified":"2025-10-12T15:03:10","modified_gmt":"2025-10-12T15:03:10","slug":"emmenez-moi-lea-salame-prete-pour-laventure-elle-poste-sa-candidature-pour-une-celebre-emission","status":"publish","type":"post","link":"https:\/\/www.europesays.com\/fr\/457668\/","title":{"rendered":"\u00ab\u00a0Emmenez-moi !\u00a0\u00bb : L\u00e9a Salam\u00e9 pr\u00eate pour l\u2019aventure, elle poste sa candidature pour une c\u00e9l\u00e8bre \u00e9mission"},"content":{"rendered":"<p>Comme chaque semaine, <a href=\"https:\/\/www.closermag.fr\/people\/lea-salame-face-a-sebastien-lecornu-au-jt-ce-detail-genant-impossible-a-rater-des-quelle-a-ouvert-la-bouche-3585398\" target=\"_blank\" rel=\"noopener\"><br \/>\nL\u00e9a Salam\u00e9<\/a> a re\u00e7u son lot d\u2019invit\u00e9s, le samedi 11 octobre<br \/>\ndernier, sur le plateau de <strong>Quelle Epoque<\/strong>.<br \/>\nPour cette \u00e9dition, l\u2019animatrice a re\u00e7u <strong>Chantal<br \/>\nLadesou<\/strong> et <strong>Kev Adams<\/strong> pour le film Le<br \/>\nJour-J, <strong>Arthur<\/strong> pour son livre J\u2019ai perdu<br \/>\nun b\u00e9douin dans Paris ainsi que <strong>Laury<br \/>\nThilleman<\/strong> qui a repris Rendez-vous en terre<br \/>\ninconnue.<\/p>\n<p>C\u2019\u00e9tait notamment une occasion pour <a href=\"https:\/\/www.closermag.fr\/people\/arthur-abandonne-par-le-show-business-ses-revelations-sur-le-silence-de-ses-amis-3586089\" target=\"_blank\" rel=\"noopener\"><br \/>\nArthur<\/a> de revenir sur \u00ab\u00a0le silence\u00a0\u00bb de ceux qu\u2019il consid\u00e9rait<br \/>\ncomme ses amis. Le pr\u00e9sentateur de 59 ans a notamment exprim\u00e9 la<br \/>\nraison de sa col\u00e8re face \u00e0 cet \u00ab\u00a0<strong>abandon<\/strong>\u00ab\u00a0. De son<br \/>\nc\u00f4t\u00e9, <strong>L\u00e9a Salam\u00e9<\/strong> a fait <a href=\"https:\/\/www.closermag.fr\/people\/cest-la-femme-de-votre-lea-salame-ose-une-question-sur-beyonce-et-ca-laisse-rita-ora-sans-voix-3584474\" target=\"_blank\" rel=\"noopener\"><br \/>\nune fleur<\/a> \u00e0 Laury Thilleman. En effet, celle qui a re\u00e7u<br \/>\n<a href=\"https:\/\/www.closermag.fr\/people\/une-espece-damour-laury-thilleman-en-dit-plus-sur-sa-relation-avec-cyril-lignac-3578146\" target=\"_blank\" rel=\"noopener\"><br \/>\nCyril Lignac<\/a> dans son \u00e9mission, sur France 2, peut<br \/>\ncompter sur la prochaine participation de la pr\u00e9sentatrice de<br \/>\n<a href=\"https:\/\/www.telestar.fr\/actu_tv\/quelle-epoque-la-chute-continue-lea-salame-ne-parvient-pas-a-convaincre-1740606\" target=\"_blank\" rel=\"noopener\"><br \/>\nQuelle Epoque<\/a>.<\/p>\n<p>L\u00e9a Salam\u00e9 : Partante pour Rendez-vous en terre inconnue !<\/p>\n<p>Sur le plateau de Quelle Epoque, <strong>L\u00e9a<br \/>\nSalam\u00e9<\/strong> a clairement fait savoir \u00e0 <a href=\"https:\/\/www.closermag.fr\/people\/agressions-sexuelles-a-miss-france-laury-thilleman-exprime-son-soutien-durant-mon-annee-3578295\" target=\"_blank\" rel=\"noopener\"><br \/>\nLaury Thilleman<\/a> son envie de participer \u00e0 l\u2019\u00e9mission<br \/>\n<strong>Rendez-vous en terre inconnue<\/strong>. \u00ab\u00a0Vous<br \/>\naimeriez partir o\u00f9 ?\u00a0\u00bb, lui avait, d\u2019ailleurs, demand\u00e9 la Miss<br \/>\nFrance 2011. \u00ab\u00a0J\u2019aimerais que vous m\u2019emmeniez dans un endroit o\u00f9<br \/>\nj\u2019aurais pas mon t\u00e9l\u00e9phone pendant 15 jours\u00a0\u00bb, a avou\u00e9 L\u00e9a<br \/>\nSalam\u00e9.<\/p>\n<p>\u00ab\u00a0De toute fa\u00e7on, c\u2019est pas vous qui d\u00e9cidez, si je vous<br \/>\nemm\u00e8ne\u00a0\u00bb, a r\u00e9pliqu\u00e9 Laury Thilleman avec une pointe d\u2019humour.<br \/>\nChose qui n\u2019a visiblement pas d\u00e9motiv\u00e9 la journaliste de 45 ans qui<br \/>\na r\u00e9it\u00e9r\u00e9 : \u00ab\u00a0Emmenez-moi, emmenez-moi <strong>o\u00f9 vous<br \/>\nvoulez<\/strong> !\u00a0\u00bb.<\/p>\n<blockquote class=\"twitter-tweet\"><p><a class=\"twitter-link\" rel=\"noindex, nofollow noopener\" href=\"https:\/\/twitter.com\/QuelleEpoqueOff\/status\/1977164653705711942\" target=\"_blank\"><\/p><\/blockquote>\n<p>L\u00e9a Salam\u00e9 : Arthur pr\u00e9vient sur ce qui<br \/>\nl\u2019attends !<\/p>\n<p>R\u00e9pondant \u00e0 l\u2019envie de <strong>L\u00e9a Salam\u00e9<\/strong> \u00e0 participer<br \/>\n\u00e0 l\u2019\u00e9mission de <strong>Laury Thilleman<\/strong>,<br \/>\n<strong>Arthur<\/strong> a volontiers partag\u00e9 son exp\u00e9rience.<br \/>\nRappelons que l\u2019animateur et producteur avait d\u00e9j\u00e0 particip\u00e9 \u00e0<br \/>\nl\u2019\u00e9mission Rendez-vous en terre inconnue en d\u00e9cembre 2014.<br \/>\n\u00ab\u00a0On ne sait pas jusqu\u2019\u00e0 la derni\u00e8re seconde o\u00f9 on va\u00a0\u00bb, se<br \/>\nrappelle-t-il.<\/p>\n<p>\u00ab\u00a0C\u2019est un secret qui est <strong>hyper<br \/>\ncach\u00e9<\/strong> et apr\u00e8s, ils appellent nos familles pour<br \/>\nleur dire o\u00f9 on va\u00a0\u00bb, a-t-il poursuivi en soulignant le fait<br \/>\nqu\u2019il craignait d\u2019aller en Amazonie. Heureusement pour lui,<br \/>\nFr\u00e9d\u00e9ric Lopez l\u2019avait emmen\u00e9 <strong>au P\u00e9rou<\/strong> pour<br \/>\nrencontrer les Quechuas.<\/p>\n<p><script async src=\"https:\/\/platform.twitter.com\/widgets.js\" charset=\"utf-8\"><\/script><\/p>\n","protected":false},"excerpt":{"rendered":"Comme chaque semaine, L\u00e9a Salam\u00e9 a re\u00e7u son lot d\u2019invit\u00e9s, le samedi 11 octobre dernier, sur le plateau&hellip;\n","protected":false},"author":2,"featured_media":457669,"comment_status":"","ping_status":"","sticky":false,"template":"","format":"standard","meta":{"footnotes":""},"categories":[8],"tags":[58,59,1011,27,3806],"class_list":{"0":"post-457668","1":"post","2":"type-post","3":"status-publish","4":"format-standard","5":"has-post-thumbnail","7":"category-divertissement","8":"tag-divertissement","9":"tag-entertainment","10":"tag-fr","11":"tag-france","12":"tag-lea-salame"},"share_on_mastodon":{"url":"https:\/\/pubeurope.com\/@fr\/115361808700899273","error":""},"_links":{"self":[{"href":"https:\/\/www.europesays.com\/fr\/wp-json\/wp\/v2\/posts\/457668","targetHints":{"allow":["GET"]}}],"collection":[{"href":"https:\/\/www.europesays.com\/fr\/wp-json\/wp\/v2\/posts"}],"about":[{"href":"https:\/\/www.europesays.com\/fr\/wp-json\/wp\/v2\/types\/post"}],"author":[{"embeddable":true,"href":"https:\/\/www.europesays.com\/fr\/wp-json\/wp\/v2\/users\/2"}],"replies":[{"embeddable":true,"href":"https:\/\/www.europesays.com\/fr\/wp-json\/wp\/v2\/comments?post=457668"}],"version-history":[{"count":0,"href":"https:\/\/www.europesays.com\/fr\/wp-json\/wp\/v2\/posts\/457668\/revisions"}],"wp:featuredmedia":[{"embeddable":true,"href":"https:\/\/www.europesays.com\/fr\/wp-json\/wp\/v2\/media\/457669"}],"wp:attachment":[{"href":"https:\/\/www.europesays.com\/fr\/wp-json\/wp\/v2\/media?parent=457668"}],"wp:term":[{"taxonomy":"category","embeddable":true,"href":"https:\/\/www.europesays.com\/fr\/wp-json\/wp\/v2\/categories?post=457668"},{"taxonomy":"post_tag","embeddable":true,"href":"https:\/\/www.europesays.com\/fr\/wp-json\/wp\/v2\/tags?post=457668"}],"curies":[{"name":"wp","href":"https:\/\/api.w.org\/{rel}","templated":true}]}}