{"id":457700,"date":"2025-10-12T15:21:13","date_gmt":"2025-10-12T15:21:13","guid":{"rendered":"https:\/\/www.europesays.com\/fr\/457700\/"},"modified":"2025-10-12T15:21:13","modified_gmt":"2025-10-12T15:21:13","slug":"une-free-party-pres-de-rennes-rassemble-environ-200-personnes-le-rassemblement-a-pris-fin","status":"publish","type":"post","link":"https:\/\/www.europesays.com\/fr\/457700\/","title":{"rendered":"Une free-party pr\u00e8s de Rennes rassemble environ 200\u00a0personnes\u00a0: le rassemblement a pris fin"},"content":{"rendered":"<p>La f\u00eate est finie. Mais elle a dur\u00e9 toute la nuit. Une free-party a eu lieu dans la nuit de samedi\u00a011 \u00e0 dimanche 12\u00a0octobre 2025 \u00e0 Chantepie, <a href=\"https:\/\/rennes.maville.com\/info\/info-locale\/\" target=\"_self\" rel=\"noopener\">pr\u00e8s de Rennes<\/a> (Ille-et-Vilaine). Entre 200 et 300\u00a0personnes \u00e9taient rassembl\u00e9es dans un hangar visiblement d\u00e9saffect\u00e9, situ\u00e9 rue des Logettes.<\/p>\n<p>La police sur place<\/p>\n<p>Le rassemblement a commenc\u00e9 samedi vers 21\u00a0h.<\/p>\n<p>La f\u00eate non d\u00e9clar\u00e9e a dur\u00e9 toute la nuit. Les forces de l\u2019ordre \u00e9taient pr\u00e9sentes mais ne sont pas intervenues.<\/p>\n<p>Ce dimanche midi, la free-party est termin\u00e9e. Les derniers participants quittaient les lieux dans le calme.<\/p>\n<p>\u00a0<\/p>\n","protected":false},"excerpt":{"rendered":"La f\u00eate est finie. Mais elle a dur\u00e9 toute la nuit. Une free-party a eu lieu dans la&hellip;\n","protected":false},"author":2,"featured_media":457701,"comment_status":"","ping_status":"","sticky":false,"template":"","format":"standard","meta":{"footnotes":""},"categories":[2821],"tags":[10546,1111,11,829,15321,1777,674,5729,1011,27,9218,2047,12,3744,3762,17907,17931,3919,584,25],"class_list":{"0":"post-457700","1":"post","2":"type-post","3":"status-publish","4":"format-standard","5":"has-post-thumbnail","7":"category-rennes","8":"tag-10546","9":"tag-actu","10":"tag-actualites","11":"tag-bretagne","12":"tag-environ","13":"tag-eu","14":"tag-europe","15":"tag-fin","16":"tag-fr","17":"tag-france","18":"tag-free-party","19":"tag-mans","20":"tag-news","21":"tag-personnes","22":"tag-pres","23":"tag-pris","24":"tag-rassemble","25":"tag-rassemblement","26":"tag-rennes","27":"tag-republique-francaise"},"share_on_mastodon":{"url":"https:\/\/pubeurope.com\/@fr\/115361879437256624","error":""},"_links":{"self":[{"href":"https:\/\/www.europesays.com\/fr\/wp-json\/wp\/v2\/posts\/457700","targetHints":{"allow":["GET"]}}],"collection":[{"href":"https:\/\/www.europesays.com\/fr\/wp-json\/wp\/v2\/posts"}],"about":[{"href":"https:\/\/www.europesays.com\/fr\/wp-json\/wp\/v2\/types\/post"}],"author":[{"embeddable":true,"href":"https:\/\/www.europesays.com\/fr\/wp-json\/wp\/v2\/users\/2"}],"replies":[{"embeddable":true,"href":"https:\/\/www.europesays.com\/fr\/wp-json\/wp\/v2\/comments?post=457700"}],"version-history":[{"count":0,"href":"https:\/\/www.europesays.com\/fr\/wp-json\/wp\/v2\/posts\/457700\/revisions"}],"wp:featuredmedia":[{"embeddable":true,"href":"https:\/\/www.europesays.com\/fr\/wp-json\/wp\/v2\/media\/457701"}],"wp:attachment":[{"href":"https:\/\/www.europesays.com\/fr\/wp-json\/wp\/v2\/media?parent=457700"}],"wp:term":[{"taxonomy":"category","embeddable":true,"href":"https:\/\/www.europesays.com\/fr\/wp-json\/wp\/v2\/categories?post=457700"},{"taxonomy":"post_tag","embeddable":true,"href":"https:\/\/www.europesays.com\/fr\/wp-json\/wp\/v2\/tags?post=457700"}],"curies":[{"name":"wp","href":"https:\/\/api.w.org\/{rel}","templated":true}]}}