{"id":457704,"date":"2025-10-12T15:24:16","date_gmt":"2025-10-12T15:24:16","guid":{"rendered":"https:\/\/www.europesays.com\/fr\/457704\/"},"modified":"2025-10-12T15:24:16","modified_gmt":"2025-10-12T15:24:16","slug":"5-retours-de-taille-face-a-strasbourg","status":"publish","type":"post","link":"https:\/\/www.europesays.com\/fr\/457704\/","title":{"rendered":"5 retours de taille face \u00e0 Strasbourg"},"content":{"rendered":"<p>Alors que la tr\u00eave internationale bat son plein, le <a href=\"https:\/\/www.footmercato.net\/club\/psg\/\" rel=\"nofollow noopener\" target=\"_blank\">Paris Saint-Germain<\/a> s\u2019occupe, de son c\u00f4t\u00e9, de r\u00e9parer les corps bless\u00e9s. Dans cette optique, Marquinhos et Ousmane Demb\u00e9l\u00e9 poursuivent leur convalescence. Si un retour \u00e0 la comp\u00e9tition face \u00e0 Strasbourg, vendredi prochain, semble pour l\u2019heure trop pr\u00e9matur\u00e9, d\u2019autres cadres parisiens sont en revanche en passe de retrouver les terrains. <\/p>\n<p>            La suite apr\u00e8s cette publicit\u00e9<\/p>\n<p>Selon les derni\u00e8res informations du <a href=\"https:\/\/www.leparisien.fr\/sports\/football\/ligue-1\/psg-pendant-la-treve-internationale-paris-repare-ses-blesses-restes-au-bercail-12-10-2025-ZVDVG2MOVFHDBFTTMC4JVHDGZY.php\" rel=\"nofollow noopener\" target=\"_blank\">Parisien<\/a>, <a href=\"https:\/\/www.footmercato.net\/joueur\/bradley-barcola\/\" rel=\"nofollow noopener\" target=\"_blank\">Bradley Barcola<\/a>, Senny Mayulu, Joao <a href=\"https:\/\/www.footmercato.net\/joueur\/joao-neves\/\" rel=\"nofollow noopener\" target=\"_blank\">Neves<\/a>, Fabian Ruiz mais \u00e9galement <a href=\"https:\/\/www.footmercato.net\/joueur\/desire-doue\/\" rel=\"nofollow noopener\" target=\"_blank\">D\u00e9sir\u00e9 Dou\u00e9<\/a> &#8211; qui a teas\u00e9 son come-back sur Instagram &#8211; pourraient \u00eatre disponibles pour affronter les Strasbourgeois dans le cadre de la 8e journ\u00e9e de <a href=\"https:\/\/www.footmercato.net\/france\/ligue-1\/\" rel=\"nofollow noopener\" target=\"_blank\">Ligue 1<\/a>. Une excellente nouvelle pour Luis Enrique et son staff.<\/p>\n<p>\n    Pub. le 12\/10\/2025 16:29<br \/>\n            &#8211; MAJ le 12\/10\/2025 17:15\n    <\/p>\n","protected":false},"excerpt":{"rendered":"Alors que la tr\u00eave internationale bat son plein, le Paris Saint-Germain s\u2019occupe, de son c\u00f4t\u00e9, de r\u00e9parer les&hellip;\n","protected":false},"author":2,"featured_media":93110,"comment_status":"","ping_status":"","sticky":false,"template":"","format":"standard","meta":{"footnotes":""},"categories":[2820],"tags":[1111,11,1777,674,1011,27,775,12,25,640],"class_list":{"0":"post-457704","1":"post","2":"type-post","3":"status-publish","4":"format-standard","5":"has-post-thumbnail","7":"category-strasbourg","8":"tag-actu","9":"tag-actualites","10":"tag-eu","11":"tag-europe","12":"tag-fr","13":"tag-france","14":"tag-grand-est","15":"tag-news","16":"tag-republique-francaise","17":"tag-strasbourg"},"share_on_mastodon":{"url":"https:\/\/pubeurope.com\/@fr\/115361891235673024","error":""},"_links":{"self":[{"href":"https:\/\/www.europesays.com\/fr\/wp-json\/wp\/v2\/posts\/457704","targetHints":{"allow":["GET"]}}],"collection":[{"href":"https:\/\/www.europesays.com\/fr\/wp-json\/wp\/v2\/posts"}],"about":[{"href":"https:\/\/www.europesays.com\/fr\/wp-json\/wp\/v2\/types\/post"}],"author":[{"embeddable":true,"href":"https:\/\/www.europesays.com\/fr\/wp-json\/wp\/v2\/users\/2"}],"replies":[{"embeddable":true,"href":"https:\/\/www.europesays.com\/fr\/wp-json\/wp\/v2\/comments?post=457704"}],"version-history":[{"count":0,"href":"https:\/\/www.europesays.com\/fr\/wp-json\/wp\/v2\/posts\/457704\/revisions"}],"wp:featuredmedia":[{"embeddable":true,"href":"https:\/\/www.europesays.com\/fr\/wp-json\/wp\/v2\/media\/93110"}],"wp:attachment":[{"href":"https:\/\/www.europesays.com\/fr\/wp-json\/wp\/v2\/media?parent=457704"}],"wp:term":[{"taxonomy":"category","embeddable":true,"href":"https:\/\/www.europesays.com\/fr\/wp-json\/wp\/v2\/categories?post=457704"},{"taxonomy":"post_tag","embeddable":true,"href":"https:\/\/www.europesays.com\/fr\/wp-json\/wp\/v2\/tags?post=457704"}],"curies":[{"name":"wp","href":"https:\/\/api.w.org\/{rel}","templated":true}]}}