{"id":457707,"date":"2025-10-12T15:26:10","date_gmt":"2025-10-12T15:26:10","guid":{"rendered":"https:\/\/www.europesays.com\/fr\/457707\/"},"modified":"2025-10-12T15:26:10","modified_gmt":"2025-10-12T15:26:10","slug":"municipales-2026-a-nice-lfi-et-viva-lancent-officiellement-leur-campagne","status":"publish","type":"post","link":"https:\/\/www.europesays.com\/fr\/457707\/","title":{"rendered":"Municipales 2026 \u00e0 Nice. LFI et ViVA! lancent officiellement leur campagne"},"content":{"rendered":"<p>            Par<br \/>\n        <strong><br \/>\n            <a href=\"https:\/\/actu.fr\/auteur\/ugo-maillard\" title=\"Consulter tous les articles de Ugo Maillard\" rel=\"nofollow noopener\" target=\"_blank\">Ugo Maillard<\/a><br \/>\n        <\/strong><\/p>\n<p>        Publi\u00e9 le<\/p>\n<p>            12 oct. 2025 \u00e0 17h06        <\/p>\n<p>C\u2019est d\u00e9sormais officiel. Une liste sera men\u00e9e par <strong>La France Insoumise et ViVA\u2009!<\/strong> pour les <strong>\u00e9lections municipales de 2026<\/strong> \u00e0 Nice (<a href=\"https:\/\/actu.fr\/provence-alpes-cote-d-azur\/alpes-maritimes_06\" rel=\"nofollow noopener\" target=\"_blank\">Alpes-Maritimes<\/a>).<\/p>\n<p class=\" wall-content\">Comme <a href=\"https:\/\/actu.fr\/provence-alpes-cote-d-azur\/nice_06088\/municipales-2026-a-nice-lfi-et-viva-lancent-une-liste-et-scellent-la-division-de-la-gauche_63251192.html\" rel=\"nofollow noopener\" target=\"_blank\">annonc\u00e9 par la r\u00e9daction d\u2019actu Nice<\/a> le 3\u00a0octobre, les deux mouvements politiques \u00e0 gauche sur l\u2019\u00e9chiquier politique unissent leurs forces pour briguer la mairie de Nice, les 15 et 22\u00a0mars 2026.<\/p>\n<p class=\" wall-content\">Une nouvelle liste \u00e0 gauche, apr\u00e8s celle <a href=\"https:\/\/actu.fr\/provence-alpes-cote-d-azur\/nice_06088\/nice-le-candidat-de-la-gauche-pour-les-elections-municipales-2026-est-connu_63115316.html\" rel=\"nofollow noopener\" target=\"_blank\">men\u00e9e par Juliette Chesnel-Le Roux<\/a>, ou encore la liste conduite par <a href=\"https:\/\/actu.fr\/provence-alpes-cote-d-azur\/nice_06088\/municipales-2026-de-nice-cette-conseillere-ecolo-lance-une-nouvelle-candidature-a-gauche_63188705.html\" rel=\"nofollow noopener\" target=\"_blank\">H\u00e9l\u00e8ne Granouillac<\/a>.<\/p>\n<p>Mireille Damiano en t\u00eate de liste<\/p>\n<p class=\" wall-content\">Ce dimanche 12\u00a0octobre, les deux r\u00e9f\u00e9rents LFI dans les Alpes-Maritimes, Olivier Salerno et Anne-Laure Chaintron respectivement deuxi\u00e8me et troisi\u00e8me sur la liste, accompagn\u00e9 de membres du mouvement citoyen ViVA\u2009! et d\u2019une cenaine de sympathisants, ont tenu leur premi\u00e8re r\u00e9union publique commune sur la place Garibaldi de Nice.<\/p>\n<p class=\" wall-content\">Cette liste est nomm\u00e9e NFP, pour <strong>Nice Front populaire<\/strong>, en hommage \u00e0 l\u2019union de la gauche lors des L\u00e9gislatives de 2022.<\/p>\n<p class=\" wall-content\">Elle sera men\u00e9e par <strong>Mireille Damiano<\/strong>, avocate, qui avait men\u00e9 la liste de ViVA\u2009! et LFI pour les \u00e9lections municipales de 2020 et avait obtenu pr\u00e8s de 9\u2009% des voix.<\/p>\n<p>Un programme en construction<\/p>\n<p class=\" wall-content\">Une dizaine de personnes ont pris la parole lors de ce premier rassemblement de la liste Nice Front Populaire. Mireille Damiano explique que le programme sera construit avec les retours des habitants, mais rassure en pr\u00e9cisant qu\u2019il ne part pas de rien et que les grandes id\u00e9es du Nouveau Front Populaire seront \u00e0 la base des discussions.<\/p>\n<p>Votre r\u00e9gion, votre actu !<\/p>\n<p>Recevez chaque jour les infos qui comptent pour vous.<\/p>\n<p>\t<a href=\"https:\/\/actu.fr\/newsletter\" class=\"ac-btn ac-btn--corner ac-btn--medium ac-btn--blue800\" rel=\"nofollow noopener\" target=\"_blank\">S&rsquo;incrire<\/a><\/p>\n<p class=\" wall-content\">\u00ab\u2009Il existe une urgence \u00e9cologique et urgence sociale \u00e0 Nice. Nous avons la carte postale et sa face cach\u00e9e avec la pauvret\u00e9, la sp\u00e9culation immobili\u00e8re. Ce sont nos priorit\u00e9s\u2009\u00bb, assure Olivier Salerno.<\/p>\n<p class=\" wall-content\">Personnalisez votre actualit\u00e9 en ajoutant vos villes et m\u00e9dias en favori avec <a href=\"https:\/\/moncompte.actu.fr\" title=\"D\u00e9couvez Mon Actu\" rel=\"nofollow noopener\" data-trk=\"{&quot;cta&quot;:{&quot;action&quot;:&quot;https:\\\/\\\/moncompte.actu.fr&quot;,&quot;category&quot;:&quot;mon compte&quot;,&quot;from&quot;:&quot;article footer&quot;,&quot;name&quot;:&quot;Mon actu&quot;,&quot;type&quot;:&quot;cta&quot;}}\" target=\"_blank\">Mon Actu<\/a>.<\/p>\n","protected":false},"excerpt":{"rendered":"Par Ugo Maillard Publi\u00e9 le 12 oct. 2025 \u00e0 17h06 C\u2019est d\u00e9sormais officiel. Une liste sera men\u00e9e par&hellip;\n","protected":false},"author":2,"featured_media":457708,"comment_status":"","ping_status":"","sticky":false,"template":"","format":"standard","meta":{"footnotes":""},"categories":[2819],"tags":[1111,11,4188,1777,674,1011,27,1023,3434,12,2401,316,882,25],"class_list":{"0":"post-457707","1":"post","2":"type-post","3":"status-publish","4":"format-standard","5":"has-post-thumbnail","7":"category-nice","8":"tag-actu","9":"tag-actualites","10":"tag-elections-municipales","11":"tag-eu","12":"tag-europe","13":"tag-fr","14":"tag-france","15":"tag-la-france-insoumise-lfi","16":"tag-municipales-2026","17":"tag-news","18":"tag-nice","19":"tag-politique","20":"tag-provence-alpes-cote-dazur","21":"tag-republique-francaise"},"share_on_mastodon":{"url":"https:\/\/pubeurope.com\/@fr\/115361899221828720","error":""},"_links":{"self":[{"href":"https:\/\/www.europesays.com\/fr\/wp-json\/wp\/v2\/posts\/457707","targetHints":{"allow":["GET"]}}],"collection":[{"href":"https:\/\/www.europesays.com\/fr\/wp-json\/wp\/v2\/posts"}],"about":[{"href":"https:\/\/www.europesays.com\/fr\/wp-json\/wp\/v2\/types\/post"}],"author":[{"embeddable":true,"href":"https:\/\/www.europesays.com\/fr\/wp-json\/wp\/v2\/users\/2"}],"replies":[{"embeddable":true,"href":"https:\/\/www.europesays.com\/fr\/wp-json\/wp\/v2\/comments?post=457707"}],"version-history":[{"count":0,"href":"https:\/\/www.europesays.com\/fr\/wp-json\/wp\/v2\/posts\/457707\/revisions"}],"wp:featuredmedia":[{"embeddable":true,"href":"https:\/\/www.europesays.com\/fr\/wp-json\/wp\/v2\/media\/457708"}],"wp:attachment":[{"href":"https:\/\/www.europesays.com\/fr\/wp-json\/wp\/v2\/media?parent=457707"}],"wp:term":[{"taxonomy":"category","embeddable":true,"href":"https:\/\/www.europesays.com\/fr\/wp-json\/wp\/v2\/categories?post=457707"},{"taxonomy":"post_tag","embeddable":true,"href":"https:\/\/www.europesays.com\/fr\/wp-json\/wp\/v2\/tags?post=457707"}],"curies":[{"name":"wp","href":"https:\/\/api.w.org\/{rel}","templated":true}]}}