{"id":457718,"date":"2025-10-12T15:33:34","date_gmt":"2025-10-12T15:33:34","guid":{"rendered":"https:\/\/www.europesays.com\/fr\/457718\/"},"modified":"2025-10-12T15:33:34","modified_gmt":"2025-10-12T15:33:34","slug":"il-saisit-la-justice-pour-obtenir-un-double-sens-cyclable-dans-une-rue-de-lille","status":"publish","type":"post","link":"https:\/\/www.europesays.com\/fr\/457718\/","title":{"rendered":"Il saisit la justice pour obtenir un double sens cyclable dans une rue de Lille"},"content":{"rendered":"<p>Un homme a assign\u00e9 la Ville de Lille en justice afin d\u2019obtenir un double sens cyclable dans la rue de la Barre, dans le quartier du Vieux-Lille, rapporte <a href=\"https:\/\/www.lavoixdunord.fr\/1633747\/article\/2025-10-09\/il-assigne-la-ville-de-lille-au-tribunal-pour-obtenir-un-contresens-cyclable-rue\" target=\"_blank\" rel=\"noopener\"> La Voix du Nord <\/a>. Dans un arr\u00eat\u00e9 datant de 2022, la municipalit\u00e9 interdit en effet aux v\u00e9los de rouler \u00e0 contresens des voitures dans cette art\u00e8re d\u2019une longueur d\u2019environ 350\u00a0m\u00e8tres, jugeant la chauss\u00e9e beaucoup trop \u00e9troite.<\/p>\n<p>La loi impose-t-elle un double sens cyclable\u00a0?<\/p>\n<p>Un usager a saisi le tribunal administratif pour contester cette d\u00e9cision. Il estime qu\u2019elle va \u00e0 l\u2019encontre de\u00a0<a href=\"https:\/\/www.legifrance.gouv.fr\/codes\/article_lc\/LEGIARTI000045025523\" target=\"_blank\" rel=\"noopener\">l\u2019article R412-28-1\u00a0du Code de la route<\/a>. <strong>\u00ab\u00a0Lorsque la vitesse maximale autoris\u00e9e est inf\u00e9rieure ou \u00e9gale \u00e0 30\u00a0km\/h, les chauss\u00e9es sont \u00e0 double sens pour les conducteurs d\u2019engins de d\u00e9placement personnel motoris\u00e9s, de cyclomobiles l\u00e9gers et les cyclistes sauf d\u00e9cision contraire de l\u2019autorit\u00e9 investie du pouvoir de police\u00a0\u00bb,<\/strong> indique ce texte de loi.\u00a0<\/p>\n<p>Le Lillois\u00a0r\u00e9clame un double sens cyclable quitte \u00e0\u00a0supprimer une bande de stationnement. Le\u00a0rapporteur public a propos\u00e9 de rejeter sa demande, soulignant lui aussi l\u2019\u00e9troitesse de la rue. Le tribunal doit rendre sa d\u00e9cision dans trois semaines.\u00a0<\/p>\n<p>Pour en savoir plus, lire l\u2019article de\u00a0<a href=\"https:\/\/www.lavoixdunord.fr\/1633747\/article\/2025-10-09\/il-assigne-la-ville-de-lille-au-tribunal-pour-obtenir-un-contresens-cyclable-rue\" target=\"_blank\" rel=\"noopener\"> La Voix du Nord <\/a>.<\/p>\n<p>\u00a0<\/p>\n","protected":false},"excerpt":{"rendered":"Un homme a assign\u00e9 la Ville de Lille en justice afin d\u2019obtenir un double sens cyclable dans la&hellip;\n","protected":false},"author":2,"featured_media":457719,"comment_status":"","ping_status":"","sticky":false,"template":"","format":"standard","meta":{"footnotes":""},"categories":[2815],"tags":[1111,11,13340,3391,1777,674,1011,27,811,303,1307,12,6280,25,3640,53926,4071],"class_list":{"0":"post-457718","1":"post","2":"type-post","3":"status-publish","4":"format-standard","5":"has-post-thumbnail","7":"category-lille","8":"tag-actu","9":"tag-actualites","10":"tag-cyclable","11":"tag-double","12":"tag-eu","13":"tag-europe","14":"tag-fr","15":"tag-france","16":"tag-hauts-de-france","17":"tag-justice","18":"tag-lille","19":"tag-news","20":"tag-obtenir","21":"tag-republique-francaise","22":"tag-rue","23":"tag-saisit","24":"tag-sens"},"share_on_mastodon":{"url":"https:\/\/pubeurope.com\/@fr\/115361926625427492","error":""},"_links":{"self":[{"href":"https:\/\/www.europesays.com\/fr\/wp-json\/wp\/v2\/posts\/457718","targetHints":{"allow":["GET"]}}],"collection":[{"href":"https:\/\/www.europesays.com\/fr\/wp-json\/wp\/v2\/posts"}],"about":[{"href":"https:\/\/www.europesays.com\/fr\/wp-json\/wp\/v2\/types\/post"}],"author":[{"embeddable":true,"href":"https:\/\/www.europesays.com\/fr\/wp-json\/wp\/v2\/users\/2"}],"replies":[{"embeddable":true,"href":"https:\/\/www.europesays.com\/fr\/wp-json\/wp\/v2\/comments?post=457718"}],"version-history":[{"count":0,"href":"https:\/\/www.europesays.com\/fr\/wp-json\/wp\/v2\/posts\/457718\/revisions"}],"wp:featuredmedia":[{"embeddable":true,"href":"https:\/\/www.europesays.com\/fr\/wp-json\/wp\/v2\/media\/457719"}],"wp:attachment":[{"href":"https:\/\/www.europesays.com\/fr\/wp-json\/wp\/v2\/media?parent=457718"}],"wp:term":[{"taxonomy":"category","embeddable":true,"href":"https:\/\/www.europesays.com\/fr\/wp-json\/wp\/v2\/categories?post=457718"},{"taxonomy":"post_tag","embeddable":true,"href":"https:\/\/www.europesays.com\/fr\/wp-json\/wp\/v2\/tags?post=457718"}],"curies":[{"name":"wp","href":"https:\/\/api.w.org\/{rel}","templated":true}]}}