{"id":457720,"date":"2025-10-12T15:34:25","date_gmt":"2025-10-12T15:34:25","guid":{"rendered":"https:\/\/www.europesays.com\/fr\/457720\/"},"modified":"2025-10-12T15:34:25","modified_gmt":"2025-10-12T15:34:25","slug":"le-niveau-cest-vraiment-autre-chose-nathan-ngoy-elogieux-avec-la-ligue-1","status":"publish","type":"post","link":"https:\/\/www.europesays.com\/fr\/457720\/","title":{"rendered":"\u00ab\u00a0Le niveau, c&rsquo;est vraiment autre chose\u00a0\u00bb, Nathan Ngoy \u00e9logieux avec la Ligue 1"},"content":{"rendered":"<p>Parmi les nouveaux visages du LOSC, Nathan Ngoy fait partie de ceux qui ont donn\u00e9 le sentiment de s\u2019acclimater assez vite \u00e0 la Ligue 1. Pour autant, le d\u00e9fenseur belge avoue que tout n\u2019a pas \u00e9t\u00e9 facile \u00e0 son arriv\u00e9e. <\/p>\n<p>Nathan Ngoy impressionn\u00e9 par Alexsandro<\/p>\n<p>S\u2019il n\u2019a pas encore jou\u00e9 en Europa League, <strong>Nathan Ngoy<\/strong> a pris part aux sept matches de Ligue 1 du LOSC dans leur int\u00e9gralit\u00e9. Et plus qu\u2019un saut dans l\u2019inconnu, cela s\u2019est apparent\u00e9 \u00e0 la d\u00e9couverte d\u2019un nouveau monde. \u00ab\u00a0Le championnat belge, il ne faut pas le sous-estimer. C\u2019est loin d\u2019\u00eatre nul mais la Ligue 1, c\u2019est fort.\u00a0Il y a beaucoup de bons joueurs, m\u00eame dans les petites \u00e9quipes.\u00a0Il y a plus de jeu, plus de qualit\u00e9s techniques, a-t-il confi\u00e9 lors d\u2019un entretien accord\u00e9 \u00e0 la cha\u00eene Twitch\u00a019LSB . M\u00e9diatiquement, tu es plus sollicit\u00e9. Forc\u00e9ment, tu es dans un grand club, dans l\u2019un des cinq grands championnats. \u00bb<\/p>\n<p><strong>A lire aussi<\/strong> &gt;&gt; <a href=\"https:\/\/le11hdf.fr\/losc-rudi-garcia-suit-nathan-ngoy\/\" rel=\"nofollow noopener\" target=\"_blank\">LOSC : Rudi Garcia \u00ab\u00a0suit\u00a0\u00bb Nathan Ngoy, pr\u00e9-convoqu\u00e9 pour le rassemblement d\u2019octobre<\/a><\/p>\n<p>D\u2019une honn\u00eatet\u00e9 assez rare, Nathan Ngoy est \u00e9galement revenu sur son tout premier entra\u00eenement avec le LOSC. \u00ab\u00a0Je perds tous mes ballons. J\u2019avais mal dormi, j\u2019\u00e9tais un peu malade, en sourit-il. Tout va tr\u00e8s vite en phase de possession, mais vraiment vite. Donc j\u2019essaie de faire simple. Et l\u00e0, je vois Alexsandro. Il commence \u00e0 faire des virgules invers\u00e9es encha\u00een\u00e9es avec des passes de l\u2019ext\u00e9rieur du pied.\u00a0Je me suis demand\u00e9 o\u00f9 j\u2019avais atterri. franchement, le niveau, c\u2019est vraiment autre chose. \u00bb<\/p>\n<p>Cr\u00e9dits photo : Philippe Lecoeur\/FEP\/<a href=\"http:\/\/iconsport.photo\" target=\"_blank\" rel=\"noopener nofollow\">Icon Sport<\/a><\/p>\n","protected":false},"excerpt":{"rendered":"Parmi les nouveaux visages du LOSC, Nathan Ngoy fait partie de ceux qui ont donn\u00e9 le sentiment de&hellip;\n","protected":false},"author":2,"featured_media":457721,"comment_status":"","ping_status":"","sticky":false,"template":"","format":"standard","meta":{"footnotes":""},"categories":[2815],"tags":[1111,11,1777,674,1011,27,811,1307,12,25],"class_list":{"0":"post-457720","1":"post","2":"type-post","3":"status-publish","4":"format-standard","5":"has-post-thumbnail","7":"category-lille","8":"tag-actu","9":"tag-actualites","10":"tag-eu","11":"tag-europe","12":"tag-fr","13":"tag-france","14":"tag-hauts-de-france","15":"tag-lille","16":"tag-news","17":"tag-republique-francaise"},"share_on_mastodon":{"url":"https:\/\/pubeurope.com\/@fr\/115361930544550719","error":""},"_links":{"self":[{"href":"https:\/\/www.europesays.com\/fr\/wp-json\/wp\/v2\/posts\/457720","targetHints":{"allow":["GET"]}}],"collection":[{"href":"https:\/\/www.europesays.com\/fr\/wp-json\/wp\/v2\/posts"}],"about":[{"href":"https:\/\/www.europesays.com\/fr\/wp-json\/wp\/v2\/types\/post"}],"author":[{"embeddable":true,"href":"https:\/\/www.europesays.com\/fr\/wp-json\/wp\/v2\/users\/2"}],"replies":[{"embeddable":true,"href":"https:\/\/www.europesays.com\/fr\/wp-json\/wp\/v2\/comments?post=457720"}],"version-history":[{"count":0,"href":"https:\/\/www.europesays.com\/fr\/wp-json\/wp\/v2\/posts\/457720\/revisions"}],"wp:featuredmedia":[{"embeddable":true,"href":"https:\/\/www.europesays.com\/fr\/wp-json\/wp\/v2\/media\/457721"}],"wp:attachment":[{"href":"https:\/\/www.europesays.com\/fr\/wp-json\/wp\/v2\/media?parent=457720"}],"wp:term":[{"taxonomy":"category","embeddable":true,"href":"https:\/\/www.europesays.com\/fr\/wp-json\/wp\/v2\/categories?post=457720"},{"taxonomy":"post_tag","embeddable":true,"href":"https:\/\/www.europesays.com\/fr\/wp-json\/wp\/v2\/tags?post=457720"}],"curies":[{"name":"wp","href":"https:\/\/api.w.org\/{rel}","templated":true}]}}