{"id":457726,"date":"2025-10-12T15:37:12","date_gmt":"2025-10-12T15:37:12","guid":{"rendered":"https:\/\/www.europesays.com\/fr\/457726\/"},"modified":"2025-10-12T15:37:12","modified_gmt":"2025-10-12T15:37:12","slug":"chambery-comprendre-les-perspectives-du-lyon","status":"publish","type":"post","link":"https:\/\/www.europesays.com\/fr\/457726\/","title":{"rendered":"Chamb\u00e9ry. Comprendre les perspectives du Lyon"},"content":{"rendered":"<p>Josiane Beaud rappellera, lors d\u2019une conf\u00e9rence, l\u2019origine du projet Lyon &#8211; Turin, ses enjeux europ\u00e9ens, fran\u00e7ais et rh\u00f4nalpins, son avancement comme projet prioritaire et son montant.\u2028La conf\u00e9renci\u00e8re est pr\u00e9sidente de la Commission intergouvernementale pour la r\u00e9alisation du Lyon &#8211; Turin, charg\u00e9e de pr\u00e9parer la r\u00e9alisation des\u00a0acc\u00e8s\u00a0\u00e0 la section franco-italienne.<\/p>\n<p class=\"note\">Conf\u00e9rence. Mardi 14\u00a0octobre, \u00e0 19\u00a0h\u00a030, \u00e0 la Ferme de Bressieux, \u00e0 Bassens. Tarif\u00a0: 2\u00a0\u20ac. T\u00e9l.\u00a006\u00a072\u00a015\u00a015\u00a007. www.fermedebressieux.com<\/p>\n","protected":false},"excerpt":{"rendered":"Josiane Beaud rappellera, lors d\u2019une conf\u00e9rence, l\u2019origine du projet Lyon &#8211; Turin, ses enjeux europ\u00e9ens, fran\u00e7ais et rh\u00f4nalpins,&hellip;\n","protected":false},"author":2,"featured_media":457727,"comment_status":"","ping_status":"","sticky":false,"template":"","format":"standard","meta":{"footnotes":""},"categories":[1889],"tags":[1111,11,2430,5509,12844,1687,7001,1777,674,1011,27,2428,12,25,3140],"class_list":{"0":"post-457726","1":"post","2":"type-post","3":"status-publish","4":"format-standard","5":"has-post-thumbnail","7":"category-lyon","8":"tag-actu","9":"tag-actualites","10":"tag-auvergne-rhone-alpes","11":"tag-chambery","12":"tag-chambery-bassin","13":"tag-culture-loisirs","14":"tag-edition-chambery-aix-les-bains","15":"tag-eu","16":"tag-europe","17":"tag-fr","18":"tag-france","19":"tag-lyon","20":"tag-news","21":"tag-republique-francaise","22":"tag-spectacle"},"share_on_mastodon":{"url":"https:\/\/pubeurope.com\/@fr\/115361942314176193","error":""},"_links":{"self":[{"href":"https:\/\/www.europesays.com\/fr\/wp-json\/wp\/v2\/posts\/457726","targetHints":{"allow":["GET"]}}],"collection":[{"href":"https:\/\/www.europesays.com\/fr\/wp-json\/wp\/v2\/posts"}],"about":[{"href":"https:\/\/www.europesays.com\/fr\/wp-json\/wp\/v2\/types\/post"}],"author":[{"embeddable":true,"href":"https:\/\/www.europesays.com\/fr\/wp-json\/wp\/v2\/users\/2"}],"replies":[{"embeddable":true,"href":"https:\/\/www.europesays.com\/fr\/wp-json\/wp\/v2\/comments?post=457726"}],"version-history":[{"count":0,"href":"https:\/\/www.europesays.com\/fr\/wp-json\/wp\/v2\/posts\/457726\/revisions"}],"wp:featuredmedia":[{"embeddable":true,"href":"https:\/\/www.europesays.com\/fr\/wp-json\/wp\/v2\/media\/457727"}],"wp:attachment":[{"href":"https:\/\/www.europesays.com\/fr\/wp-json\/wp\/v2\/media?parent=457726"}],"wp:term":[{"taxonomy":"category","embeddable":true,"href":"https:\/\/www.europesays.com\/fr\/wp-json\/wp\/v2\/categories?post=457726"},{"taxonomy":"post_tag","embeddable":true,"href":"https:\/\/www.europesays.com\/fr\/wp-json\/wp\/v2\/tags?post=457726"}],"curies":[{"name":"wp","href":"https:\/\/api.w.org\/{rel}","templated":true}]}}